{"id":1067,"date":"2019-10-25T22:46:31","date_gmt":"2019-10-25T22:46:31","guid":{"rendered":"http:\/\/mafran.es\/?p=1067"},"modified":"2019-10-29T20:27:53","modified_gmt":"2019-10-29T20:27:53","slug":"que-es-la-logistica","status":"publish","type":"post","link":"https:\/\/mafran.es\/en\/que-es-la-logistica\/","title":{"rendered":"\u00bfQu\u00e9 es la log\u00edstica?"},"content":{"rendered":"<p style=\"text-align: justify;\">Empiezo un nuevo blog. Este m\u00e1s profesional. Basado en mis \u00faltimos 12 a\u00f1os de trabajo, en mi experiencia personal y en los estudios que he llevado a cabo desde que me embarqu\u00e9 en este extra\u00f1o sector, he decidido escribir sobre log\u00edstica. En todo este tiempo he llegado a amarla, y sobre todo, a encontrarle su l\u00f3gica. De ah\u00ed el nombre del blog.<\/p>\n<p style=\"text-align: justify;\">Y hoy, para empezar, la pregunta del mill\u00f3n: \u00bfqu\u00e9 es la log\u00edstica?<\/p>\n<p style=\"text-align: justify;\">La log\u00edstica, como todo, tiene una definici\u00f3n seg\u00fan el DRAE: \u00abConjunto de medios y m\u00e9todos necesarios para llevar a cabo la organizaci\u00f3n de una empresa o de un servicio, especialmente de distribuci\u00f3n.\u00bb. Pero esta definici\u00f3n se queda corta, cort\u00edsima.<\/p>\n<p style=\"text-align: justify;\">Hay otra definici\u00f3n por ah\u00ed, que quiz\u00e1s me guste algo m\u00e1s. Seg\u00fan esta otra definici\u00f3n, la log\u00edstica es la \u201cPlanificaci\u00f3n, organizaci\u00f3n y control del conjunto de actividades de transporte y almacenamiento que facilitan el movimiento de materiales y productos desde la fuente al consumo, para satisfacer la demanda al menor coste, incluida los flujos de informaci\u00f3n y control\u201d.<\/p>\n<p style=\"text-align: justify;\">Pero no, tambi\u00e9n se queda muy corta. Porque la log\u00edstica no es eso. Yo dir\u00eda que tiene que ver con eso, pero no ES eso. Para entender qu\u00e9 es la log\u00edstica, me gusta recurrir a una analog\u00eda que ser\u00e1 bastante habitual durante todo el blog y que todos tenemos en nuestros bolsillos. Respondamos a otra pregunta: \u00bfQu\u00e9 es la telefon\u00eda? Podr\u00edamos decir que son los medios necesario para transportar la voz desde un punto hasta otro y que se permita una comunicaci\u00f3n. Pero esa definici\u00f3n es incompleta: necesita algo m\u00e1s. Necesita funcionar, ser \u00fatil. Todo el mundo que tiene un tel\u00e9fono en el bolsillo lo tiene claro. Ante la pregunta de qu\u00e9 es la telefon\u00eda, se responde: \u00abUn Servicio\u00bb<\/p>\n<p style=\"text-align: justify;\">Pues s\u00ed, la log\u00edstica es un <strong>servicio<\/strong> que debe adaptarse a lo que pide el cliente. Es un servicio que tiene un objetivo: cubrir las necesidades de traslado de mercanc\u00edas. Pero ojo, este traslado de mercanc\u00edas puede encontrarse en cualquier parte del ciclo productivo: transporte de materias primas, transporte interno dentro del proceso de fabricaci\u00f3n y transporte del producto terminado.<\/p>\n<p style=\"text-align: justify;\">Son tres transportes diferentes, cada uno con sus obligaciones (que poco a poco se ir\u00e1n desgranando en este blog) y con sus caracter\u00edsticas. No es lo mismo ni pueden tratarse igual. Ni son los mismos los medios de transporte ni las necesidades de entrega ni los vol\u00famenes. Pero son transporte, los tres.<\/p>\n<p style=\"text-align: justify;\">Tambi\u00e9n incluye la log\u00edstica un cuarto punto: la necesidad de regular los flujos y para ello se necesita almacenamiento, los famosos almacenes log\u00edsticos que tan de moda se han puesto en los \u00faltimos tiempos. Pero estos almacenes no generan log\u00edstica, s\u00f3lo la regulan y s\u00f3lo si el transporte pasa por ah\u00ed.<\/p>\n<p style=\"text-align: justify;\">Incluso incluye la log\u00edstica un quinto factor, y de alta importancia: la vuelta al punto de partida. La log\u00edstica del vac\u00edo. Este transporte es clave en el servicio: en torno al 30% de lo que se transporta es vac\u00edo. S\u00ed, vac\u00edo: barcos vac\u00edos, contenedores vac\u00edos, bateas vac\u00edas, porque la log\u00edstica no es infinita: tiene un punto de partida y un punto de llegada y el veh\u00edculo debe volver atr\u00e1s para iniciar de nuevo el c\u00edrculo.<\/p>\n<p style=\"text-align: justify;\">Afortunadamente, el mercado te permite especializarte en determinadas partes, formando un concepto que cada vez est\u00e1 m\u00e1s de moda: la cadena log\u00edstica. Empresas que se van pasando el testigo en un transporte de la mercanc\u00eda desde el origen de la misma hasta su destino y reutilizaci\u00f3n del veh\u00edculo. Empresas que se encargan de la carretera, del transporte mar\u00edtimo, del ferroviario, del almacenaje, de la seguridad, de las inspecciones, y dem\u00e1s, se sincronizan hasta que se consigue el objetivo. Incluso hay empresas que se encargan de coordinar todo este entramado, enormemente complicado, para descargar al verdadero interesado: el comprador de la mercanc\u00eda. El propietario de la carga.<\/p>\n<p style=\"text-align: justify;\">Volviendo a la analog\u00eda de la telefon\u00eda, uno encarga a empresas de servicio que lleven mi voz de un sitio a otro. Y ah\u00ed habr\u00e1 fabricantes del tel\u00e9fono, creadores de la l\u00ednea telef\u00f3nica, de los routers y equipos intermedios, de la fibra \u00f3ptica, de los radioenlace, etc, hasta que, por fin, la voz llega a su destino. S\u00f3lo que en log\u00edstica hay un punto que la hace m\u00e1s compleja: hay que devolver el \u00abenvase\u00bb.<\/p>\n<p style=\"text-align: justify;\">En los pr\u00f3ximos d\u00edas desgranar\u00e9 m\u00e1s puntos sobre la log\u00edstica. Algo crucial en nuestras vidas hoy en d\u00eda. Espero que guste.<\/p>\n<p>&nbsp;<\/p>","protected":false},"excerpt":{"rendered":"<p>Empiezo un nuevo blog. Este m\u00e1s profesional. Basado en mis \u00faltimos 12 a\u00f1os de trabajo, en mi experiencia personal y en los estudios que he llevado a cabo desde que me embarqu\u00e9 en este extra\u00f1o sector, he decidido escribir sobre log\u00edstica. En todo este tiempo he llegado a amarla, y sobre todo, a encontrarle su l\u00f3gica. De ah\u00ed el nombre del blog. Y hoy, para empezar, la pregunta del mill\u00f3n: \u00bfqu\u00e9 es la log\u00edstica? La log\u00edstica, como todo, tiene una definici\u00f3n seg\u00fan el DRAE: \u00abConjunto de medios y m\u00e9todos necesarios&hellip;<\/p>","protected":false},"author":1,"featured_media":1075,"comment_status":"open","ping_status":"open","sticky":false,"template":"","format":"standard","meta":{"footnotes":""},"categories":[25],"tags":[],"class_list":["post-1067","post","type-post","status-publish","format-standard","has-post-thumbnail","hentry","category-logica-logistica"],"gutentor_comment":1,"rttpg_featured_image_url":{"full":["https:\/\/mafran.es\/wp-content\/uploads\/2019\/10\/QueEsLaLogistica.png",480,270,false],"landscape":["https:\/\/mafran.es\/wp-content\/uploads\/2019\/10\/QueEsLaLogistica.png",480,270,false],"portraits":["https:\/\/mafran.es\/wp-content\/uploads\/2019\/10\/QueEsLaLogistica.png",480,270,false],"thumbnail":["https:\/\/mafran.es\/wp-content\/uploads\/2019\/10\/QueEsLaLogistica.png",480,270,false],"medium":["https:\/\/mafran.es\/wp-content\/uploads\/2019\/10\/QueEsLaLogistica.png",480,270,false],"large":["https:\/\/mafran.es\/wp-content\/uploads\/2019\/10\/QueEsLaLogistica.png",480,270,false],"folio":["https:\/\/mafran.es\/wp-content\/uploads\/2019\/10\/QueEsLaLogistica.png",480,270,false],"1536x1536":["https:\/\/mafran.es\/wp-content\/uploads\/2019\/10\/QueEsLaLogistica.png",480,270,false],"2048x2048":["https:\/\/mafran.es\/wp-content\/uploads\/2019\/10\/QueEsLaLogistica.png",480,270,false],"trp-custom-language-flag":["https:\/\/mafran.es\/wp-content\/uploads\/2019\/10\/QueEsLaLogistica.png",18,10,false],"post-thumbnail":["https:\/\/mafran.es\/wp-content\/uploads\/2019\/10\/QueEsLaLogistica-240x172.png",240,172,true],"sow-carousel-default":["https:\/\/mafran.es\/wp-content\/uploads\/2019\/10\/QueEsLaLogistica-272x182.png",272,182,true]},"rttpg_author":{"display_name":"mafran","author_link":"https:\/\/mafran.es\/en\/author\/mafran\/"},"rttpg_comment":1,"rttpg_category":"<a href=\"https:\/\/mafran.es\/en\/category\/logica-logistica\/\" rel=\"category tag\">L\u00f3gica Log\u00edstica<\/a>","rttpg_excerpt":"Empiezo un nuevo blog. Este m\u00e1s profesional. Basado en mis \u00faltimos 12 a\u00f1os de trabajo, en mi experiencia personal y en los estudios que he llevado a cabo desde que me embarqu\u00e9 en este extra\u00f1o sector, he decidido escribir sobre log\u00edstica. En todo este tiempo he llegado a amarla, y sobre todo, a encontrarle su&hellip;","_links":{"self":[{"href":"https:\/\/mafran.es\/en\/wp-json\/wp\/v2\/posts\/1067","targetHints":{"allow":["GET"]}}],"collection":[{"href":"https:\/\/mafran.es\/en\/wp-json\/wp\/v2\/posts"}],"about":[{"href":"https:\/\/mafran.es\/en\/wp-json\/wp\/v2\/types\/post"}],"author":[{"embeddable":true,"href":"https:\/\/mafran.es\/en\/wp-json\/wp\/v2\/users\/1"}],"replies":[{"embeddable":true,"href":"https:\/\/mafran.es\/en\/wp-json\/wp\/v2\/comments?post=1067"}],"version-history":[{"count":2,"href":"https:\/\/mafran.es\/en\/wp-json\/wp\/v2\/posts\/1067\/revisions"}],"predecessor-version":[{"id":1070,"href":"https:\/\/mafran.es\/en\/wp-json\/wp\/v2\/posts\/1067\/revisions\/1070"}],"wp:featuredmedia":[{"embeddable":true,"href":"https:\/\/mafran.es\/en\/wp-json\/wp\/v2\/media\/1075"}],"wp:attachment":[{"href":"https:\/\/mafran.es\/en\/wp-json\/wp\/v2\/media?parent=1067"}],"wp:term":[{"taxonomy":"category","embeddable":true,"href":"https:\/\/mafran.es\/en\/wp-json\/wp\/v2\/categories?post=1067"},{"taxonomy":"post_tag","embeddable":true,"href":"https:\/\/mafran.es\/en\/wp-json\/wp\/v2\/tags?post=1067"}],"curies":[{"name":"wp","href":"https:\/\/api.w.org\/{rel}","templated":true}]}}