{"id":1221,"date":"2021-09-30T10:49:59","date_gmt":"2021-09-30T10:49:59","guid":{"rendered":"https:\/\/mafran.es\/?p=1221"},"modified":"2021-10-09T11:23:10","modified_gmt":"2021-10-09T11:23:10","slug":"olor-a-sal","status":"publish","type":"post","link":"https:\/\/mafran.es\/en\/olor-a-sal\/","title":{"rendered":"Olor a Sal"},"content":{"rendered":"<p>Relato presentado al II Concurso de Microrrelatos \u00abDon Quijote y los molinos de viento de la Bah\u00eda\u00bb. Premiado con el Tercer Premio.<\/p>\n\n\n\n<p><\/p>\n\n\n\n<p>Quiso el destino que Don Quijote le hablara a su amada Dulcinea de una maravillosa tierra, de buenas gentes y prometedor futuro, pero que necesitaba de un caballero para hacerlo realidad.<br>Le habl\u00f3 de su sol brillante, de sus aguas transparentes, de su abrigada bah\u00eda, de su viento, siempre cambiante entre levante y poniente o de las incre\u00edbles vistas de las costas africanas que se consiguen desde cualquiera de sus elevaciones.<br>Accedi\u00f3 Dulcinea a acompa\u00f1arlo y enseguida qued\u00f3 enamorada de las maravillas que ya Don Quijote le hab\u00eda adelantado.En esa tierra, su amor se consolid\u00f3 y, por fin, en la cala llamada Getares se besaron apasionadamente por primera vez.<br>Por tiempo, se asentaron en la comarca viviendo las peripecias que todos imagin\u00e1is y haciendo de ella un lugar mejor.<br>Sin embargo, Don Quijote es hidalgo inquieto y una vez hubo conseguido sus metas, quiso volver a su tierra,necesitada de ayudaporque se estaba vaciando.As\u00ed, marcharon en el nefasto tren que las un\u00eda para iniciar nuevas andanzas.<br>Pero el olor a sal siempre les recordar\u00eda ese primer beso.<\/p>","protected":false},"excerpt":{"rendered":"<p>Relato presentado al II Concurso de Microrrelatos \u00abDon Quijote y los molinos de viento de la Bah\u00eda\u00bb. Premiado con el Tercer Premio. Quiso el destino que Don Quijote le hablara a su amada Dulcinea de una maravillosa tierra, de buenas gentes y prometedor futuro, pero que necesitaba de un caballero para hacerlo realidad.Le habl\u00f3 de su sol brillante, de sus aguas transparentes, de su abrigada bah\u00eda, de su viento, siempre cambiante entre levante y poniente o de las incre\u00edbles vistas de las costas africanas que se consiguen desde cualquiera de&hellip;<\/p>","protected":false},"author":1,"featured_media":1222,"comment_status":"open","ping_status":"open","sticky":false,"template":"","format":"standard","meta":{"footnotes":""},"categories":[29],"tags":[],"class_list":["post-1221","post","type-post","status-publish","format-standard","has-post-thumbnail","hentry","category-relato"],"gutentor_comment":0,"rttpg_featured_image_url":{"full":["https:\/\/mafran.es\/wp-content\/uploads\/2021\/10\/ocean-g92f90dd27_1920.jpg",1920,1280,false],"landscape":["https:\/\/mafran.es\/wp-content\/uploads\/2021\/10\/ocean-g92f90dd27_1920.jpg",1920,1280,false],"portraits":["https:\/\/mafran.es\/wp-content\/uploads\/2021\/10\/ocean-g92f90dd27_1920.jpg",1920,1280,false],"thumbnail":["https:\/\/mafran.es\/wp-content\/uploads\/2021\/10\/ocean-g92f90dd27_1920-500x280.jpg",500,280,true],"medium":["https:\/\/mafran.es\/wp-content\/uploads\/2021\/10\/ocean-g92f90dd27_1920-548x365.jpg",548,365,true],"large":["https:\/\/mafran.es\/wp-content\/uploads\/2021\/10\/ocean-g92f90dd27_1920-840x560.jpg",640,427,true],"folio":["https:\/\/mafran.es\/wp-content\/uploads\/2021\/10\/ocean-g92f90dd27_1920-600x400.jpg",600,400,true],"1536x1536":["https:\/\/mafran.es\/wp-content\/uploads\/2021\/10\/ocean-g92f90dd27_1920-1536x1024.jpg",1536,1024,true],"2048x2048":["https:\/\/mafran.es\/wp-content\/uploads\/2021\/10\/ocean-g92f90dd27_1920.jpg",1920,1280,false],"trp-custom-language-flag":["https:\/\/mafran.es\/wp-content\/uploads\/2021\/10\/ocean-g92f90dd27_1920.jpg",18,12,false],"post-thumbnail":["https:\/\/mafran.es\/wp-content\/uploads\/2021\/10\/ocean-g92f90dd27_1920-240x172.jpg",240,172,true],"sow-carousel-default":["https:\/\/mafran.es\/wp-content\/uploads\/2021\/10\/ocean-g92f90dd27_1920-272x182.jpg",272,182,true]},"rttpg_author":{"display_name":"mafran","author_link":"https:\/\/mafran.es\/en\/author\/mafran\/"},"rttpg_comment":0,"rttpg_category":"<a href=\"https:\/\/mafran.es\/en\/category\/relato\/\" rel=\"category tag\">Relato<\/a>","rttpg_excerpt":"Relato presentado al II Concurso de Microrrelatos \u00abDon Quijote y los molinos de viento de la Bah\u00eda\u00bb. Premiado con el Tercer Premio. Quiso el destino que Don Quijote le hablara a su amada Dulcinea de una maravillosa tierra, de buenas gentes y prometedor futuro, pero que necesitaba de un caballero para hacerlo realidad.Le habl\u00f3 de&hellip;","_links":{"self":[{"href":"https:\/\/mafran.es\/en\/wp-json\/wp\/v2\/posts\/1221","targetHints":{"allow":["GET"]}}],"collection":[{"href":"https:\/\/mafran.es\/en\/wp-json\/wp\/v2\/posts"}],"about":[{"href":"https:\/\/mafran.es\/en\/wp-json\/wp\/v2\/types\/post"}],"author":[{"embeddable":true,"href":"https:\/\/mafran.es\/en\/wp-json\/wp\/v2\/users\/1"}],"replies":[{"embeddable":true,"href":"https:\/\/mafran.es\/en\/wp-json\/wp\/v2\/comments?post=1221"}],"version-history":[{"count":4,"href":"https:\/\/mafran.es\/en\/wp-json\/wp\/v2\/posts\/1221\/revisions"}],"predecessor-version":[{"id":1234,"href":"https:\/\/mafran.es\/en\/wp-json\/wp\/v2\/posts\/1221\/revisions\/1234"}],"wp:featuredmedia":[{"embeddable":true,"href":"https:\/\/mafran.es\/en\/wp-json\/wp\/v2\/media\/1222"}],"wp:attachment":[{"href":"https:\/\/mafran.es\/en\/wp-json\/wp\/v2\/media?parent=1221"}],"wp:term":[{"taxonomy":"category","embeddable":true,"href":"https:\/\/mafran.es\/en\/wp-json\/wp\/v2\/categories?post=1221"},{"taxonomy":"post_tag","embeddable":true,"href":"https:\/\/mafran.es\/en\/wp-json\/wp\/v2\/tags?post=1221"}],"curies":[{"name":"wp","href":"https:\/\/api.w.org\/{rel}","templated":true}]}}