{"id":25,"date":"2013-11-12T21:19:06","date_gmt":"2013-11-12T21:19:06","guid":{"rendered":"\/?p=25"},"modified":"2019-10-20T18:41:03","modified_gmt":"2019-10-20T18:41:03","slug":"la-necesidad-del-enemigo","status":"publish","type":"post","link":"https:\/\/mafran.es\/en\/la-necesidad-del-enemigo\/","title":{"rendered":"La necesidad del enemigo"},"content":{"rendered":"<p>Espa\u00f1a ha sido un pa\u00eds en el que lo normal ha sido estar en guerra. Siempre ha sido un pa\u00eds amenazado, desde la conquista romana de Hispania, se han sucedido las invasiones, unas con \u00e9xito, otras sin \u00e9l, pero ha sido una constante en nuestra historia.<\/p>\n<p>A esto hay que a\u00f1adir una religi\u00f3n, la cat\u00f3lica, tradicionalmente gestionada desde la negatividad. El catolicismo se rige por prohibiciones y cosas que no se deben hacer y encima carga la responsabilidad de los problemas a quien los sufre por algo que se ha hecho mal o algo que se ha incumplido. El famoso \u00abcastigo de Dios\u00bb.<\/p>\n<p>Esto, ha calado en nuestro ADN y ha generado la necesidad de echar la culpa a otro. El espa\u00f1ol rara vez asume las culpas y siempre busca la causa en algo ajeno que ha generado un caldo de cultivo que ha terminado por condicionar lo que sea. Es algo muy de la moral cat\u00f3lica del carbonero. Una forma de tener la conciencia tranquila.<\/p>\n<p>Pero no s\u00f3lo eso. El espa\u00f1ol necesita tener un enemigo. Y lo que es peor, si no lo tiene, se lo crea, a\u00fan sin mirar las consecuencias que puedan traer. La lucha con el enemigo pesa m\u00e1s. No olvidemos que la invasi\u00f3n musulmana de Espa\u00f1a se produjo por una lucha entre clanes visigodos y uno de los clanes, cegado por su lucha con el otro clan, pidi\u00f3 ayuda a \u00e1rabes del norte de \u00c1frica. Cuando llegaron vieron lo f\u00e1cil que ser\u00eda para ellos quedarse y en apenas 8 a\u00f1os, estaban en Zaragoza. Eso s\u00ed, en cuanto se produjo la invasi\u00f3n, los clanes visigodos volvieron a luchar juntos. El espa\u00f1ol, s\u00ed es capaz de unirse con el que tiene las ideas m\u00e1s alejadas siempre que tengan un enemigo com\u00fan.<\/p>\n<p>La transici\u00f3n ha sido un ejemplo claro de la capacidad del espa\u00f1ol a ser diferente, a ser ingenioso y a trabajar juntos. Pero la transici\u00f3n ten\u00eda un enemigo com\u00fan: el fantasma de la dictadura. Ninguna de las fuerzas pol\u00edticas quer\u00eda seguir con un r\u00e9gimen ya desgastado y la \u00fanica forma de no perpetuar el r\u00e9gimen era ceder para alcanzar acuerdos. Y todos cedieron. Su\u00e1rez legaliz\u00f3 el Partido Comunista, algo absolutamente incre\u00edble en aquella \u00e9poca (ver la forma que el periodista de TVE lee la noticia, no sale de su asombro), pero para ello, el Partido Comunista, acept\u00f3 al Rey, algo totalmente contra de sus principios (republicanos por definici\u00f3n). Pero los dos ten\u00edan un enemigo com\u00fan: el r\u00e9gimen. Y ah\u00ed el espa\u00f1ol se crece.<\/p>\n<p>Catalu\u00f1a, Pa\u00eds Vasco, Galicia, Andaluc\u00eda, todos aceptaron unos preceptos inaceptables 60 a\u00f1os antes. Pero todos ten\u00edan claro el objetivo: poder vivir en paz.<\/p>\n<p>Desde entonces han pasado ya 40 a\u00f1os. Demasiados y el fantasma del r\u00e9gimen ha desaparecido. Las generaciones de gobernantes actuales no lo conocieron o si lo conocieron fue residualmente. Han sido criados en la transici\u00f3n y ya no tienen miedo a un enemigo inexistente. Ya viven alejados de ese enemigo com\u00fan&#8230; y ahora es necesario buscar otro enemigo.<\/p>\n<p>El espa\u00f1ol est\u00e1 acostumbrado a definirse por lo que no es, como los cat\u00f3licos, como los que vienen con miedo a la invasi\u00f3n. Y as\u00ed se define todo el mundo: el PP es lo que no es el PSOE, pero \u00bfqu\u00e9 defiende?. El PSOE es lo que no es el PP, pero \u00bfest\u00e1 a favor de bajar los impuestos o de subirlos? El Catal\u00e1n es el que no es espa\u00f1ol y el de UPyD o IU buscan ser la tercera v\u00eda. Definiciones demasiado ligeras que todas recurren al enemigo para definirse. Y eso ha terminado por generar un ambiente de indefinici\u00f3n. Simplemente no se es como otro. Y as\u00ed nos va.<\/p>\n<p>Este pa\u00eds necesita un cambio de filosof\u00eda a positivo. Dejar de ser quien no hace algo para pasar a ser quien hace algo. Me encantar\u00eda escuchar alguna vez a los pol\u00edticos que est\u00e1n de acuerdo en algo. Pero en algo realmente dif\u00edcil. Algo que implique que uno de ellos pierda votos. Eso es lo que me gustar\u00eda escuchar, un pol\u00edtico que est\u00e9 dispuesto a perder votos pero que apoye algo que crea bueno para el pa\u00eds. Hace m\u00e1s de 10 a\u00f1os que no veo nada parecido.<\/p>\n<p>Apoyar iniciativas vengan de donde vengan, creer en una l\u00ednea y no en la \u00abno l\u00ednea\u00bb del de al lado. Y no siempre saldr\u00e1n bien las cosas, seguro, pero al menos, habr\u00e1 definici\u00f3n, una l\u00ednea a seguir, un camino, acertado o no, pero sin influirse por los del alrededor.<\/p>\n<p>Esta reflexi\u00f3n puede remitirse a todos los \u00e1mbitos de la vida, reducirse a grupos, cada vez m\u00e1s peque\u00f1os. Y la reflexi\u00f3n sigue valiendo. No es raro que los empleados se unan contra un jefe, sin proponer nada que haga mejorar al jefe. No es raro ver como los del Betis se definen como \u00abantisevillistas\u00bb y los del Madrid como \u00abantibarcelonistas\u00bb.<\/p>\n<p>Espa\u00f1a necesita quitarse el yugo del enemigo y de la mala conciencia. Vivir sin ataduras, vivir de cara al futuro y defender las ideas. Pero por encima de todas las ideas, defender la idea del bien com\u00fan. Del bien com\u00fan sin necesidad de que la muerte de un caudillo nos una.<\/p>\n<p>En definitiva, vivir en positivo.<\/p>\n<p>&nbsp;<\/p>","protected":false},"excerpt":{"rendered":"<p>Espa\u00f1a ha sido un pa\u00eds en el que lo normal ha sido estar en guerra. Siempre ha sido un pa\u00eds amenazado, desde la conquista romana de Hispania, se han sucedido las invasiones, unas con \u00e9xito, otras sin \u00e9l, pero ha sido una constante en nuestra historia. A esto hay que a\u00f1adir una religi\u00f3n, la cat\u00f3lica, tradicionalmente gestionada desde la negatividad. El catolicismo se rige por prohibiciones y cosas que no se deben hacer y encima carga la responsabilidad de los problemas a quien los sufre por algo que se ha&hellip;<\/p>","protected":false},"author":1,"featured_media":130,"comment_status":"open","ping_status":"open","sticky":false,"template":"","format":"standard","meta":{"footnotes":""},"categories":[3,7],"tags":[],"class_list":["post-25","post","type-post","status-publish","format-standard","has-post-thumbnail","hentry","category-comportamiento","category-reflexiones"],"gutentor_comment":1,"rttpg_featured_image_url":{"full":["https:\/\/mafran.es\/wp-content\/uploads\/2013\/11\/Enemigo.jpg",1024,768,false],"landscape":["https:\/\/mafran.es\/wp-content\/uploads\/2013\/11\/Enemigo.jpg",1024,768,false],"portraits":["https:\/\/mafran.es\/wp-content\/uploads\/2013\/11\/Enemigo.jpg",1024,768,false],"thumbnail":["https:\/\/mafran.es\/wp-content\/uploads\/2013\/11\/Enemigo-150x150.jpg",150,150,true],"medium":["https:\/\/mafran.es\/wp-content\/uploads\/2013\/11\/Enemigo-300x225.jpg",300,225,true],"large":["https:\/\/mafran.es\/wp-content\/uploads\/2013\/11\/Enemigo-1024x768.jpg",640,480,true],"folio":["https:\/\/mafran.es\/wp-content\/uploads\/2013\/11\/Enemigo.jpg",533,400,false],"1536x1536":["https:\/\/mafran.es\/wp-content\/uploads\/2013\/11\/Enemigo.jpg",1024,768,false],"2048x2048":["https:\/\/mafran.es\/wp-content\/uploads\/2013\/11\/Enemigo.jpg",1024,768,false],"trp-custom-language-flag":["https:\/\/mafran.es\/wp-content\/uploads\/2013\/11\/Enemigo.jpg",16,12,false],"post-thumbnail":["https:\/\/mafran.es\/wp-content\/uploads\/2013\/11\/Enemigo-296x210.jpg",240,170,true],"sow-carousel-default":["https:\/\/mafran.es\/wp-content\/uploads\/2013\/11\/Enemigo-272x182.jpg",272,182,true]},"rttpg_author":{"display_name":"mafran","author_link":"https:\/\/mafran.es\/en\/author\/mafran\/"},"rttpg_comment":1,"rttpg_category":"<a href=\"https:\/\/mafran.es\/en\/category\/reflexiones\/comportamiento\/\" rel=\"category tag\">Comportamiento<\/a> <a href=\"https:\/\/mafran.es\/en\/category\/reflexiones\/\" rel=\"category tag\">Reflexiones<\/a>","rttpg_excerpt":"Espa\u00f1a ha sido un pa\u00eds en el que lo normal ha sido estar en guerra. Siempre ha sido un pa\u00eds amenazado, desde la conquista romana de Hispania, se han sucedido las invasiones, unas con \u00e9xito, otras sin \u00e9l, pero ha sido una constante en nuestra historia. A esto hay que a\u00f1adir una religi\u00f3n, la cat\u00f3lica,&hellip;","_links":{"self":[{"href":"https:\/\/mafran.es\/en\/wp-json\/wp\/v2\/posts\/25","targetHints":{"allow":["GET"]}}],"collection":[{"href":"https:\/\/mafran.es\/en\/wp-json\/wp\/v2\/posts"}],"about":[{"href":"https:\/\/mafran.es\/en\/wp-json\/wp\/v2\/types\/post"}],"author":[{"embeddable":true,"href":"https:\/\/mafran.es\/en\/wp-json\/wp\/v2\/users\/1"}],"replies":[{"embeddable":true,"href":"https:\/\/mafran.es\/en\/wp-json\/wp\/v2\/comments?post=25"}],"version-history":[{"count":3,"href":"https:\/\/mafran.es\/en\/wp-json\/wp\/v2\/posts\/25\/revisions"}],"predecessor-version":[{"id":941,"href":"https:\/\/mafran.es\/en\/wp-json\/wp\/v2\/posts\/25\/revisions\/941"}],"wp:featuredmedia":[{"embeddable":true,"href":"https:\/\/mafran.es\/en\/wp-json\/wp\/v2\/media\/130"}],"wp:attachment":[{"href":"https:\/\/mafran.es\/en\/wp-json\/wp\/v2\/media?parent=25"}],"wp:term":[{"taxonomy":"category","embeddable":true,"href":"https:\/\/mafran.es\/en\/wp-json\/wp\/v2\/categories?post=25"},{"taxonomy":"post_tag","embeddable":true,"href":"https:\/\/mafran.es\/en\/wp-json\/wp\/v2\/tags?post=25"}],"curies":[{"name":"wp","href":"https:\/\/api.w.org\/{rel}","templated":true}]}}