{"id":325,"date":"2017-02-01T14:35:00","date_gmt":"2017-02-01T14:35:00","guid":{"rendered":"http:\/\/mafran.es\/un-billete-fuera-de-su-tiempo\/"},"modified":"2019-10-17T21:09:17","modified_gmt":"2019-10-17T21:09:17","slug":"un-billete-fuera-de-su-tiempo","status":"publish","type":"post","link":"https:\/\/mafran.es\/en\/un-billete-fuera-de-su-tiempo\/","title":{"rendered":"Un billete fuera de su tiempo"},"content":{"rendered":"<div class=\"separator\" style=\"clear: both; text-align: center;\"><\/div>\n<div style=\"text-align: justify;\">Una de las aficiones que m\u00e1s me han gustado de siempre es la colecci\u00f3n de billetes antiguos. Lamentablemente no tengo muchos, pero cuando cae en mis manos un libro cat\u00e1logo lo leo con avidez, viendo las curiosidades de los billetes.<\/div>\n<div><\/div>\n<div style=\"text-align: justify;\">Generalmente los billetes representan personas del pasado (s\u00f3lo los reyes vigentes son representados en alguno de ellos) y normalmente, personas que han sido afines al r\u00e9gimen de turno o artistas. Casi hubo una excepci\u00f3n, pues D. Santiago Ram\u00f3n y Cajal apareci\u00f3 en un billete s\u00f3lo unos meses despu\u00e9s de morir, en 1935. Lamentablemente, ese billete dur\u00f3 en circulaci\u00f3n bien poco. Todos sabemos lo que pas\u00f3 al a\u00f1o siguiente.<\/div>\n<div style=\"text-align: justify;\"><\/div>\n<div style=\"text-align: justify;\">Sin embargo, revisando un cat\u00e1logo, me he topado con una magn\u00edfica incongruencia. Un billete fuera de su tiempo, con un personaje que no pega con el tiempo en que fue emitido. El billete en cuesti\u00f3n fue emitido en 1946, con valor de 25 pesetas. Estamos en la \u00e9poca m\u00e1s dura del franquismo, con carencia absoluta de libertad, y casi de medios, a\u00fan con las cartillas de racionamiento, con la izquierda exiliada y perseguida y con la Iglesia presente en todos los \u00f3rganos de gesti\u00f3n del estado.<\/div>\n<div style=\"text-align: justify;\"><\/div>\n<div style=\"text-align: justify;\">Pues bien, en ese billete aparece un personaje que ahora mismo es poco conocido: D. Alvaro Florez Estrada. \u00bfY quien fue este personaje? Ve\u00e1moslo.<\/div>\n<div style=\"text-align: justify;\"><\/div>\n<div style=\"text-align: justify;\">Alvaro Fl\u00f3rez Estrada naci\u00f3 en un pueblo al que le tengo especial cari\u00f1o, Pola de Somiedo (era el pueblo del padre de un gran amigo) en 1766. Estudi\u00f3 derecho, pero era un liberal y un ilustrado y en esa \u00e9poca, el conocimiento llamaba al conocimiento. Con s\u00f3lo 29 a\u00f1os ya estaba en Madrid gestionando cuentas p\u00fablicas cuando Godoy lo desterr\u00f3 a Asturias por ser af\u00edn a la revoluci\u00f3n francesa. Se especializ\u00f3 en econom\u00eda y en 1808, cuando estall\u00f3 la guerra de la Independencia, fue nombrado produrador general de Asturias. Fue uno de los principales reivincadores, desde ese puesto, de la necesidad de nombrar Cortes Generales y promulgar una constituci\u00f3n.<\/div>\n<div style=\"text-align: justify;\"><\/div>\n<div style=\"text-align: justify;\">En 1810 se desplaz\u00f3 a Sevilla, donde se hab\u00eda reunido la Junta Central y, tras un breve paso por Gran Breta\u00f1a, volvi\u00f3 a C\u00e1diz en 1812 para proclamar la libertad, creando un peri\u00f3dico que fue una voz a favor del liberalismo m\u00e1s radical. A partir de ah\u00ed, hasta la ca\u00edda del absolutismo en Espa\u00f1a, vivi\u00f3 a caballo entre Espa\u00f1a y Gran Breta\u00f1a. En 1814, tuvo que exiliarse, volviendo en 1820 con el trienio liberal de Riego (periodo en el que tuvo varios cargos de consideraci\u00f3n), y teniendo que exiliarse de nuevo, en 1823, cuando los cien mil hijos de San Luis llegaron para reponer el r\u00e9gimen absolutista en el poder.<\/div>\n<div style=\"text-align: justify;\"><\/div>\n<div style=\"text-align: justify;\">Tuvo que esperar a 1834, cuando murio Fernando VII para volver a Espa\u00f1a e inmediatamente fue elegido diputado.<\/div>\n<div style=\"text-align: justify;\"><\/div>\n<div style=\"text-align: justify;\">Como digo, fue un reconocido liberal y public\u00f3 excelentes tratados de econom\u00eda p\u00fablica, entre ellas \u00a0destaca una llamada \u00abCurso sobre econom\u00eda pol\u00edtica\u00bb que deber\u00edan leerse muchos gestores actuales, pues explica bastante bien c\u00f3mo debe gestionarse un estado y, sobre todo, para qu\u00e9. Todo lo que public\u00f3 lo hizo a favor del liberalismo, corriente incipiente en esa \u00e9poca y maltratado por un sistema cat\u00f3lico totalitario del que se ve\u00eda obligado a exiliarse. Por cierto, sus libros fueron publicados en espa\u00f1ol en Gran Breta\u00f1a cosa no muy habitual y a\u00fan son sencillos de conseguir y de leer. Los recomiendo.<\/div>\n<div style=\"text-align: justify;\"><\/div>\n<div style=\"text-align: justify;\">En sus escritos y en sus planteamientos econ\u00f3micos, era como en su vida, un liberal, siendo considerado por algunos como la versi\u00f3n espa\u00f1ola de Adam Smith, el famoso economista escoc\u00e9s.<\/div>\n<div style=\"text-align: justify;\"><\/div>\n<div style=\"text-align: justify;\">Su \u00faltima lucha fue curiosamente contra la desamortizaci\u00f3n de Mendiz\u00e1bal, en la que se expropiaron terrenos del clero para d\u00e1rselos al pueblo. Sin embargo, Fl\u00f3rez Estrada no estaba en contra de la desamortizaci\u00f3n, sino del m\u00e9todo empleado. El indic\u00f3 que si los terrenos se adjudicaban en subasta, se entregar\u00edan a las oligarqu\u00edas adineradas y no a los peque\u00f1os propietarios, creando a\u00fan m\u00e1s desigualdad. Su propuesta era d\u00e1rsela en alquiler a los peque\u00f1os productores para que generaran su propia riqueza y pudieran fijar poblaci\u00f3n al territorio. La tierra para quien la trabaja, algo bastante repetido posterioremente.<\/div>\n<div style=\"text-align: justify;\"><\/div>\n<div style=\"text-align: justify;\">Curiosamente, pas\u00f3 exactamente lo que dijo que pasar\u00eda y la desamortizaci\u00f3n, en lugar de generar beneficios para el pa\u00eds, provoc\u00f3 un atraso del que tardamos a\u00f1os en recuperarnos, si es que lo hemos hecho.<\/div>\n<div style=\"text-align: justify;\"><\/div>\n<div style=\"text-align: justify;\">Fue nombrado \u00a0senador vitalicio en 1846 y falleci\u00f3 ya anciano unos a\u00f1os despu\u00e9s, en 1853.<\/div>\n<div style=\"text-align: justify;\"><\/div>\n<div style=\"text-align: justify;\">Fl\u00f3rez Estrada era como veis, un liberal convencido y, desde luego no se escond\u00eda, pues public\u00f3 mucho al respecto, uno de los personajes que intentaron cambiar Espa\u00f1a para bien, aunque no tuvo demasiado \u00e9xito, quiz\u00e1s porque era demasiado avanzado intelectualmente para la \u00e9poca.<\/div>\n<div style=\"text-align: justify;\"><\/div>\n<div style=\"text-align: justify;\">Lo que a\u00fan no tengo claro es qu\u00e9 vio Franco en este personaje, convencido liberal, anticlerical y antioligarca como para homenajearlo haci\u00e9ndolo aparecer en un billete. Al menos, me ha servido para recordar a aquellas personas que defendieron sus ideales a costa, a veces, de su propia comodidad.<\/div>","protected":false},"excerpt":{"rendered":"<p>Una de las aficiones que m\u00e1s me han gustado de siempre es la colecci\u00f3n de billetes antiguos. Lamentablemente no tengo muchos, pero cuando cae en mis manos un libro cat\u00e1logo lo leo con avidez, viendo las curiosidades de los billetes. Generalmente los billetes representan personas del pasado (s\u00f3lo los reyes vigentes son representados en alguno de ellos) y normalmente, personas que han sido afines al r\u00e9gimen de turno o artistas. Casi hubo una excepci\u00f3n, pues D. Santiago Ram\u00f3n y Cajal apareci\u00f3 en un billete s\u00f3lo unos meses despu\u00e9s de morir,&hellip;<\/p>","protected":false},"author":1,"featured_media":720,"comment_status":"open","ping_status":"open","sticky":false,"template":"","format":"standard","meta":{"footnotes":""},"categories":[23,22],"tags":[10],"class_list":["post-325","post","type-post","status-publish","format-standard","has-post-thumbnail","hentry","category-historia","category-no-puedo-dormir-sin-saber-esto","tag-historia"],"gutentor_comment":4,"rttpg_featured_image_url":{"full":["https:\/\/mafran.es\/wp-content\/uploads\/2017\/02\/billeteAlvarezFlorez.jpg",200,131,false],"landscape":["https:\/\/mafran.es\/wp-content\/uploads\/2017\/02\/billeteAlvarezFlorez.jpg",200,131,false],"portraits":["https:\/\/mafran.es\/wp-content\/uploads\/2017\/02\/billeteAlvarezFlorez.jpg",200,131,false],"thumbnail":["https:\/\/mafran.es\/wp-content\/uploads\/2017\/02\/billeteAlvarezFlorez-150x131.jpg",150,131,true],"medium":["https:\/\/mafran.es\/wp-content\/uploads\/2017\/02\/billeteAlvarezFlorez.jpg",200,131,false],"large":["https:\/\/mafran.es\/wp-content\/uploads\/2017\/02\/billeteAlvarezFlorez.jpg",200,131,false],"folio":["https:\/\/mafran.es\/wp-content\/uploads\/2017\/02\/billeteAlvarezFlorez.jpg",200,131,false],"1536x1536":["https:\/\/mafran.es\/wp-content\/uploads\/2017\/02\/billeteAlvarezFlorez.jpg",200,131,false],"2048x2048":["https:\/\/mafran.es\/wp-content\/uploads\/2017\/02\/billeteAlvarezFlorez.jpg",200,131,false],"trp-custom-language-flag":["https:\/\/mafran.es\/wp-content\/uploads\/2017\/02\/billeteAlvarezFlorez.jpg",18,12,false],"post-thumbnail":["https:\/\/mafran.es\/wp-content\/uploads\/2017\/02\/billeteAlvarezFlorez.jpg",200,131,false],"sow-carousel-default":["https:\/\/mafran.es\/wp-content\/uploads\/2017\/02\/billeteAlvarezFlorez.jpg",200,131,false]},"rttpg_author":{"display_name":"mafran","author_link":"https:\/\/mafran.es\/en\/author\/mafran\/"},"rttpg_comment":4,"rttpg_category":"<a href=\"https:\/\/mafran.es\/en\/category\/no-puedo-dormir-sin-saber-esto\/historia\/\" rel=\"category tag\">Historia<\/a> <a href=\"https:\/\/mafran.es\/en\/category\/no-puedo-dormir-sin-saber-esto\/\" rel=\"category tag\">No Puedo Dormir Sin Saber Esto<\/a>","rttpg_excerpt":"Una de las aficiones que m\u00e1s me han gustado de siempre es la colecci\u00f3n de billetes antiguos. Lamentablemente no tengo muchos, pero cuando cae en mis manos un libro cat\u00e1logo lo leo con avidez, viendo las curiosidades de los billetes. Generalmente los billetes representan personas del pasado (s\u00f3lo los reyes vigentes son representados en alguno&hellip;","_links":{"self":[{"href":"https:\/\/mafran.es\/en\/wp-json\/wp\/v2\/posts\/325","targetHints":{"allow":["GET"]}}],"collection":[{"href":"https:\/\/mafran.es\/en\/wp-json\/wp\/v2\/posts"}],"about":[{"href":"https:\/\/mafran.es\/en\/wp-json\/wp\/v2\/types\/post"}],"author":[{"embeddable":true,"href":"https:\/\/mafran.es\/en\/wp-json\/wp\/v2\/users\/1"}],"replies":[{"embeddable":true,"href":"https:\/\/mafran.es\/en\/wp-json\/wp\/v2\/comments?post=325"}],"version-history":[{"count":5,"href":"https:\/\/mafran.es\/en\/wp-json\/wp\/v2\/posts\/325\/revisions"}],"predecessor-version":[{"id":875,"href":"https:\/\/mafran.es\/en\/wp-json\/wp\/v2\/posts\/325\/revisions\/875"}],"wp:featuredmedia":[{"embeddable":true,"href":"https:\/\/mafran.es\/en\/wp-json\/wp\/v2\/media\/720"}],"wp:attachment":[{"href":"https:\/\/mafran.es\/en\/wp-json\/wp\/v2\/media?parent=325"}],"wp:term":[{"taxonomy":"category","embeddable":true,"href":"https:\/\/mafran.es\/en\/wp-json\/wp\/v2\/categories?post=325"},{"taxonomy":"post_tag","embeddable":true,"href":"https:\/\/mafran.es\/en\/wp-json\/wp\/v2\/tags?post=325"}],"curies":[{"name":"wp","href":"https:\/\/api.w.org\/{rel}","templated":true}]}}