{"id":330,"date":"2016-10-15T08:57:00","date_gmt":"2016-10-15T08:57:00","guid":{"rendered":"http:\/\/mafran.es\/mirar-el-mundo-de-otra-manera\/"},"modified":"2019-10-17T21:20:01","modified_gmt":"2019-10-17T21:20:01","slug":"mirar-el-mundo-de-otra-manera","status":"publish","type":"post","link":"https:\/\/mafran.es\/en\/mirar-el-mundo-de-otra-manera\/","title":{"rendered":"Mirar el mundo de otra manera"},"content":{"rendered":"<div class=\"separator\" style=\"clear: both; text-align: center;\"><\/div>\n<div style=\"text-align: justify;\">Retomo el blog despu\u00e9s del verano. Ahora empieza el mal tiempo y es m\u00e1s f\u00e1cil encontrar un rato para escribir.<\/div>\n<div style=\"text-align: justify;\"><\/div>\n<div style=\"text-align: justify;\">He pensado mucho qu\u00e9 tema escoger para retomarlo y me he dado cuenta que no he hablado de una de las personas que m\u00e1s ha cambiado el mundo, aunque \u00e9l nunca lo sabr\u00eda. El puso la semilla que 200 a\u00f1os despu\u00e9s nos ha llevado a donde estamos. Viviendo pegados a un m\u00f3vil.<\/div>\n<div style=\"text-align: justify;\"><\/div>\n<div style=\"text-align: justify;\">Como casi todos los grandes tuvo una vida modesta, aunque nuestro personaje, todo un mito para los ingenieros de telecomunicaciones, hizo muchas cosas en la vida cotidiana. M\u00e1s de las que uno podr\u00eda pensar para alguien as\u00ed.<\/div>\n<div style=\"text-align: justify;\"><\/div>\n<div style=\"text-align: justify;\">Naci\u00f3 en Francia en 1768, en una familia numeros\u00edsima. Trece hermanos son muchos y \u00e9l era el d\u00e9cimo de los 13. Encima, qued\u00f3 hu\u00e9rfano pronto, a los 10 a\u00f1os. Se educ\u00f3 en la escuela militar de Auxerre y estuvo debati\u00e9ndose entre ordenarse sacerdote o hacer lo que le gustaba, dedicarse a la ciencia. As\u00ed pas\u00f3 su infancia y su juventud, hasta que en 1789 ya decidi\u00f3 definitivamente dejar la religi\u00f3n y ser profesor de la propia escuela a la que fue.<\/div>\n<div style=\"text-align: justify;\"><\/div>\n<div style=\"text-align: justify;\">En 1793 tom\u00f3 parte activa en la pol\u00edtica de la revoluci\u00f3n francesa, cosa que, en el r\u00e9gimen del terror de Robespierre no era demasiado seguro. Estuvo a punto de ser guillotinado al a\u00f1o siguiente, pero finalmente, tuvo la suerte de que cay\u00f3 antes Robespierre, la pol\u00edtica en Francia dio un giro y fue liberado. Se calm\u00f3 un poco e ingres\u00f3 en la Escuela Normal de Par\u00eds para estudiar Matem\u00e1ticas. Aunque lleg\u00f3 a catedr\u00e1tico poco despu\u00e9s (1797), su natural inquieto lo llev\u00f3 a dejarlo todo para ingresar en el ej\u00e9rcito como cargador de ca\u00f1ones. Era una etapa de euforia en Francia, el inicio de la era de Napole\u00f3n y nuestro personaje decidi\u00f3 acompa\u00f1arlo. Destac\u00f3 pronto, dado que era capaz de calcular la trayectoria de los ca\u00f1ones y Napole\u00f3n en persona quiso que lo acompa\u00f1a en Egipto. Era consejero cient\u00edfico. En Egipto destac\u00f3 y adem\u00e1s de ser un personaje relevante en el Instituto de Matem\u00e1ticas de El Cairo, lleg\u00f3 a ser gobernador de una parte del pa\u00eds.<\/div>\n<div style=\"text-align: justify;\"><\/div>\n<div style=\"text-align: justify;\">En 1801 volvi\u00f3 a Francia, donde Napole\u00f3n lo nombr\u00f3 prefecto de un departamento (Isere) hasta 1815, pero ya hab\u00eda decidido dedicarse a la ciencia, su verdadera pasi\u00f3n.<\/div>\n<div style=\"text-align: justify;\"><\/div>\n<div style=\"text-align: justify;\">Estoy seguro que los telecos que lean esto no imaginar\u00e1n siquiera de qui\u00e9n estoy hablando. Pues se trata, nada m\u00e1s y nada menos que Jean-Baptiste Joseph Fourier. Al p\u00fablico en general no le sonar\u00e1 de nada, pero seguro que mis colegas de profesi\u00f3n han esbozado una sonrisa. Fourier es, para m\u00ed, el hombre que cambi\u00f3 el concepto del mundo a nivel t\u00e9cnico y curiosamente, el no supo, ni siquiera se imagin\u00f3 que lo que \u00e9l estaba haciendo lo cambiar\u00eda.<\/div>\n<div style=\"text-align: justify;\"><\/div>\n<div style=\"text-align: justify;\">Fourier se dedic\u00f3 al an\u00e1lisis de la transmisi\u00f3n del calor y en 1822 public\u00f3 un tratado \u00abTeor\u00eda anal\u00edtica del calor\u00bb en la que desarrollo el concepto de desarrollo de las Series de Fourier: la descomposici\u00f3n de una funci\u00f3n en una aproximaci\u00f3n de series de senos y cosenos. Su observaci\u00f3n sobre la transmisi\u00f3n del calor llev\u00f3 a esta formulaci\u00f3n matem\u00e1tica, que, posteriormente pudo llevarse a cualquier funci\u00f3n de propagaci\u00f3n, entre ellas las electromagn\u00e9ticas.<\/div>\n<div style=\"text-align: justify;\"><\/div>\n<div style=\"text-align: justify;\">Y esto deriv\u00f3 en demostrar que las ondas pueden descomponerse en frecuencias y las frecuencias separarse unas de otras&#8230; y \u00a1bingo!, ya tenemos la teor\u00eda de transmisi\u00f3n que todos utilizamos. Toda la tecnolog\u00eda se basa en la propagaci\u00f3n de se\u00f1ales gracias que entre ellas no se mezclan si se piensa en ellas en el dominio de la frecuencia.<\/div>\n<div style=\"text-align: justify;\"><\/div>\n<div style=\"text-align: justify;\">El dominio de la frecuencia es s\u00f3lo una forma de plantear el mundo derivada de la formulaci\u00f3n matem\u00e1tica de Fourier y, por cierto, condici\u00f3n b\u00e1sica para que un teleco pudiera acabar la carrera: o se entend\u00eda o pod\u00edas buscarte otra cosa.<\/div>\n<div style=\"text-align: justify;\"><\/div>\n<div style=\"text-align: justify;\">Curiosamente, Fourier, es muy conocido en un campo en el que no trabaj\u00f3 (telecomunicaciones), aunque formul\u00f3 una teor\u00eda que hoy est\u00e1 muy en boga y por la que nadie le conoce. Fourier aplic\u00f3 su an\u00e1lisis de propagaci\u00f3n del calor a la radiaci\u00f3n que recibe la Tierra desde el Sol y c\u00f3mo se disipa el calor interno y pens\u00f3 que con esa radiaci\u00f3n, la Tierra deb\u00eda ser much\u00edsimo m\u00e1s fr\u00eda de lo que es, as\u00ed que propuso que quiz\u00e1s la atm\u00f3sfera ser\u00eda capaz de ser aislante, permitiendo que la radiaci\u00f3n que entrara no se escapara y pudiera mantener m\u00e1s caliente la Tierra de lo que deber\u00eda: hab\u00eda nacido el \u00abefecto invernadero\u00bb.<\/div>\n<div style=\"text-align: justify;\"><\/div>\n<div style=\"text-align: justify;\">Su fama cient\u00edfica hizo que sobreviviera a la ca\u00edda de su mentor Napole\u00f3n. Gracias a su teorema fue nombrado bar\u00f3n y en 1826, secretario perpetuo de la Academia de las ciencias. Muri\u00f3 en 1830, por el fen\u00f3meno al que se dedic\u00f3 a estudiar: una estufa con mala combusti\u00f3n lo mat\u00f3 asfixiado. Es, por m\u00e9ritos propios, uno de los cient\u00edficos inscritos en la Torre Eiffel de Par\u00eds.<\/div>\n<div style=\"text-align: justify;\"><\/div>\n<div style=\"text-align: justify;\">Fourier fue capaz de pensar de otra forma, modificar la visi\u00f3n del mundo y verlo de forma transversal, en frecuencia. Imagin\u00f3 una forma de propagaci\u00f3n diferente, aunque nunca pudo imaginar que su visi\u00f3n derivar\u00eda en un cambio del comportamiento humano. Cualquier pensamiento, por raro que sea, puede \u00a0ser utilizado m\u00e1s adelante para cambiar el mundo. Una clara muestra de ello es que ahora mismo est\u00e1s leyendo esta entrada.<\/div>","protected":false},"excerpt":{"rendered":"<p>Retomo el blog despu\u00e9s del verano. Ahora empieza el mal tiempo y es m\u00e1s f\u00e1cil encontrar un rato para escribir. He pensado mucho qu\u00e9 tema escoger para retomarlo y me he dado cuenta que no he hablado de una de las personas que m\u00e1s ha cambiado el mundo, aunque \u00e9l nunca lo sabr\u00eda. El puso la semilla que 200 a\u00f1os despu\u00e9s nos ha llevado a donde estamos. Viviendo pegados a un m\u00f3vil. Como casi todos los grandes tuvo una vida modesta, aunque nuestro personaje, todo un mito para los ingenieros&hellip;<\/p>","protected":false},"author":1,"featured_media":710,"comment_status":"open","ping_status":"open","sticky":false,"template":"","format":"standard","meta":{"footnotes":""},"categories":[22],"tags":[12,10,14],"class_list":["post-330","post","type-post","status-publish","format-standard","has-post-thumbnail","hentry","category-no-puedo-dormir-sin-saber-esto","tag-ciencia","tag-historia","tag-tecnologia"],"gutentor_comment":0,"rttpg_featured_image_url":{"full":["https:\/\/mafran.es\/wp-content\/uploads\/2016\/10\/Joseph_Fourier.jpg",164,200,false],"landscape":["https:\/\/mafran.es\/wp-content\/uploads\/2016\/10\/Joseph_Fourier.jpg",164,200,false],"portraits":["https:\/\/mafran.es\/wp-content\/uploads\/2016\/10\/Joseph_Fourier.jpg",164,200,false],"thumbnail":["https:\/\/mafran.es\/wp-content\/uploads\/2016\/10\/Joseph_Fourier-150x150.jpg",150,150,true],"medium":["https:\/\/mafran.es\/wp-content\/uploads\/2016\/10\/Joseph_Fourier.jpg",164,200,false],"large":["https:\/\/mafran.es\/wp-content\/uploads\/2016\/10\/Joseph_Fourier.jpg",164,200,false],"folio":["https:\/\/mafran.es\/wp-content\/uploads\/2016\/10\/Joseph_Fourier.jpg",164,200,false],"1536x1536":["https:\/\/mafran.es\/wp-content\/uploads\/2016\/10\/Joseph_Fourier.jpg",164,200,false],"2048x2048":["https:\/\/mafran.es\/wp-content\/uploads\/2016\/10\/Joseph_Fourier.jpg",164,200,false],"trp-custom-language-flag":["https:\/\/mafran.es\/wp-content\/uploads\/2016\/10\/Joseph_Fourier.jpg",10,12,false],"post-thumbnail":["https:\/\/mafran.es\/wp-content\/uploads\/2016\/10\/Joseph_Fourier-164x172.jpg",164,172,true],"sow-carousel-default":["https:\/\/mafran.es\/wp-content\/uploads\/2016\/10\/Joseph_Fourier-164x182.jpg",164,182,true]},"rttpg_author":{"display_name":"mafran","author_link":"https:\/\/mafran.es\/en\/author\/mafran\/"},"rttpg_comment":0,"rttpg_category":"<a href=\"https:\/\/mafran.es\/en\/category\/no-puedo-dormir-sin-saber-esto\/\" rel=\"category tag\">No Puedo Dormir Sin Saber Esto<\/a>","rttpg_excerpt":"Retomo el blog despu\u00e9s del verano. Ahora empieza el mal tiempo y es m\u00e1s f\u00e1cil encontrar un rato para escribir. He pensado mucho qu\u00e9 tema escoger para retomarlo y me he dado cuenta que no he hablado de una de las personas que m\u00e1s ha cambiado el mundo, aunque \u00e9l nunca lo sabr\u00eda. El puso&hellip;","_links":{"self":[{"href":"https:\/\/mafran.es\/en\/wp-json\/wp\/v2\/posts\/330","targetHints":{"allow":["GET"]}}],"collection":[{"href":"https:\/\/mafran.es\/en\/wp-json\/wp\/v2\/posts"}],"about":[{"href":"https:\/\/mafran.es\/en\/wp-json\/wp\/v2\/types\/post"}],"author":[{"embeddable":true,"href":"https:\/\/mafran.es\/en\/wp-json\/wp\/v2\/users\/1"}],"replies":[{"embeddable":true,"href":"https:\/\/mafran.es\/en\/wp-json\/wp\/v2\/comments?post=330"}],"version-history":[{"count":3,"href":"https:\/\/mafran.es\/en\/wp-json\/wp\/v2\/posts\/330\/revisions"}],"predecessor-version":[{"id":897,"href":"https:\/\/mafran.es\/en\/wp-json\/wp\/v2\/posts\/330\/revisions\/897"}],"wp:featuredmedia":[{"embeddable":true,"href":"https:\/\/mafran.es\/en\/wp-json\/wp\/v2\/media\/710"}],"wp:attachment":[{"href":"https:\/\/mafran.es\/en\/wp-json\/wp\/v2\/media?parent=330"}],"wp:term":[{"taxonomy":"category","embeddable":true,"href":"https:\/\/mafran.es\/en\/wp-json\/wp\/v2\/categories?post=330"},{"taxonomy":"post_tag","embeddable":true,"href":"https:\/\/mafran.es\/en\/wp-json\/wp\/v2\/tags?post=330"}],"curies":[{"name":"wp","href":"https:\/\/api.w.org\/{rel}","templated":true}]}}