{"id":338,"date":"2016-04-16T09:04:00","date_gmt":"2016-04-16T09:04:00","guid":{"rendered":"http:\/\/mafran.es\/dos-fechas-iguales-pero-distinto-dia\/"},"modified":"2019-10-17T21:24:47","modified_gmt":"2019-10-17T21:24:47","slug":"dos-fechas-iguales-pero-distinto-dia","status":"publish","type":"post","link":"https:\/\/mafran.es\/en\/dos-fechas-iguales-pero-distinto-dia\/","title":{"rendered":"Dos fechas iguales, pero distinto d\u00eda"},"content":{"rendered":"<div class=\"separator\" style=\"clear: both; text-align: center;\"><\/div>\n<div style=\"text-align: justify;\">La entrada de hoy va en relaci\u00f3n a un d\u00eda especial, el d\u00eda 23 de abril. Es el \u00abd\u00eda del libro\u00bb, fijado internacionalmente porque ese d\u00eda se conmemora el fallecimiento en 1616, tanto de Cervantes como de Shakespeare, los dos grandes escritores de la literatura espa\u00f1ola e inglesa, respectivamente.<\/div>\n<div style=\"text-align: justify;\"><\/div>\n<div style=\"text-align: justify;\">Pero esa coincidencia tiene una curiosidad en relaci\u00f3n a otro tema que ya se trat\u00f3 en este blog hace alg\u00fan tiempo.<\/div>\n<div style=\"text-align: justify;\"><\/div>\n<div style=\"text-align: justify;\">No quiero entrar si Cervantes falleci\u00f3 ese d\u00eda o no (parece que ese d\u00eda fue cuando se enterr\u00f3, por lo que debi\u00f3 morir el d\u00eda antes), sino una paradoja: efectivamente ambos est\u00e1n relacionados con esa misma fecha, 23 de abril de 1616, pero no era el mismo d\u00eda.<\/div>\n<div style=\"text-align: justify;\"><\/div>\n<div style=\"text-align: justify;\">\u00bfY como puede ser esto? Pues para los m\u00e1s h\u00e1biles, ya se habr\u00e1n dado cuenta. Y no es un hecho ins\u00f3lito, sino algo m\u00e1s simple. Espa\u00f1a, en esa \u00e9pica era el adalid del catolicismo, y cuando el Papa Gregorio XIII decidi\u00f3 asumir el calendario propuesto por la Universidad de Salamanca, en 1582, Espa\u00f1a lo introdujo de inmediato. De hecho, en Espa\u00f1a entr\u00f3 en vigor el calendario gregoriano el 15 de octubre de 1582, eliminando del mismo 10 d\u00edas (del 5 al 15 de octubre de 1582). Sin embargo, Inglaterra, despu\u00e9s de la separaci\u00f3n de la Iglesia de Roma en el reinado de Enrique VIII, tardaron algo m\u00e1s.<\/div>\n<div style=\"text-align: justify;\"><\/div>\n<div style=\"text-align: justify;\">En ese momento bastaba que el Papa promulgara un edicto para que Inglaterra no lo considerara, aunque fuera t\u00e9cnicamente correcto. Esto pas\u00f3 en multitud de pa\u00edses (los protestantes y ortodoxos, principalmente) y fueron adoptando el calendario poco a poco, a medida que ve\u00edan las bondades t\u00e9cnicas del mismo. Parte de Alemania lo asumi\u00f3 en 1610 (la otra en 1700), Francia en 1682 e Inglaterra en 1752.<\/div>\n<div style=\"text-align: justify;\"><\/div>\n<div style=\"text-align: justify;\">\u00bfQu\u00e9 quiere decir esto? Pues resulta que cuando en Espa\u00f1a era el 23 de abril de 1616, en Inglaterra era el 13 de abril y cuando en Inglaterra era el 23 de abril, en Espa\u00f1a era el 2 de Mayo.<\/div>\n<div style=\"text-align: justify;\"><\/div>\n<div style=\"text-align: justify;\">As\u00ed que, cuando escuch\u00e9is que es el d\u00eda del libro porque Cervantes y Shakespeare murieron los dos el mismo d\u00eda, pod\u00e9is negarlo, porque efectivamente, se puede decir que murieron los dos la misma fecha, pero en ning\u00fan caso murieron el mismo d\u00eda.<\/div>\n<div style=\"text-align: justify;\"><\/div>\n<div style=\"text-align: justify;\">Una \u00faltima curiosidad en relaci\u00f3n al calendario: el \u00faltimo pa\u00eds en en asumir el calendario gregoriano fue Grecia, muy muy recientemente. En concreto, entr\u00f3 en vigor el 15 de febrero de 1923. A ese d\u00eda le sigui\u00f3 el 1 de marzo (ya no eran 10 d\u00edas, sino 13, por los 3 a\u00f1os centenarios que hab\u00edan sido bisiestos en el calendario juliano pero no en el gregoriano: 1700, 1800 y 1900).<\/div>\n<div style=\"text-align: justify;\"><\/div>\n<div style=\"text-align: justify;\">Ah! Y s\u00ed que hubo un escritor famoso que muri\u00f3 el 23 de abril de 1616 y no fue ni Cervantes, ni Shakespeare. Fue Inca Garcilaso de la Vega, un escritor espa\u00f1ol considerado como el primer mestizo biol\u00f3gico y espiritual de Am\u00e9rica.<\/div>\n<div>\n<div style=\"text-align: justify;\"><\/div>\n<\/div>\n<div>\n<div style=\"text-align: justify;\">Ahora, s\u00f3lo queda felicitar a todos el d\u00eda del libro y que, la semana que viene que se cumple el 400 aniversario de ese d\u00eda, compartamos un Marat\u00f3n de Lectura de la gran obra universal hispana, El Quijote, para atraer la cultura a todos. Gran labor realizada por grandes personas que conseguir\u00e1n hacer un mundo mejor.<\/div>\n<\/div>","protected":false},"excerpt":{"rendered":"<p>La entrada de hoy va en relaci\u00f3n a un d\u00eda especial, el d\u00eda 23 de abril. Es el \u00abd\u00eda del libro\u00bb, fijado internacionalmente porque ese d\u00eda se conmemora el fallecimiento en 1616, tanto de Cervantes como de Shakespeare, los dos grandes escritores de la literatura espa\u00f1ola e inglesa, respectivamente. Pero esa coincidencia tiene una curiosidad en relaci\u00f3n a otro tema que ya se trat\u00f3 en este blog hace alg\u00fan tiempo. No quiero entrar si Cervantes falleci\u00f3 ese d\u00eda o no (parece que ese d\u00eda fue cuando se enterr\u00f3, por lo&hellip;<\/p>","protected":false},"author":1,"featured_media":696,"comment_status":"open","ping_status":"open","sticky":false,"template":"","format":"standard","meta":{"footnotes":""},"categories":[22],"tags":[10,15],"class_list":["post-338","post","type-post","status-publish","format-standard","has-post-thumbnail","hentry","category-no-puedo-dormir-sin-saber-esto","tag-historia","tag-literatura"],"gutentor_comment":1,"rttpg_featured_image_url":{"full":["https:\/\/mafran.es\/wp-content\/uploads\/2016\/04\/tile-540474_1920.jpg",200,150,false],"landscape":["https:\/\/mafran.es\/wp-content\/uploads\/2016\/04\/tile-540474_1920.jpg",200,150,false],"portraits":["https:\/\/mafran.es\/wp-content\/uploads\/2016\/04\/tile-540474_1920.jpg",200,150,false],"thumbnail":["https:\/\/mafran.es\/wp-content\/uploads\/2016\/04\/tile-540474_1920-150x150.jpg",150,150,true],"medium":["https:\/\/mafran.es\/wp-content\/uploads\/2016\/04\/tile-540474_1920.jpg",200,150,false],"large":["https:\/\/mafran.es\/wp-content\/uploads\/2016\/04\/tile-540474_1920.jpg",200,150,false],"folio":["https:\/\/mafran.es\/wp-content\/uploads\/2016\/04\/tile-540474_1920.jpg",200,150,false],"1536x1536":["https:\/\/mafran.es\/wp-content\/uploads\/2016\/04\/tile-540474_1920.jpg",200,150,false],"2048x2048":["https:\/\/mafran.es\/wp-content\/uploads\/2016\/04\/tile-540474_1920.jpg",200,150,false],"trp-custom-language-flag":["https:\/\/mafran.es\/wp-content\/uploads\/2016\/04\/tile-540474_1920.jpg",16,12,false],"post-thumbnail":["https:\/\/mafran.es\/wp-content\/uploads\/2016\/04\/tile-540474_1920.jpg",200,150,false],"sow-carousel-default":["https:\/\/mafran.es\/wp-content\/uploads\/2016\/04\/tile-540474_1920.jpg",200,150,false]},"rttpg_author":{"display_name":"mafran","author_link":"https:\/\/mafran.es\/en\/author\/mafran\/"},"rttpg_comment":1,"rttpg_category":"<a href=\"https:\/\/mafran.es\/en\/category\/no-puedo-dormir-sin-saber-esto\/\" rel=\"category tag\">No Puedo Dormir Sin Saber Esto<\/a>","rttpg_excerpt":"La entrada de hoy va en relaci\u00f3n a un d\u00eda especial, el d\u00eda 23 de abril. Es el \u00abd\u00eda del libro\u00bb, fijado internacionalmente porque ese d\u00eda se conmemora el fallecimiento en 1616, tanto de Cervantes como de Shakespeare, los dos grandes escritores de la literatura espa\u00f1ola e inglesa, respectivamente. Pero esa coincidencia tiene una curiosidad&hellip;","_links":{"self":[{"href":"https:\/\/mafran.es\/en\/wp-json\/wp\/v2\/posts\/338","targetHints":{"allow":["GET"]}}],"collection":[{"href":"https:\/\/mafran.es\/en\/wp-json\/wp\/v2\/posts"}],"about":[{"href":"https:\/\/mafran.es\/en\/wp-json\/wp\/v2\/types\/post"}],"author":[{"embeddable":true,"href":"https:\/\/mafran.es\/en\/wp-json\/wp\/v2\/users\/1"}],"replies":[{"embeddable":true,"href":"https:\/\/mafran.es\/en\/wp-json\/wp\/v2\/comments?post=338"}],"version-history":[{"count":3,"href":"https:\/\/mafran.es\/en\/wp-json\/wp\/v2\/posts\/338\/revisions"}],"predecessor-version":[{"id":904,"href":"https:\/\/mafran.es\/en\/wp-json\/wp\/v2\/posts\/338\/revisions\/904"}],"wp:featuredmedia":[{"embeddable":true,"href":"https:\/\/mafran.es\/en\/wp-json\/wp\/v2\/media\/696"}],"wp:attachment":[{"href":"https:\/\/mafran.es\/en\/wp-json\/wp\/v2\/media?parent=338"}],"wp:term":[{"taxonomy":"category","embeddable":true,"href":"https:\/\/mafran.es\/en\/wp-json\/wp\/v2\/categories?post=338"},{"taxonomy":"post_tag","embeddable":true,"href":"https:\/\/mafran.es\/en\/wp-json\/wp\/v2\/tags?post=338"}],"curies":[{"name":"wp","href":"https:\/\/api.w.org\/{rel}","templated":true}]}}