{"id":34,"date":"2014-04-02T18:07:07","date_gmt":"2014-04-02T18:07:07","guid":{"rendered":"http:\/\/reflexiones.mafran.es\/?p=34"},"modified":"2019-10-20T18:17:29","modified_gmt":"2019-10-20T18:17:29","slug":"reflexion-religion","status":"publish","type":"post","link":"https:\/\/mafran.es\/en\/reflexion-religion\/","title":{"rendered":"Reflexi\u00f3n ante la religi\u00f3n"},"content":{"rendered":"<p style=\"text-align: justify;\">Me cuesta trabajo escribir en contra de la Iglesia. No me parece un tema agradable para la mayor\u00eda porque hay muchos prejuicios y este tema s\u00f3lo crear\u00e1 pol\u00e9mica. Sin embargo, hoy me animo, como cat\u00f3lico a criticar a mi Iglesia. Digo mi Iglesia, porque mi Iglesia es C\u00e1ritas, son los que atienden a los enfermos, los pobres, los necesitados, los inmigrantes sin esperar nada a cambio. Pero tambi\u00e9n es mi Iglesia los que son cristianos desde su puesto de trabajo, utilizando lo que saben hacer para hacer el bien. Todos podemos poner nuestro granito de arena para vivir en un mundo mejor, simplemente generando riqueza que se puedan distribuir y evitando que se concentre la riqueza en unos pocos en contra de unos muchos. En nuestra mano est\u00e1.<\/p>\n<p style=\"text-align: justify;\">Pero no es mi Iglesia los dirigentes de la misma, los que mienten, los que no se enteran de qu\u00e9 va esto, lo que creen que por tener una sotana son superiores o no necesitan escuchar a Jes\u00fas. Sepulcros blanqueados, jerarcas del antiguo testamento que creen que con ponerse alzacuellos ya tienen ganada la salvaci\u00f3n. O incluso m\u00e1s, creen que por ponerse alzacuellos consideran que pueden otorgar o quitar la salvaci\u00f3n.<\/p>\n<p style=\"text-align: justify;\">Me doli\u00f3 mucho escuchas unas declaraciones en el programa de Carlos Herrera del reci\u00e9n nombrado presidente de la Conferencia Episcopal diciendo que \u00able gusta el modelo de financiaci\u00f3n porque as\u00ed la gente puede elegir de forma no excluyente entre cubrir las necesidades de la Iglesia y cubrir las necesidades de los pobres\u00bb.<\/p>\n<audio class=\"wp-audio-shortcode\" id=\"audio-34-1\" preload=\"none\" style=\"width: 100%;\" controls=\"controls\"><source type=\"audio\/mpeg\" src=\"\/\/reflexiones.mafran.es\/wp-content\/uploads\/\/2014\/04\/048146f87f4100c0627e1833af8ca1035fd57ab7.mp3?_=1\" \/><a href=\"\/\/reflexiones.mafran.es\/wp-content\/uploads\/\/2014\/04\/048146f87f4100c0627e1833af8ca1035fd57ab7.mp3\">\/\/reflexiones.mafran.es\/wp-content\/uploads\/\/2014\/04\/048146f87f4100c0627e1833af8ca1035fd57ab7.mp3<\/a><\/audio>\n<p style=\"text-align: justify;\">Eso es no enterarse de nada. Eso es no haber le\u00eddo en su vida el pasaje Mt 19,21: \u00absi quieres ser perfecto vende todo lo que tienes, d\u00e1selo a los pobres y s\u00edgueme\u00bb. O lo que es peor, no es no haberlo le\u00eddo, es no haberlo entendido. Tiene su explicaci\u00f3n t\u00e9cnica, pero no tiene explicaci\u00f3n conceptual alguna salvo que \u00e9l diferencie la Iglesia y los pobres y eso es directamente, no seguir el mandamiento de los cristianos (Jn 13,34).<\/p>\n<p style=\"text-align: justify;\">La Iglesia est\u00e1 montada como una instituci\u00f3n jer\u00e1rquica del miedo, el miedo a lo desconocido. El \u00abNO\u00bb como base de todo. Unos mandamientos del antiguo testamento falseados, como reconoce la propia p\u00e1gina del vaticano (<a href=\"http:\/\/www.vatican.va\/archive\/compendium_ccc\/documents\/archive_2005_compendium-ccc_sp.html#LOS DIEZ MANDAMIENTOS\">http:\/\/www.vatican.va\/archive\/compendium_ccc\/documents\/archive_2005_compendium-ccc_sp.html#LOS DIEZ MANDAMIENTOS<\/a>), en los que misteriosamente desaparece \u00abNo adorar\u00e1s a im\u00e1genes\u00bb para cambiarlo por \u00abNo cometer\u00e1s actos impuros\u00bb. Es una organizaci\u00f3n basada en la incultura y basada en el hecho de que nadie lee nada y nadie pone en crisis nada.<\/p>\n<p style=\"text-align: justify;\">Lo \u00faltimo que ha llegado a mi mano es un tema menor en la vida cotidiana, pero principal en los c\u00edrculos del alzacuellos: la virginidad de Mar\u00eda. Es curioso que este tema est\u00e9 en contra de la propia Iglesia. \u00abTodo matrimonio debe estar abierto a la procreaci\u00f3n\u00bb es la tesis principal para contrarrestar al matrimonio homosexual. Eso s\u00ed, todos&#8230; menos el matrimonio entre Jos\u00e9 y Mar\u00eda, que seg\u00fan la propia doctrina de la Iglesia ser\u00eda nulo.<\/p>\n<p style=\"text-align: justify;\">Sobre este tema, el Papa Benedicto XVI escribi\u00f3 una Carta Apost\u00f3lica con motivo del advenimiento del \u00abA\u00f1o de la Fe\u00bb, llamada \u00abPorta Fidei\u00bb. En ella, Benedicto XVI hace una magn\u00edfica apolog\u00eda teol\u00f3gica sobre una cita b\u00edblica: Lc 2, 6-7 \u00abcon gozo y temblor dio a luz a su \u00fanico hijo, manteniendo intacta su virginidad\u00bb (<a href=\"http:\/\/www.vatican.va\/holy_father\/benedict_xvi\/motu_proprio\/documents\/hf_ben-xvi_motu-proprio_20111011_porta-fidei_sp.html\">http:\/\/www.vatican.va\/holy_father\/benedict_xvi\/motu_proprio\/documents\/hf_ben-xvi_motu-proprio_20111011_porta-fidei_sp.html<\/a>). Es una cita que referencia claramente la virginidad de Mar\u00eda. Ya est\u00e1 en los Evangelios, no puede ponerse en duda.<\/p>\n<p style=\"text-align: justify;\">Pero es que resulta que, despu\u00e9s de mucho tiempo en la Iglesia, trabajando para intentar poner mi granito de arena, no me fio de nadie. Ni del Papa, como se dice, as\u00ed que decid\u00ed coger la Biblia y leer la cita. No soy muy de citas sueltas y me gusta leerlas en el contexto de la cita, que da mucha m\u00e1s informaci\u00f3n. As\u00ed que abro la Biblia y, oh sorpresa!, Lc 2, 6-7 dice: \u00aby Mar\u00eda dio a luz a su Hijo primog\u00e9nito, lo envolvi\u00f3 en pa\u00f1ales y lo acost\u00f3 en un pesebre, porque no hab\u00eda lugar para ellos en el albergue.\u00bb (<a href=\"http:\/\/www.vatican.va\/archive\/ESL0506\/__PVK.HTM\">http:\/\/www.vatican.va\/archive\/ESL0506\/__PVK.HTM<\/a>). Por cierto, como veis, la Biblia es la propia de la web del Vaticano, no he tenido que ir muy lejos a comprobarlo.<\/p>\n<p style=\"text-align: justify;\">\u00bfQu\u00e9 me quiere decir esto? Pues que en primer lugar no hay referencia alguna a la virginidad de Mar\u00eda en los Evangelios y que es necesario darle un toquecillo sutil a los mismos para que todo cuadre. Y en segundo lugar, lo que es m\u00e1s grave, el Papa MIENTE en su carta evang\u00e9lica con el \u00fanico fin de hacer de la ignorancia poder. No se si el Papa se habr\u00e1 confesado por ello, pero desde luego que deber\u00eda rectificar, si no el anterior, s\u00ed el actual.<\/p>\n<p style=\"text-align: justify;\">Y desde luego lo que me quiere decir es que mi doctrina NO es la de ning\u00fan Papa, porque ya no me f\u00edo de ellos. Mi doctrina es el patr\u00f3n de vida de Jes\u00fas, intentando hacer de este mundo un mundo mejor, aportando mi granito de arena con los talentos que \u00c9l me dio. Si consigo que alguien encuentre trabajo, generar riquezas en mi entorno, crear un mundo un poquito mejor, me sentir\u00e9 suficientemente pagado.<\/p>\n<p style=\"text-align: justify;\">Busca tu lugar en el mundo y lucha por \u00e9l. Haz lo que est\u00e9 en tu mano. S\u00e9 cr\u00edtico y piensa por t\u00ed mismo. Lee, razona y act\u00faa. La doctrina humanista de Jes\u00fas es v\u00e1lida. Eso s\u00ed, quitando los alzacuellos que la distorsionan.<\/p>","protected":false},"excerpt":{"rendered":"<p>Me cuesta trabajo escribir en contra de la Iglesia. No me parece un tema agradable para la mayor\u00eda porque hay muchos prejuicios y este tema s\u00f3lo crear\u00e1 pol\u00e9mica. Sin embargo, hoy me animo, como cat\u00f3lico a criticar a mi Iglesia. Digo mi Iglesia, porque mi Iglesia es C\u00e1ritas, son los que atienden a los enfermos, los pobres, los necesitados, los inmigrantes sin esperar nada a cambio. Pero tambi\u00e9n es mi Iglesia los que son cristianos desde su puesto de trabajo, utilizando lo que saben hacer para hacer el bien. Todos&hellip;<\/p>","protected":false},"author":1,"featured_media":126,"comment_status":"open","ping_status":"open","sticky":false,"template":"","format":"standard","meta":{"footnotes":""},"categories":[7,4],"tags":[],"class_list":["post-34","post","type-post","status-publish","format-standard","has-post-thumbnail","hentry","category-reflexiones","category-religion"],"gutentor_comment":0,"rttpg_featured_image_url":{"full":["https:\/\/mafran.es\/wp-content\/uploads\/2014\/04\/Religion.jpg",1024,1024,false],"landscape":["https:\/\/mafran.es\/wp-content\/uploads\/2014\/04\/Religion.jpg",1024,1024,false],"portraits":["https:\/\/mafran.es\/wp-content\/uploads\/2014\/04\/Religion.jpg",1024,1024,false],"thumbnail":["https:\/\/mafran.es\/wp-content\/uploads\/2014\/04\/Religion-150x150.jpg",150,150,true],"medium":["https:\/\/mafran.es\/wp-content\/uploads\/2014\/04\/Religion-300x300.jpg",300,300,true],"large":["https:\/\/mafran.es\/wp-content\/uploads\/2014\/04\/Religion.jpg",640,640,false],"folio":["https:\/\/mafran.es\/wp-content\/uploads\/2014\/04\/Religion.jpg",400,400,false],"1536x1536":["https:\/\/mafran.es\/wp-content\/uploads\/2014\/04\/Religion.jpg",1024,1024,false],"2048x2048":["https:\/\/mafran.es\/wp-content\/uploads\/2014\/04\/Religion.jpg",1024,1024,false],"trp-custom-language-flag":["https:\/\/mafran.es\/wp-content\/uploads\/2014\/04\/Religion.jpg",12,12,false],"post-thumbnail":["https:\/\/mafran.es\/wp-content\/uploads\/2014\/04\/Religion-296x210.jpg",240,170,true],"sow-carousel-default":["https:\/\/mafran.es\/wp-content\/uploads\/2014\/04\/Religion-272x182.jpg",272,182,true]},"rttpg_author":{"display_name":"mafran","author_link":"https:\/\/mafran.es\/en\/author\/mafran\/"},"rttpg_comment":0,"rttpg_category":"<a href=\"https:\/\/mafran.es\/en\/category\/reflexiones\/\" rel=\"category tag\">Reflexiones<\/a> <a href=\"https:\/\/mafran.es\/en\/category\/reflexiones\/religion\/\" rel=\"category tag\">Religi\u00f3n<\/a>","rttpg_excerpt":"Me cuesta trabajo escribir en contra de la Iglesia. No me parece un tema agradable para la mayor\u00eda porque hay muchos prejuicios y este tema s\u00f3lo crear\u00e1 pol\u00e9mica. Sin embargo, hoy me animo, como cat\u00f3lico a criticar a mi Iglesia. Digo mi Iglesia, porque mi Iglesia es C\u00e1ritas, son los que atienden a los enfermos,&hellip;","_links":{"self":[{"href":"https:\/\/mafran.es\/en\/wp-json\/wp\/v2\/posts\/34","targetHints":{"allow":["GET"]}}],"collection":[{"href":"https:\/\/mafran.es\/en\/wp-json\/wp\/v2\/posts"}],"about":[{"href":"https:\/\/mafran.es\/en\/wp-json\/wp\/v2\/types\/post"}],"author":[{"embeddable":true,"href":"https:\/\/mafran.es\/en\/wp-json\/wp\/v2\/users\/1"}],"replies":[{"embeddable":true,"href":"https:\/\/mafran.es\/en\/wp-json\/wp\/v2\/comments?post=34"}],"version-history":[{"count":3,"href":"https:\/\/mafran.es\/en\/wp-json\/wp\/v2\/posts\/34\/revisions"}],"predecessor-version":[{"id":930,"href":"https:\/\/mafran.es\/en\/wp-json\/wp\/v2\/posts\/34\/revisions\/930"}],"wp:featuredmedia":[{"embeddable":true,"href":"https:\/\/mafran.es\/en\/wp-json\/wp\/v2\/media\/126"}],"wp:attachment":[{"href":"https:\/\/mafran.es\/en\/wp-json\/wp\/v2\/media?parent=34"}],"wp:term":[{"taxonomy":"category","embeddable":true,"href":"https:\/\/mafran.es\/en\/wp-json\/wp\/v2\/categories?post=34"},{"taxonomy":"post_tag","embeddable":true,"href":"https:\/\/mafran.es\/en\/wp-json\/wp\/v2\/tags?post=34"}],"curies":[{"name":"wp","href":"https:\/\/api.w.org\/{rel}","templated":true}]}}