{"id":340,"date":"2016-03-27T16:24:00","date_gmt":"2016-03-27T16:24:00","guid":{"rendered":"http:\/\/mafran.es\/pioneros-y-olvidados\/"},"modified":"2019-10-19T07:21:38","modified_gmt":"2019-10-19T07:21:38","slug":"pioneros-y-olvidados","status":"publish","type":"post","link":"https:\/\/mafran.es\/en\/pioneros-y-olvidados\/","title":{"rendered":"Pioneros y olvidados."},"content":{"rendered":"<div style=\"text-align: justify;\">Y la historia de hoy es un hito del mundo del cine, pero desconocido en Espa\u00f1a. En Espa\u00f1a, los a\u00f1os 40 son a\u00f1os de miseria y hambre. Nuestros mayores nos lo cuentan y nuestros ni\u00f1os no se lo pueden imaginar. Un pa\u00eds donde no hab\u00eda comida, donde conseguir algo de leche o patatas era un fest\u00edn, donde la carne era ciencia ficci\u00f3n. Un pa\u00eds destrozado por una guerra y un dictador.<\/div>\n<div style=\"text-align: justify;\"><\/div>\n<div style=\"text-align: justify;\">Cartillas de racionamiento, miedo a la represi\u00f3n militar, pobreza. Pero Espa\u00f1a es un pa\u00eds capaz de realizar cosas incre\u00edble. En la dificultad el espa\u00f1ol se crece, casi de la misma forma que se mengua en la abundancia.<\/div>\n<div style=\"text-align: justify;\"><\/div>\n<div style=\"text-align: justify;\">As\u00ed, en un pa\u00eds que ten\u00eda un salario medio industrial de 12,27 pesetas diarias, unos locos de Barcelona decidi\u00f3 jugarse todo su patrimonio para conseguir poder distribuir las pel\u00edculas de Disney. En aquel momento era necesario producir pel\u00edculas propias para distribuir las que podr\u00edan venir de otros pa\u00edses. As\u00ed que decidieron arriesgarse y crear un engendro: la realizaci\u00f3n de una pel\u00edcula de animaci\u00f3n en color, al estilo de Blancanieves y los 7 enanitos, creada por Disney apenas 6 a\u00f1os antes.<\/div>\n<div style=\"text-align: justify;\"><\/div>\n<div style=\"text-align: justify;\">Era toda una aventura. No s\u00f3lo por lo que significaba tecnol\u00f3gicamente, sino porque no hab\u00eda p\u00fablico, y las autoridades no debajan mucho margen para trabajar. Los locos eran Ram\u00f3n Balet y Jose Mar\u00eda Blay, creando la productora Balet y Blay. Hab\u00eda que elegir un argumento adecuado. Para evitar problemas, eligieron un cuento reci\u00e9n publicado por el r\u00e9gimen: Garbancito de la Mancha, de Juli\u00e1n Pemart\u00edn. Juli\u00e1n Pemart\u00edn era en ese momento el Director del Instituto Nacional del Libro, as\u00ed que seguro que dejar\u00edan la pel\u00edcula y no se entrometer\u00edan en ella. De hecho, se modific\u00f3 y se introdujeron escenas y gui\u00f1os para reducir la carga ideol\u00f3gica (pro-r\u00e9gimen) de la obra escrita. El peloteo de haber seleccionado la obra del censor eliminaron los problemas. Y empezaron a trabajar en 1943.<\/div>\n<div style=\"text-align: justify;\"><\/div>\n<div style=\"text-align: justify;\">Se emplearon a 90 personas y se realizaron m\u00e1s de 350.000 dibujos, capitaneados por Arturo Moreno. En aquella \u00e9poca, la animaci\u00f3n se hac\u00eda a mano y hab\u00eda que filmar pasando las hojas de los dibujos. Completamente artesanal. Tardaron 2 a\u00f1os en dibujarlo todo. En total el presupuesto fue de 3.800.000 pesetas. Una aut\u00e9ntica fortuna para la \u00e9poca.<\/div>\n<div style=\"text-align: justify;\"><\/div>\n<div style=\"text-align: justify;\">Si se tiene en cuenta que el salario medio actual en la industria es de 101 euros (datos del INE de diciembre de 2014), y haciendo la equivalencia, la pel\u00edcula hubiera tenido, a d\u00eda de hoy un presupuesto de m\u00e1s de 31 millones de euros. Ser\u00eda la tercera pel\u00edcula espa\u00f1ola con m\u00e1s presupuesto. Una aut\u00e9ntica barbaridad.<\/div>\n<div style=\"text-align: justify;\"><\/div>\n<div style=\"text-align: justify;\">Arturo Moreno y los productores eran unos rom\u00e1nticos admiradores de Disney y decidieron hacer a mano las mejores t\u00e9cnicas, as\u00ed que la pel\u00edcula se rod\u00f3 en color. Se convirti\u00f3 en hist\u00f3rica, al ser la primera pel\u00edcula de animaci\u00f3n en color fuera de Estados Unidos.<\/div>\n<div style=\"text-align: justify;\"><\/div>\n<div style=\"text-align: justify;\">La pel\u00edcula, lejos de ser un fracaso, fue todo un \u00e9xito. Se comport\u00f3 bien en taquilla y por supuesto, las cr\u00edticas fueron buenas. \u00bfAlguien de aquella \u00e9poca osar\u00eda criticar a un libro de un autor del r\u00e9gimen? Es m\u00e1s, no fue s\u00f3lo el hito de la pel\u00edcula, fue tambi\u00e9n la primera gran marca de merchandising en Espa\u00f1a. Se hicieron cromos, mu\u00f1ecos, libros,&#8230; Los productores no s\u00f3lo consiguieron recuperar la inversi\u00f3n, ganaron en torno a 2 millones de pesetas de esa Espa\u00f1a. Un exitazo.<\/div>\n<div style=\"text-align: justify;\"><\/div>\n<div style=\"text-align: justify;\">Sin embargo no soport\u00f3 el paso del tiempo. Estaba demasiado condicionada por el momento en que se hizo. Di\u00e1logos anticuados (como casi todos los escritos que de esa \u00e9poca) y su calidad t\u00e9cnica no puede ser comparable con las actuales. Incluso la Blancanieves de Disney, obra maestra sin duda, no soportar\u00eda cualquier an\u00e1lisis machista en los tiempos actuales. No puede perderse la perspectiva que son pel\u00edculas de otra \u00e9poca.Pero el espa\u00f1ol es as\u00ed y la obra qued\u00f3 en el olvido y hoy en d\u00eda quedan solo copias en baja calidad. Nadie ha querido restaurarla (incluso traducirla a un lenguaje m\u00e1s actual). S\u00f3lo a finales de 2015, cumpliendo los 70 a\u00f1os de la pel\u00edcula se realiz\u00f3 una exposici\u00f3n en Barcelona record\u00e1ndola.<\/p>\n<\/div>\n<div style=\"text-align: justify;\"><\/div>\n<div style=\"text-align: justify;\">Aunque la pel\u00edcula no soporte una proyecci\u00f3n hoy en d\u00eda, es una pena que la ninguneemos de esa forma. La pel\u00edcula en s\u00ed es un hito, por lo que signific\u00f3 y por lo el ingenio de los productores. Es en los momentos de dificultad cuando los espa\u00f1oles sacamos lo mejor de nosotros y esta pel\u00edcula es una muestra m\u00e1s de ello.<\/div>","protected":false},"excerpt":{"rendered":"<p>Y la historia de hoy es un hito del mundo del cine, pero desconocido en Espa\u00f1a. En Espa\u00f1a, los a\u00f1os 40 son a\u00f1os de miseria y hambre. Nuestros mayores nos lo cuentan y nuestros ni\u00f1os no se lo pueden imaginar. Un pa\u00eds donde no hab\u00eda comida, donde conseguir algo de leche o patatas era un fest\u00edn, donde la carne era ciencia ficci\u00f3n. Un pa\u00eds destrozado por una guerra y un dictador. Cartillas de racionamiento, miedo a la represi\u00f3n militar, pobreza. Pero Espa\u00f1a es un pa\u00eds capaz de realizar cosas incre\u00edble.&hellip;<\/p>","protected":false},"author":1,"featured_media":693,"comment_status":"open","ping_status":"open","sticky":false,"template":"","format":"standard","meta":{"footnotes":""},"categories":[22],"tags":[10],"class_list":["post-340","post","type-post","status-publish","format-standard","has-post-thumbnail","hentry","category-no-puedo-dormir-sin-saber-esto","tag-historia"],"gutentor_comment":0,"rttpg_featured_image_url":{"full":["https:\/\/mafran.es\/wp-content\/uploads\/2016\/03\/garbancito1838.jpg",200,151,false],"landscape":["https:\/\/mafran.es\/wp-content\/uploads\/2016\/03\/garbancito1838.jpg",200,151,false],"portraits":["https:\/\/mafran.es\/wp-content\/uploads\/2016\/03\/garbancito1838.jpg",200,151,false],"thumbnail":["https:\/\/mafran.es\/wp-content\/uploads\/2016\/03\/garbancito1838-150x150.jpg",150,150,true],"medium":["https:\/\/mafran.es\/wp-content\/uploads\/2016\/03\/garbancito1838.jpg",200,151,false],"large":["https:\/\/mafran.es\/wp-content\/uploads\/2016\/03\/garbancito1838.jpg",200,151,false],"folio":["https:\/\/mafran.es\/wp-content\/uploads\/2016\/03\/garbancito1838.jpg",200,151,false],"1536x1536":["https:\/\/mafran.es\/wp-content\/uploads\/2016\/03\/garbancito1838.jpg",200,151,false],"2048x2048":["https:\/\/mafran.es\/wp-content\/uploads\/2016\/03\/garbancito1838.jpg",200,151,false],"trp-custom-language-flag":["https:\/\/mafran.es\/wp-content\/uploads\/2016\/03\/garbancito1838.jpg",16,12,false],"post-thumbnail":["https:\/\/mafran.es\/wp-content\/uploads\/2016\/03\/garbancito1838.jpg",200,151,false],"sow-carousel-default":["https:\/\/mafran.es\/wp-content\/uploads\/2016\/03\/garbancito1838.jpg",200,151,false]},"rttpg_author":{"display_name":"mafran","author_link":"https:\/\/mafran.es\/en\/author\/mafran\/"},"rttpg_comment":0,"rttpg_category":"<a href=\"https:\/\/mafran.es\/en\/category\/no-puedo-dormir-sin-saber-esto\/\" rel=\"category tag\">No Puedo Dormir Sin Saber Esto<\/a>","rttpg_excerpt":"Y la historia de hoy es un hito del mundo del cine, pero desconocido en Espa\u00f1a. En Espa\u00f1a, los a\u00f1os 40 son a\u00f1os de miseria y hambre. Nuestros mayores nos lo cuentan y nuestros ni\u00f1os no se lo pueden imaginar. Un pa\u00eds donde no hab\u00eda comida, donde conseguir algo de leche o patatas era un&hellip;","_links":{"self":[{"href":"https:\/\/mafran.es\/en\/wp-json\/wp\/v2\/posts\/340","targetHints":{"allow":["GET"]}}],"collection":[{"href":"https:\/\/mafran.es\/en\/wp-json\/wp\/v2\/posts"}],"about":[{"href":"https:\/\/mafran.es\/en\/wp-json\/wp\/v2\/types\/post"}],"author":[{"embeddable":true,"href":"https:\/\/mafran.es\/en\/wp-json\/wp\/v2\/users\/1"}],"replies":[{"embeddable":true,"href":"https:\/\/mafran.es\/en\/wp-json\/wp\/v2\/comments?post=340"}],"version-history":[{"count":3,"href":"https:\/\/mafran.es\/en\/wp-json\/wp\/v2\/posts\/340\/revisions"}],"predecessor-version":[{"id":905,"href":"https:\/\/mafran.es\/en\/wp-json\/wp\/v2\/posts\/340\/revisions\/905"}],"wp:featuredmedia":[{"embeddable":true,"href":"https:\/\/mafran.es\/en\/wp-json\/wp\/v2\/media\/693"}],"wp:attachment":[{"href":"https:\/\/mafran.es\/en\/wp-json\/wp\/v2\/media?parent=340"}],"wp:term":[{"taxonomy":"category","embeddable":true,"href":"https:\/\/mafran.es\/en\/wp-json\/wp\/v2\/categories?post=340"},{"taxonomy":"post_tag","embeddable":true,"href":"https:\/\/mafran.es\/en\/wp-json\/wp\/v2\/tags?post=340"}],"curies":[{"name":"wp","href":"https:\/\/api.w.org\/{rel}","templated":true}]}}