{"id":342,"date":"2016-03-08T21:53:00","date_gmt":"2016-03-08T21:53:00","guid":{"rendered":"http:\/\/mafran.es\/vuelva-usted-manana-si-estamos\/"},"modified":"2019-10-19T07:23:17","modified_gmt":"2019-10-19T07:23:17","slug":"vuelva-usted-manana-si-estamos","status":"publish","type":"post","link":"https:\/\/mafran.es\/en\/vuelva-usted-manana-si-estamos\/","title":{"rendered":"Vuelva usted ma\u00f1ana&#8230; si estamos"},"content":{"rendered":"<div class=\"separator\" style=\"clear: both; text-align: center;\"><\/div>\n<div class=\"separator\" style=\"clear: both; text-align: center;\"><\/div>\n<div style=\"text-align: justify;\">Este fin de semana lo hemos pasado en compa\u00f1\u00eda de aut\u00e9nticas Viejas Glorias en un sitio fant\u00e1stico, Teba, en la provincia de M\u00e1laga. Hemos visitado el Desfiladero de los Gaitanes y, en las visitas a los embalses del Guadalteba, Guadalhorce y el embalse del Conde he encontrado una historia curiosa. Una demostraci\u00f3n de lo que es este pa\u00eds, tan bien descrito por el inolvidable Mariano Jos\u00e9 de Larra en su art\u00edculo \u00abVuelva usted ma\u00f1ana\u00bb (que por cierto recomiendo leer, porque podr\u00eda estar publicado en estos d\u00edas sin perder vigencia alguna).<\/div>\n<div style=\"text-align: justify;\"><\/div>\n<div style=\"text-align: justify;\">Vayamos a primeros del siglo XX, cuando la zona del Desfiladero de los Gaitanes comienza a desarrollarse con una central hidroel\u00e9ctrica (que llev\u00f3 a la construcci\u00f3n del famoso \u00abCaminito del Rey\u00bb) y una presa. El desarrollo de los cultivos de la zona, en los planes de conolizaci\u00f3n rural de la \u00e9poca de Franco, llev\u00f3 sobre 1960, a analizar proyectos para dotar de m\u00e1s agua a la zona y que, adem\u00e1s permitieran solucionar problemas de recrecidas en la ciudad de M\u00e1laga. Tras varios an\u00e1lisis se establece, en 1961 que la soluci\u00f3n para por construir dos presas, una en el r\u00edo Guadalteba y otro en el r\u00edo Guadalhorce justo en la confluencia de los dos r\u00edos, de forma que sean casi una sola presa. Las obras de \u00e9stas comenzaron en 1966 y&#8230; aqu\u00ed comienza nuestra historia.<\/div>\n<div style=\"text-align: justify;\"><\/div>\n<div style=\"text-align: justify;\">Y comienza porque la construcci\u00f3n de estas presas inundar\u00edan una zona bastante extensa, y entre ellas, inundar\u00e1 un pueblo, Pe\u00f1arrubia y su pedan\u00eda Gobantes, que adem\u00e1s era una estaci\u00f3n f\u00e9rrea de la l\u00ednea Algeciras &#8211; Bobadilla.<\/div>\n<div style=\"text-align: justify;\"><\/div>\n<div style=\"text-align: justify;\">Tras varios a\u00f1os de protestas e inquietudes, acrecentados por el secretismo de la propia administraci\u00f3n que no daban informaci\u00f3n veraz a los vecinos, pero que ve\u00edan que a pocos kil\u00f3metros se estaba construyendo una presa y c\u00f3mo el pueblo dej\u00f3 de recibir obra alguna, todo se confirm\u00f3 en 1969, El 25 de abril el Consejo de Ministros aprob\u00f3 el abandono del pueblo, ofreciendo varias alternativas de reubicaci\u00f3n entre los poblados colonos de la \u00e9poca. En 1970 se establecieron las indemnizaciones y comenz\u00f3 el \u00e9xodo, aunque el desalojo oficial comenz\u00f3 el 30 de Marzo de 1971. Ese d\u00eda el ACB public\u00f3: \u00abComenzado el desalojo del pueblo de Pe\u00f1arrubia (M\u00e1laga)\u00bb, estableciendo en 4.000 los vecinos que se tendr\u00edan que desplazarse.<\/div>\n<div style=\"text-align: justify;\"><\/div>\n<div style=\"text-align: justify;\">El traslado finaliz\u00f3 en abril de 1972, la mayor\u00eda se trasladaron a Santa Rosal\u00eda, cerca de M\u00e1laga. Pe\u00f1arrubia ya era un pueblo fantasma y se tir\u00f3 abajo todo menos tres edificios, que se dejaron como recordatorio a lo que fue: la iglesia, el colegio y el cuartel de la Guardia Civil. As\u00ed llegamos a enero de 1973. Llovi\u00f3 y el embalse hizo su funci\u00f3n. El pueblo desapareci\u00f3&#8230; o no.<\/div>\n<div style=\"text-align: justify;\"><\/div>\n<div style=\"text-align: justify;\">Buceando en las actas de la \u00e9poca, veo que el 20 de junio de 1973, seis meses despu\u00e9s de que el pueblo desapareciera, literalmente del mapa, se designan a cuatro personas (Eulogio Abelenda, Jos\u00e9 Fern\u00e1ndez, Diego Mart\u00ednez y Carme Werner) en pleno en la Diputaci\u00f3n de M\u00e1laga para que se estudiara \u00abel mejor destino para el municipio de Pe\u00f1arrubia, sus tierras y sus gentes\u00bb. El Ayuntamiento de Pe\u00f1arrubia inici\u00f3 el expediente unos meses antes, pero no hab\u00eda llegado a ning\u00fan sitio, aunque s\u00ed estableci\u00f3 ciertas condiciones para quien incorporara el terreno: deb\u00eda absorber la plantilla, facilitar el archivo de documentos y condicionar la entrega de los bienes a lo que suceda con Santa Rosal\u00eda (donde se hab\u00edan marchado la mayor\u00eda de vecinos). Recuerdo que el pueblo ya llevaba 1 a\u00f1o y 2 meses sin poblaci\u00f3n y casi 7 meses dentro del pantano.<\/div>\n<div style=\"text-align: justify;\"><\/div>\n<div style=\"text-align: justify;\">Fue el 14 de julio de 1973 cuando en un pleno extraordinario se expusieron las razones de Campillos y Antequera para su adhesi\u00f3n y se vot\u00f3 por unanimidad que el municipio se incorporara a Campillos. Este hecho se corrobor\u00f3 en un Decreto, el 1458\/1975, de 12 de junio (\u00a13 a\u00f1os y 2 meses despu\u00e9s del desalojo y 2 a\u00f1os y medio despu\u00e9s de su desaparici\u00f3n bajo las aguas del pantano!) en el que integraba a Pe\u00f1arrubia en Campillos \u00abante la inminente desaparici\u00f3n del municipio por la construcci\u00f3n del embalse sobre los r\u00edos Guadalhorce y Guadalteba&#8230;\u00bb. Tela<\/div>\n<div style=\"text-align: justify;\"><\/div>\n<div style=\"text-align: justify;\">Como siempre la administraci\u00f3n, a su ritmo. Me hubiera gustado ver la cara de un cartero buscando el Ayuntamiento llevando una notificaci\u00f3n all\u00e1 por 1974&#8230; y encontrarse un pantano. Bueno, siempre pod\u00eda haberlo buscado en Google Maps, aparece&#8230; dentro del pantano.<\/div>\n<div style=\"text-align: justify;\"><\/div>\n<div style=\"text-align: justify;\">Me encant\u00f3 la historia, porque es una demostraci\u00f3n clar\u00edsima que la administraci\u00f3n va muy por detr\u00e1s de la realidad, incluso en caso de hechos evidentes. Y, lamentablemente, no es un tema de otra \u00e9poca. Incluso ahora, en la era de la velocidad de la informaci\u00f3n, sufrimos estos males. Ojal\u00e1 alg\u00fan d\u00eda podamos arreglarlo, en ello va, entre otras cosas, nuestro propio futuro.<\/div>","protected":false},"excerpt":{"rendered":"<p>Este fin de semana lo hemos pasado en compa\u00f1\u00eda de aut\u00e9nticas Viejas Glorias en un sitio fant\u00e1stico, Teba, en la provincia de M\u00e1laga. Hemos visitado el Desfiladero de los Gaitanes y, en las visitas a los embalses del Guadalteba, Guadalhorce y el embalse del Conde he encontrado una historia curiosa. Una demostraci\u00f3n de lo que es este pa\u00eds, tan bien descrito por el inolvidable Mariano Jos\u00e9 de Larra en su art\u00edculo \u00abVuelva usted ma\u00f1ana\u00bb (que por cierto recomiendo leer, porque podr\u00eda estar publicado en estos d\u00edas sin perder vigencia alguna).&hellip;<\/p>","protected":false},"author":1,"featured_media":689,"comment_status":"open","ping_status":"open","sticky":false,"template":"","format":"standard","meta":{"footnotes":""},"categories":[22],"tags":[10,16],"class_list":["post-342","post","type-post","status-publish","format-standard","has-post-thumbnail","hentry","category-no-puedo-dormir-sin-saber-esto","tag-historia","tag-politica"],"gutentor_comment":0,"rttpg_featured_image_url":{"full":["https:\/\/mafran.es\/wp-content\/uploads\/2016\/03\/PEC3B1arrubia.jpg",200,130,false],"landscape":["https:\/\/mafran.es\/wp-content\/uploads\/2016\/03\/PEC3B1arrubia.jpg",200,130,false],"portraits":["https:\/\/mafran.es\/wp-content\/uploads\/2016\/03\/PEC3B1arrubia.jpg",200,130,false],"thumbnail":["https:\/\/mafran.es\/wp-content\/uploads\/2016\/03\/PEC3B1arrubia-150x130.jpg",150,130,true],"medium":["https:\/\/mafran.es\/wp-content\/uploads\/2016\/03\/PEC3B1arrubia.jpg",200,130,false],"large":["https:\/\/mafran.es\/wp-content\/uploads\/2016\/03\/PEC3B1arrubia.jpg",200,130,false],"folio":["https:\/\/mafran.es\/wp-content\/uploads\/2016\/03\/PEC3B1arrubia.jpg",200,130,false],"1536x1536":["https:\/\/mafran.es\/wp-content\/uploads\/2016\/03\/PEC3B1arrubia.jpg",200,130,false],"2048x2048":["https:\/\/mafran.es\/wp-content\/uploads\/2016\/03\/PEC3B1arrubia.jpg",200,130,false],"trp-custom-language-flag":["https:\/\/mafran.es\/wp-content\/uploads\/2016\/03\/PEC3B1arrubia.jpg",18,12,false],"post-thumbnail":["https:\/\/mafran.es\/wp-content\/uploads\/2016\/03\/PEC3B1arrubia.jpg",200,130,false],"sow-carousel-default":["https:\/\/mafran.es\/wp-content\/uploads\/2016\/03\/PEC3B1arrubia.jpg",200,130,false]},"rttpg_author":{"display_name":"mafran","author_link":"https:\/\/mafran.es\/en\/author\/mafran\/"},"rttpg_comment":0,"rttpg_category":"<a href=\"https:\/\/mafran.es\/en\/category\/no-puedo-dormir-sin-saber-esto\/\" rel=\"category tag\">No Puedo Dormir Sin Saber Esto<\/a>","rttpg_excerpt":"Este fin de semana lo hemos pasado en compa\u00f1\u00eda de aut\u00e9nticas Viejas Glorias en un sitio fant\u00e1stico, Teba, en la provincia de M\u00e1laga. Hemos visitado el Desfiladero de los Gaitanes y, en las visitas a los embalses del Guadalteba, Guadalhorce y el embalse del Conde he encontrado una historia curiosa. Una demostraci\u00f3n de lo que&hellip;","_links":{"self":[{"href":"https:\/\/mafran.es\/en\/wp-json\/wp\/v2\/posts\/342","targetHints":{"allow":["GET"]}}],"collection":[{"href":"https:\/\/mafran.es\/en\/wp-json\/wp\/v2\/posts"}],"about":[{"href":"https:\/\/mafran.es\/en\/wp-json\/wp\/v2\/types\/post"}],"author":[{"embeddable":true,"href":"https:\/\/mafran.es\/en\/wp-json\/wp\/v2\/users\/1"}],"replies":[{"embeddable":true,"href":"https:\/\/mafran.es\/en\/wp-json\/wp\/v2\/comments?post=342"}],"version-history":[{"count":3,"href":"https:\/\/mafran.es\/en\/wp-json\/wp\/v2\/posts\/342\/revisions"}],"predecessor-version":[{"id":907,"href":"https:\/\/mafran.es\/en\/wp-json\/wp\/v2\/posts\/342\/revisions\/907"}],"wp:featuredmedia":[{"embeddable":true,"href":"https:\/\/mafran.es\/en\/wp-json\/wp\/v2\/media\/689"}],"wp:attachment":[{"href":"https:\/\/mafran.es\/en\/wp-json\/wp\/v2\/media?parent=342"}],"wp:term":[{"taxonomy":"category","embeddable":true,"href":"https:\/\/mafran.es\/en\/wp-json\/wp\/v2\/categories?post=342"},{"taxonomy":"post_tag","embeddable":true,"href":"https:\/\/mafran.es\/en\/wp-json\/wp\/v2\/tags?post=342"}],"curies":[{"name":"wp","href":"https:\/\/api.w.org\/{rel}","templated":true}]}}