{"id":344,"date":"2016-02-21T20:42:00","date_gmt":"2016-02-21T20:42:00","guid":{"rendered":"http:\/\/mafran.es\/menos-es-mas\/"},"modified":"2019-10-19T07:24:49","modified_gmt":"2019-10-19T07:24:49","slug":"menos-es-mas","status":"publish","type":"post","link":"https:\/\/mafran.es\/en\/menos-es-mas\/","title":{"rendered":"Menos es mas."},"content":{"rendered":"<div style=\"text-align: justify;\">\n<div class=\"separator\" style=\"clear: both; text-align: center;\"><\/div>\n<p>La historia de hoy es una historia de arrogancia y de una paradoja que se produce en telecomunicaciones que siempre me ha llamado la atenci\u00f3n.<\/p>\n<\/div>\n<div style=\"text-align: justify;\"><\/div>\n<div style=\"text-align: justify;\">En telecomunicaciones, los radioenlaces (por cierto, denostados a nivel comercial, por una falsa creencia de peor calidad) tienen una particularidad: no siempre m\u00e1s visi\u00f3n es mejor. Un radioenlace es como un cable que se forma en espacio, es un cable imaginario que une una antena con otra. Ese \u00abcable\u00bb tiene un rayo principal, que es la l\u00ednea recta que une las dos antenas (que deben verse, literalmente, entre s\u00ed). Alrededor de esa recta el cable toma forma de elipse, uniendo las dos antenas formando una especie de globo. Cabe pensar que cuanto mayor sea el globo que es capaz de llegar de unir las dos antenas (el globo dejar\u00eda de hincharse cuando apareciera un obst\u00e1culo), m\u00e1s potencia llegar\u00eda a la otra antena y el resultado ser\u00eda mejor, pero no es as\u00ed. En la pr\u00e1ctica se comprueba que la se\u00f1al aumenta, hasta que llega un momento que empieza a menguar, hasta que se hace casi cero, y despu\u00e9s vuelve a crecer.<\/div>\n<div style=\"text-align: justify;\"><\/div>\n<div style=\"text-align: justify;\">Esto se debe a que a medida que el globo crece, el recorrido es m\u00e1s largo y se produce un desfase que termina compensando la propia se\u00f1al inicial. Es como escucharse con retardo, que no entiende uno nada.<\/div>\n<div style=\"text-align: justify;\"><\/div>\n<div style=\"text-align: justify;\">La parte del globo que hace que la se\u00f1al crezca es la llamada primera zona de Fresnel. Cuando empieza a menguar estamos en la segunda zona de Fresnel, y as\u00ed sucesivamente la tercera, cuarta, etc sumando y restando. Esto afecta en la pr\u00e1ctica que si en un radioenlace hay un obst\u00e1culo que deja pasar la primera y segunda zona de Fresnel pero no m\u00e1s, la se\u00f1al es muy inferior que si el obst\u00e1culo tapara m\u00e1s visi\u00f3n y s\u00f3lo dejara pasar la primera zona de Fresnel. Es casi magia y completamente contrario al razonamiento l\u00f3gico, pero los que hemos estado con radioenlaces alguna vez, sabemos que es as\u00ed. En este caso, menos es m\u00e1s.<\/div>\n<div style=\"text-align: justify;\"><\/div>\n<div style=\"text-align: justify;\">\u00bfPero qui\u00e9n fue Fresnel? Pues Fresnel es el ejemplo del antih\u00e9roe. Naci\u00f3 en una Francia complicada (1788). No fue un genio, ni siquiera destac\u00f3 por su capacidad innata. No fue capaz de leer hasta mayor (8 a\u00f1os) y con constancia, fue destacando poco a poco, hasta cursar con honores la carrera de ingenier\u00eda. Y fue un ingeniero civil reconocido, hasta que tras la primera ca\u00edda de Napole\u00f3n, apoy\u00f3 al bando no adecuado y cay\u00f3 en desgracia al regreso de Napole\u00f3n de Elba. Ah\u00ed empez\u00f3 a experimentar con la luz y comenz\u00f3 una nueva vida. Eso s\u00ed que le gustaba. Analiz\u00f3 la polarizaci\u00f3n de la luz y descubri\u00f3 el fen\u00f3meno de la interferencia (en el fondo las zonas de Fresnel no son m\u00e1s que autointerferencias).<\/div>\n<div style=\"text-align: justify;\"><\/div>\n<div style=\"text-align: justify;\">Fresnel cre\u00eda que la luz era una onda y as\u00ed lo defini\u00f3 matem\u00e1ticamente. En aquella \u00e9poca hab\u00eda un encendido debate entre si la luz era una onda o era un corp\u00fasculo. Fresnel defend\u00eda el concepto de onda y Poisson el otro punto de vista. Poisson, en su arrogancia, se consideraba superior a Fresnel y tras estudiar los escritos de su rival decidi\u00f3 proponer un experimento para desacreditarlo p\u00fablicamente. Sin embargo, el experimento propuesto para humillar a Fresnel (conocido como \u00abpunto de vista err\u00f3neo sobre la teor\u00eda ondulatoria de la luz\u00bb) termin\u00f3 confirmando la teor\u00eda del propio Fresnel y su mayor rival consigui\u00f3 que se le concediera un premio por ello. Aunque el debate qued\u00f3 apartado, un siglo despu\u00e9s se retom\u00f3 y apareci\u00f3 una nueva teor\u00eda, la dualidad onda-part\u00edcula, pero eso ser\u00e1 otra entrada.<\/div>\n<div style=\"text-align: justify;\"><\/div>\n<div style=\"text-align: justify;\">Fresnel invent\u00f3 ciertos artilugios importantes relacionados con la luz (las luces de un faro las invent\u00f3 \u00e9l, aprovechando lo que conoc\u00eda de su comportamiento) y fue muy reconocido por sus estudios te\u00f3ricos y pr\u00e1cticos sobre la luz e ingres\u00f3 en la Royal Society en 1825, pero muri\u00f3 poco despu\u00e9s de tuberculosis, en 1827. Sus escritos no tuvieron mucha repercusi\u00f3n hasta a\u00f1os despu\u00e9s, cuando sus seguidores vieron que ten\u00edan cientos de aplicaciones y explicaban muchos fen\u00f3menos, como el efecto de los obst\u00e1culos en un radioenlace.<\/div>\n<div style=\"text-align: justify;\"><\/div>\n<div style=\"text-align: justify;\">Y le doy gracias, porque por gente como \u00e9l yo pude estudiar lo que estudi\u00e9. Y Fue un ejemplo en la vida, porque demostr\u00f3 que a\u00fan sin demasiadas cualidades innatas se puede llegar a destacar y que, tambi\u00e9n en la vida, a veces, menos es m\u00e1s.<\/div>","protected":false},"excerpt":{"rendered":"<p>La historia de hoy es una historia de arrogancia y de una paradoja que se produce en telecomunicaciones que siempre me ha llamado la atenci\u00f3n. En telecomunicaciones, los radioenlaces (por cierto, denostados a nivel comercial, por una falsa creencia de peor calidad) tienen una particularidad: no siempre m\u00e1s visi\u00f3n es mejor. Un radioenlace es como un cable que se forma en espacio, es un cable imaginario que une una antena con otra. Ese \u00abcable\u00bb tiene un rayo principal, que es la l\u00ednea recta que une las dos antenas (que deben&hellip;<\/p>","protected":false},"author":1,"featured_media":685,"comment_status":"open","ping_status":"open","sticky":false,"template":"","format":"standard","meta":{"footnotes":""},"categories":[22],"tags":[12,10,14],"class_list":["post-344","post","type-post","status-publish","format-standard","has-post-thumbnail","hentry","category-no-puedo-dormir-sin-saber-esto","tag-ciencia","tag-historia","tag-tecnologia"],"gutentor_comment":0,"rttpg_featured_image_url":{"full":["https:\/\/mafran.es\/wp-content\/uploads\/2016\/02\/Fresnel.jpg",134,200,false],"landscape":["https:\/\/mafran.es\/wp-content\/uploads\/2016\/02\/Fresnel.jpg",134,200,false],"portraits":["https:\/\/mafran.es\/wp-content\/uploads\/2016\/02\/Fresnel.jpg",134,200,false],"thumbnail":["https:\/\/mafran.es\/wp-content\/uploads\/2016\/02\/Fresnel-134x150.jpg",134,150,true],"medium":["https:\/\/mafran.es\/wp-content\/uploads\/2016\/02\/Fresnel.jpg",134,200,false],"large":["https:\/\/mafran.es\/wp-content\/uploads\/2016\/02\/Fresnel.jpg",134,200,false],"folio":["https:\/\/mafran.es\/wp-content\/uploads\/2016\/02\/Fresnel.jpg",134,200,false],"1536x1536":["https:\/\/mafran.es\/wp-content\/uploads\/2016\/02\/Fresnel.jpg",134,200,false],"2048x2048":["https:\/\/mafran.es\/wp-content\/uploads\/2016\/02\/Fresnel.jpg",134,200,false],"trp-custom-language-flag":["https:\/\/mafran.es\/wp-content\/uploads\/2016\/02\/Fresnel.jpg",8,12,false],"post-thumbnail":["https:\/\/mafran.es\/wp-content\/uploads\/2016\/02\/Fresnel-134x172.jpg",134,172,true],"sow-carousel-default":["https:\/\/mafran.es\/wp-content\/uploads\/2016\/02\/Fresnel-134x182.jpg",134,182,true]},"rttpg_author":{"display_name":"mafran","author_link":"https:\/\/mafran.es\/en\/author\/mafran\/"},"rttpg_comment":0,"rttpg_category":"<a href=\"https:\/\/mafran.es\/en\/category\/no-puedo-dormir-sin-saber-esto\/\" rel=\"category tag\">No Puedo Dormir Sin Saber Esto<\/a>","rttpg_excerpt":"La historia de hoy es una historia de arrogancia y de una paradoja que se produce en telecomunicaciones que siempre me ha llamado la atenci\u00f3n. En telecomunicaciones, los radioenlaces (por cierto, denostados a nivel comercial, por una falsa creencia de peor calidad) tienen una particularidad: no siempre m\u00e1s visi\u00f3n es mejor. Un radioenlace es como&hellip;","_links":{"self":[{"href":"https:\/\/mafran.es\/en\/wp-json\/wp\/v2\/posts\/344","targetHints":{"allow":["GET"]}}],"collection":[{"href":"https:\/\/mafran.es\/en\/wp-json\/wp\/v2\/posts"}],"about":[{"href":"https:\/\/mafran.es\/en\/wp-json\/wp\/v2\/types\/post"}],"author":[{"embeddable":true,"href":"https:\/\/mafran.es\/en\/wp-json\/wp\/v2\/users\/1"}],"replies":[{"embeddable":true,"href":"https:\/\/mafran.es\/en\/wp-json\/wp\/v2\/comments?post=344"}],"version-history":[{"count":3,"href":"https:\/\/mafran.es\/en\/wp-json\/wp\/v2\/posts\/344\/revisions"}],"predecessor-version":[{"id":909,"href":"https:\/\/mafran.es\/en\/wp-json\/wp\/v2\/posts\/344\/revisions\/909"}],"wp:featuredmedia":[{"embeddable":true,"href":"https:\/\/mafran.es\/en\/wp-json\/wp\/v2\/media\/685"}],"wp:attachment":[{"href":"https:\/\/mafran.es\/en\/wp-json\/wp\/v2\/media?parent=344"}],"wp:term":[{"taxonomy":"category","embeddable":true,"href":"https:\/\/mafran.es\/en\/wp-json\/wp\/v2\/categories?post=344"},{"taxonomy":"post_tag","embeddable":true,"href":"https:\/\/mafran.es\/en\/wp-json\/wp\/v2\/tags?post=344"}],"curies":[{"name":"wp","href":"https:\/\/api.w.org\/{rel}","templated":true}]}}