{"id":347,"date":"2016-01-31T17:46:00","date_gmt":"2016-01-31T17:46:00","guid":{"rendered":"http:\/\/mafran.es\/un-estrecho-muy-remoto\/"},"modified":"2019-10-19T07:26:45","modified_gmt":"2019-10-19T07:26:45","slug":"un-estrecho-muy-remoto","status":"publish","type":"post","link":"https:\/\/mafran.es\/en\/un-estrecho-muy-remoto\/","title":{"rendered":"Un estrecho muy remoto"},"content":{"rendered":"<div class=\"separator\" style=\"clear: both; text-align: center;\"><\/div>\n<div style=\"text-align: justify;\">Ayer tuve la fortuna de visitar la Nao Victoria en el Puerto de Algeciras. Todo un privilegio ver la r\u00e9plica del barco que primero circunnaveg\u00f3 el globo. Una aventura de h\u00e9roes de la que ya escrib\u00ed una entrada (\u00abDe secundario a leyenda\u00bb).<\/div>\n<div style=\"text-align: justify;\"><\/div>\n<div style=\"text-align: justify;\">Pero ayer, viendo este barco, record\u00e9 otra historia relacionada con esa \u00e9poca de aventuras \u00e9picas, de la que qued\u00f3 un nombre geogr\u00e1fico muy cercano para m\u00ed: El Estrecho de Torres.<\/div>\n<div style=\"text-align: justify;\"><\/div>\n<div style=\"text-align: justify;\">Pocos conocen a este lado del mundo d\u00f3nde est\u00e1 este estrecho ni qu\u00e9 signific\u00f3 en su momento, as\u00ed que lo primero es ubicarlo: es el estrecho que separa Pap\u00faa Nueva Guinea del norte de Australia.<\/div>\n<div style=\"text-align: justify;\"><\/div>\n<div style=\"text-align: justify;\">Tiene una longitud de 150 Km de punta a punta, pero sin embargo, es todo un embudo, dado que es un estrecho muy poco profundo (entre 7 y 15 metros \u00fanicamente) y est\u00e1 plagado de islas (hay aproximadamente 250 islas en este estrecho, de las que 17 est\u00e1n habitadas permanentemente), que forman parte reconocida de Australia y sus habitantes (unos 10.000) son reconocidos abor\u00edgenes por el Gobierno Australiano.<\/div>\n<div style=\"text-align: justify;\"><\/div>\n<div style=\"text-align: justify;\">Este dif\u00edcil punto de navegaci\u00f3n fue descubierto por uno de los aventureros espa\u00f1oles de la \u00e9poca en la que los espa\u00f1oles conoc\u00edan como nadie el mundo: Luis V\u00e1ez de Torres. Es un personaje altamente misterioso, del que no se conoce el nacimiento, ni el lugar del mismo, ni nada hasta que, en 1605 aparece en los registros del Nuevo Mundo como comandante de la segunda nave de una expedici\u00f3n al Pac\u00edfico, la expedici\u00f3n de Pedro Fern\u00e1ndez de Quir\u00f3s.<\/div>\n<div style=\"text-align: justify;\"><\/div>\n<div style=\"text-align: justify;\">Espa\u00f1a estaba empe\u00f1ada en conocer bien el Pac\u00edfico, desde que en 1521, Fernando de Magallanes descubriera las Filipinas. En 1605, ya estaban descubiertas las islas Filipinas, las Islas Salom\u00f3n y las Islas Marianas y la teor\u00eda en esa \u00e9poca es que deb\u00eda existir un gran contienente al sur del Pac\u00edfico, llamado como Tierra Australis, que \u00abbalanceaba\u00bb el peso de la tierra para evitar que la misma volcara.<\/div>\n<div style=\"text-align: justify;\"><\/div>\n<div style=\"text-align: justify;\">Con esa idea parte de Per\u00fa la expedici\u00f3n de Pedro Fern\u00e1ndez de Quir\u00f3s en diciembre de 1605. 5 meses despu\u00e9s avistan tierra, Vanuatu (en mitad del Oc\u00e9ano Pac\u00edfico). Poco despu\u00e9s, hubo un incidente nada claro en la expedici\u00f3n y Fernandez de Quir\u00f3s decidi\u00f3 volver con su barco a Acapulco (M\u00e9xico), dejando all\u00ed el resto de la expedici\u00f3n.<\/div>\n<div style=\"text-align: justify;\"><\/div>\n<div style=\"text-align: justify;\">Tras ese abandono, se abrieron las \u00f3rdenes cerradas existentes y marcharon rumbo a Manila, en las Filipinas. Sin embargo, el mal tiempo desvi\u00f3 las naves hacia Pap\u00faa Nueva Guinea (que era conocida, pero no se sab\u00eda qu\u00e9 era) e incluso m\u00e1s al sur, atravesando el Estrecho que desde entonces lleva su nombre. Par\u00f3 muchas veces, tom\u00f3 posesi\u00f3n de islas, tuvo mucha relaci\u00f3n con los habitantes de las islas del estrecho e incluso se llev\u00f3 a ind\u00edgenas con \u00e9l. Con seguridad conoci\u00f3 que exist\u00eda una vasta tierra m\u00e1s al sur, a la que llamaron \u00abAustrialia\u00bb, haciendo una mezcla entre la Tierra Australis y la casa de Austrias.<\/div>\n<div style=\"text-align: justify;\"><\/div>\n<div style=\"text-align: justify;\">Torres aport\u00f3 mucha documentaci\u00f3n al respecto, cartas de navegaci\u00f3n, mapas, escritos, que a\u00fan hoy se conservan en el Archivo de Indias. Incluso existe una carta en la que Torres instaba al Rey Felipe III a cristianizar \u00abAustrialia\u00bb.<\/div>\n<div style=\"text-align: justify;\"><\/div>\n<div style=\"text-align: justify;\">Toda esta documentaci\u00f3n qued\u00f3 en secreto, de forma que nadie en el mundo conoc\u00eda esta informaci\u00f3n salvo Espa\u00f1a. Espa\u00f1a utilizaba estas islas para comerciar, si bien, nunca las coloniz\u00f3, pues estaban en secreto. Sin embargo, m\u00e1s de 150 a\u00f1os despu\u00e9s, en un episodio de la Guerra de los 7 a\u00f1os, Inglaterra saque\u00f3 La Habana, tomando mucha documentaci\u00f3n como bot\u00edn y entre ellos los relatos de Torres sobre la existencia de estas tierras. El saqueo fue en 1762, y casi inmediatamente, Inglaterra se puso a trabajar: en 1770, James Cook lleg\u00f3 a las tierras ya descubiertas por Torres y las tom\u00f3 para la corona brit\u00e1nica, con el ligero matiz de que desapareci\u00f3 una \u00abi\u00bb en el nombre: Australia.<\/div>\n<div style=\"text-align: justify;\"><\/div>\n<div style=\"text-align: justify;\">La verdad es que esto me lleva a pensar: \u00bfcuantos secretos de estados est\u00e1n ah\u00ed esperando a ser descubiertos? Alg\u00fan d\u00eda los sabremos&#8230; o no.<\/div>\n<div style=\"text-align: justify;\"><\/div>\n<div style=\"text-align: justify;\">En cualquier caso, la expedici\u00f3n de Torres es una muestra de toda una \u00e9poca: viajes incre\u00edbles, en barcos en los que casi no se pod\u00eda estar y en los que los marineros se pegaban meses estando en remojo. Era una \u00e9poca de intr\u00e9pidos y de gente que se jugaban la vida (literalmente) para buscarse un futuro. Pero eran gente meticulosa, que lo documentaban todo y que dejaron constancia de su paso. Aunque, en algunas circunstancias, estaba tan remoto lo descubierto, que, simplemente, quedaron en los papeles.<\/div>","protected":false},"excerpt":{"rendered":"<p>Ayer tuve la fortuna de visitar la Nao Victoria en el Puerto de Algeciras. Todo un privilegio ver la r\u00e9plica del barco que primero circunnaveg\u00f3 el globo. Una aventura de h\u00e9roes de la que ya escrib\u00ed una entrada (\u00abDe secundario a leyenda\u00bb). Pero ayer, viendo este barco, record\u00e9 otra historia relacionada con esa \u00e9poca de aventuras \u00e9picas, de la que qued\u00f3 un nombre geogr\u00e1fico muy cercano para m\u00ed: El Estrecho de Torres. Pocos conocen a este lado del mundo d\u00f3nde est\u00e1 este estrecho ni qu\u00e9 signific\u00f3 en su momento, as\u00ed&hellip;<\/p>","protected":false},"author":1,"featured_media":679,"comment_status":"open","ping_status":"open","sticky":false,"template":"","format":"standard","meta":{"footnotes":""},"categories":[22],"tags":[17,10],"class_list":["post-347","post","type-post","status-publish","format-standard","has-post-thumbnail","hentry","category-no-puedo-dormir-sin-saber-esto","tag-geografia","tag-historia"],"gutentor_comment":3,"rttpg_featured_image_url":{"full":["https:\/\/mafran.es\/wp-content\/uploads\/2016\/01\/Torres.jpg",193,200,false],"landscape":["https:\/\/mafran.es\/wp-content\/uploads\/2016\/01\/Torres.jpg",193,200,false],"portraits":["https:\/\/mafran.es\/wp-content\/uploads\/2016\/01\/Torres.jpg",193,200,false],"thumbnail":["https:\/\/mafran.es\/wp-content\/uploads\/2016\/01\/Torres-150x150.jpg",150,150,true],"medium":["https:\/\/mafran.es\/wp-content\/uploads\/2016\/01\/Torres.jpg",193,200,false],"large":["https:\/\/mafran.es\/wp-content\/uploads\/2016\/01\/Torres.jpg",193,200,false],"folio":["https:\/\/mafran.es\/wp-content\/uploads\/2016\/01\/Torres.jpg",193,200,false],"1536x1536":["https:\/\/mafran.es\/wp-content\/uploads\/2016\/01\/Torres.jpg",193,200,false],"2048x2048":["https:\/\/mafran.es\/wp-content\/uploads\/2016\/01\/Torres.jpg",193,200,false],"trp-custom-language-flag":["https:\/\/mafran.es\/wp-content\/uploads\/2016\/01\/Torres.jpg",12,12,false],"post-thumbnail":["https:\/\/mafran.es\/wp-content\/uploads\/2016\/01\/Torres-193x172.jpg",193,172,true],"sow-carousel-default":["https:\/\/mafran.es\/wp-content\/uploads\/2016\/01\/Torres-193x182.jpg",193,182,true]},"rttpg_author":{"display_name":"mafran","author_link":"https:\/\/mafran.es\/en\/author\/mafran\/"},"rttpg_comment":3,"rttpg_category":"<a href=\"https:\/\/mafran.es\/en\/category\/no-puedo-dormir-sin-saber-esto\/\" rel=\"category tag\">No Puedo Dormir Sin Saber Esto<\/a>","rttpg_excerpt":"Ayer tuve la fortuna de visitar la Nao Victoria en el Puerto de Algeciras. Todo un privilegio ver la r\u00e9plica del barco que primero circunnaveg\u00f3 el globo. Una aventura de h\u00e9roes de la que ya escrib\u00ed una entrada (\u00abDe secundario a leyenda\u00bb). Pero ayer, viendo este barco, record\u00e9 otra historia relacionada con esa \u00e9poca de&hellip;","_links":{"self":[{"href":"https:\/\/mafran.es\/en\/wp-json\/wp\/v2\/posts\/347","targetHints":{"allow":["GET"]}}],"collection":[{"href":"https:\/\/mafran.es\/en\/wp-json\/wp\/v2\/posts"}],"about":[{"href":"https:\/\/mafran.es\/en\/wp-json\/wp\/v2\/types\/post"}],"author":[{"embeddable":true,"href":"https:\/\/mafran.es\/en\/wp-json\/wp\/v2\/users\/1"}],"replies":[{"embeddable":true,"href":"https:\/\/mafran.es\/en\/wp-json\/wp\/v2\/comments?post=347"}],"version-history":[{"count":3,"href":"https:\/\/mafran.es\/en\/wp-json\/wp\/v2\/posts\/347\/revisions"}],"predecessor-version":[{"id":912,"href":"https:\/\/mafran.es\/en\/wp-json\/wp\/v2\/posts\/347\/revisions\/912"}],"wp:featuredmedia":[{"embeddable":true,"href":"https:\/\/mafran.es\/en\/wp-json\/wp\/v2\/media\/679"}],"wp:attachment":[{"href":"https:\/\/mafran.es\/en\/wp-json\/wp\/v2\/media?parent=347"}],"wp:term":[{"taxonomy":"category","embeddable":true,"href":"https:\/\/mafran.es\/en\/wp-json\/wp\/v2\/categories?post=347"},{"taxonomy":"post_tag","embeddable":true,"href":"https:\/\/mafran.es\/en\/wp-json\/wp\/v2\/tags?post=347"}],"curies":[{"name":"wp","href":"https:\/\/api.w.org\/{rel}","templated":true}]}}