{"id":348,"date":"2016-01-24T18:11:00","date_gmt":"2016-01-24T18:11:00","guid":{"rendered":"http:\/\/mafran.es\/algo-mas-que-un-simple-matematico\/"},"modified":"2019-10-19T07:27:20","modified_gmt":"2019-10-19T07:27:20","slug":"algo-mas-que-un-simple-matematico","status":"publish","type":"post","link":"https:\/\/mafran.es\/en\/algo-mas-que-un-simple-matematico\/","title":{"rendered":"Algo m\u00e1s que un simple matem\u00e1tico"},"content":{"rendered":"<div class=\"separator\" style=\"clear: both; text-align: center;\"><\/div>\n<div style=\"text-align: justify;\">Hay ciertos personajes en la Historia, que quedan en el recuerdo por algo que descubri\u00f3, aunque realmente trajeron consigo muchas cosas, tanto, que a veces, cambiaron toda una cultura.<\/div>\n<div style=\"text-align: justify;\"><\/div>\n<div style=\"text-align: justify;\">Escribiendo la entrada anterior, me top\u00e9 con la inclusi\u00f3n de la numeraci\u00f3n ar\u00e1biga en Europa. Se produjo gracias al Papa Silvestre II en los finales del milenio pasado, pero tambi\u00e9n fue determinante para ello un se\u00f1or llamado Leonardo de Pisa, en un libro, \u00abLiber abaci\u00bb, escrito en el a\u00f1o 1202.<\/div>\n<div style=\"text-align: justify;\"><\/div>\n<div style=\"text-align: justify;\">\u00bfY quien es Leonardo de Pisa? Quiz\u00e1s as\u00ed nadie lo conozca, pero su apodo, Fibonacci, es mucho m\u00e1s popular.<\/div>\n<div style=\"text-align: justify;\"><\/div>\n<div style=\"text-align: justify;\">Nuestro personaje naci\u00f3 en Pisa sobre 1170. Hijo de un comerciante italiano tuvo que viajar a ayudarlo en su puesto de comercio en Buj\u00eda (Argelia), donde aprendi\u00f3 la numeraci\u00f3n ar\u00e1biga y se dio cuenta que eran fundamentales para el desarrollo de la civilizaci\u00f3n. Viaj\u00f3 por el mediterr\u00e1neo, especialmente por los pa\u00edses \u00e1rabes aprendiendo m\u00e1s sobre esta numeraci\u00f3n y regres\u00f3 a su ciudad sobre 1200, publicando su libro m\u00e1s famoso unos a\u00f1os despu\u00e9s.<\/div>\n<div style=\"text-align: justify;\"><\/div>\n<div style=\"text-align: justify;\">Ese libro no era un libro s\u00f3lo para eruditos. Era un libro para mejorar la contabilidad, el c\u00e1lculo de intereses, el cambio de la moneda. Contabilidad pr\u00e1ctica. Conceptos que seguimos utilizando hoy en d\u00eda casi sin variaci\u00f3n. Ese libro se extendi\u00f3 en su \u00e9poca y cambi\u00f3 la forma de contabilidad, lo que gener\u00f3 que Italia se convirtiera en el centro del comercio al final de la Edad Media. Marco Polo nacer\u00eda a penas 50 a\u00f1os despu\u00e9s y tambi\u00e9n una incipiente banca, que deriv\u00f3, a penas un siglo despu\u00e9s en la banca Medici y en otros bancos italianos de Venecia, Florencia, etc. Era el fin de la Edad Media, refrendada con la ca\u00edda de Constantinopla en 1453 y la posterior la llegada a Italia de sabios cristianos de oriente.<\/div>\n<div style=\"text-align: justify;\"><\/div>\n<div style=\"text-align: justify;\">Fibonacci hizo un tratado pr\u00e1ctico del c\u00e1lculo que influy\u00f3 definitivamente en la historia, pero curiosamente, su nombre no se conoce por ello, sino por una serie, llamada como \u00e9l pero que curiosamente no descubri\u00f3. La serie de Fibonacci es una sucesi\u00f3n en la que cada n\u00famero viene dado por la suma de los dos anteriores: 1,1,2,3,5,8,13,&#8230; Fue descubierta en la India sobre el a\u00f1o 200 de nuestra era. Fibonacci la aprendi\u00f3 en sus viajes y la describi\u00f3 en su libro. As\u00ed que el fue el que la populariz\u00f3 en Europa, simplemente.<\/div>\n<div style=\"text-align: justify;\"><\/div>\n<div style=\"text-align: justify;\">Parece poco importante, pero esta serie describe muchos de los problemas habituales en la pr\u00e1cticas: evoluci\u00f3n de las parejas en una poblaci\u00f3n, la disposici\u00f3n de las hojas en los tallos, y en general el crecimiento sistem\u00e1tico en la naturaleza. Tambi\u00e9n ha sido utilizada en relaci\u00f3n con la disposici\u00f3n en el espacio de los planetas y en m\u00fasica con acordes singulares. Adem\u00e1s, el cociente de dos n\u00fameros correlativos tiende al n\u00famero \u00e1ureo, n\u00famero reproducido en las proporciones de crecimientos en la naturaleza.<\/div>\n<div style=\"text-align: justify;\"><\/div>\n<div style=\"text-align: justify;\">Pero la aportaci\u00f3n de Fibonacci a la matem\u00e1tica no s\u00f3lo qued\u00f3 en eso aportando en otros 4 libros soluciones a problemas de geometr\u00eda, \u00e1lgebra y c\u00e1lculo. Fibonacci llevaba una ventaja competitiva a sus coet\u00e1neos. Sab\u00eda c\u00f3mo numerar y eso fue fundamental.<\/div>\n<div style=\"text-align: justify;\"><\/div>\n<div style=\"text-align: justify;\">Se convirti\u00f3 en todo un personaje en los c\u00edrculos intelectuales de la \u00e9poca y eso no qued\u00f3 en saco roto. En 1240 fue honrado con una paga vitalicia por la Rep\u00fablica de Pisa. Ya no era un simple matem\u00e1tico porque hab\u00eda conseguido cambiar, desde su conocimiento, la econom\u00eda de una ciudad y puso la primera piedra para un cambio en la Historia con may\u00fasculas.<\/div>","protected":false},"excerpt":{"rendered":"<p>Hay ciertos personajes en la Historia, que quedan en el recuerdo por algo que descubri\u00f3, aunque realmente trajeron consigo muchas cosas, tanto, que a veces, cambiaron toda una cultura. Escribiendo la entrada anterior, me top\u00e9 con la inclusi\u00f3n de la numeraci\u00f3n ar\u00e1biga en Europa. Se produjo gracias al Papa Silvestre II en los finales del milenio pasado, pero tambi\u00e9n fue determinante para ello un se\u00f1or llamado Leonardo de Pisa, en un libro, \u00abLiber abaci\u00bb, escrito en el a\u00f1o 1202. \u00bfY quien es Leonardo de Pisa? Quiz\u00e1s as\u00ed nadie lo conozca,&hellip;<\/p>","protected":false},"author":1,"featured_media":677,"comment_status":"open","ping_status":"open","sticky":false,"template":"","format":"standard","meta":{"footnotes":""},"categories":[22],"tags":[10,18],"class_list":["post-348","post","type-post","status-publish","format-standard","has-post-thumbnail","hentry","category-no-puedo-dormir-sin-saber-esto","tag-historia","tag-matematicas"],"gutentor_comment":0,"rttpg_featured_image_url":{"full":["https:\/\/mafran.es\/wp-content\/uploads\/2016\/01\/fibonacci-1079776_1280.jpg",200,127,false],"landscape":["https:\/\/mafran.es\/wp-content\/uploads\/2016\/01\/fibonacci-1079776_1280.jpg",200,127,false],"portraits":["https:\/\/mafran.es\/wp-content\/uploads\/2016\/01\/fibonacci-1079776_1280.jpg",200,127,false],"thumbnail":["https:\/\/mafran.es\/wp-content\/uploads\/2016\/01\/fibonacci-1079776_1280-150x127.jpg",150,127,true],"medium":["https:\/\/mafran.es\/wp-content\/uploads\/2016\/01\/fibonacci-1079776_1280.jpg",200,127,false],"large":["https:\/\/mafran.es\/wp-content\/uploads\/2016\/01\/fibonacci-1079776_1280.jpg",200,127,false],"folio":["https:\/\/mafran.es\/wp-content\/uploads\/2016\/01\/fibonacci-1079776_1280.jpg",200,127,false],"1536x1536":["https:\/\/mafran.es\/wp-content\/uploads\/2016\/01\/fibonacci-1079776_1280.jpg",200,127,false],"2048x2048":["https:\/\/mafran.es\/wp-content\/uploads\/2016\/01\/fibonacci-1079776_1280.jpg",200,127,false],"trp-custom-language-flag":["https:\/\/mafran.es\/wp-content\/uploads\/2016\/01\/fibonacci-1079776_1280.jpg",18,12,false],"post-thumbnail":["https:\/\/mafran.es\/wp-content\/uploads\/2016\/01\/fibonacci-1079776_1280.jpg",200,127,false],"sow-carousel-default":["https:\/\/mafran.es\/wp-content\/uploads\/2016\/01\/fibonacci-1079776_1280.jpg",200,127,false]},"rttpg_author":{"display_name":"mafran","author_link":"https:\/\/mafran.es\/en\/author\/mafran\/"},"rttpg_comment":0,"rttpg_category":"<a href=\"https:\/\/mafran.es\/en\/category\/no-puedo-dormir-sin-saber-esto\/\" rel=\"category tag\">No Puedo Dormir Sin Saber Esto<\/a>","rttpg_excerpt":"Hay ciertos personajes en la Historia, que quedan en el recuerdo por algo que descubri\u00f3, aunque realmente trajeron consigo muchas cosas, tanto, que a veces, cambiaron toda una cultura. Escribiendo la entrada anterior, me top\u00e9 con la inclusi\u00f3n de la numeraci\u00f3n ar\u00e1biga en Europa. Se produjo gracias al Papa Silvestre II en los finales del&hellip;","_links":{"self":[{"href":"https:\/\/mafran.es\/en\/wp-json\/wp\/v2\/posts\/348","targetHints":{"allow":["GET"]}}],"collection":[{"href":"https:\/\/mafran.es\/en\/wp-json\/wp\/v2\/posts"}],"about":[{"href":"https:\/\/mafran.es\/en\/wp-json\/wp\/v2\/types\/post"}],"author":[{"embeddable":true,"href":"https:\/\/mafran.es\/en\/wp-json\/wp\/v2\/users\/1"}],"replies":[{"embeddable":true,"href":"https:\/\/mafran.es\/en\/wp-json\/wp\/v2\/comments?post=348"}],"version-history":[{"count":3,"href":"https:\/\/mafran.es\/en\/wp-json\/wp\/v2\/posts\/348\/revisions"}],"predecessor-version":[{"id":913,"href":"https:\/\/mafran.es\/en\/wp-json\/wp\/v2\/posts\/348\/revisions\/913"}],"wp:featuredmedia":[{"embeddable":true,"href":"https:\/\/mafran.es\/en\/wp-json\/wp\/v2\/media\/677"}],"wp:attachment":[{"href":"https:\/\/mafran.es\/en\/wp-json\/wp\/v2\/media?parent=348"}],"wp:term":[{"taxonomy":"category","embeddable":true,"href":"https:\/\/mafran.es\/en\/wp-json\/wp\/v2\/categories?post=348"},{"taxonomy":"post_tag","embeddable":true,"href":"https:\/\/mafran.es\/en\/wp-json\/wp\/v2\/tags?post=348"}],"curies":[{"name":"wp","href":"https:\/\/api.w.org\/{rel}","templated":true}]}}