{"id":350,"date":"2016-01-09T18:43:00","date_gmt":"2016-01-09T18:43:00","guid":{"rendered":"http:\/\/mafran.es\/el-ingenio-que-cambio-el-destino-de-un\/"},"modified":"2019-10-19T07:28:58","modified_gmt":"2019-10-19T07:28:58","slug":"el-ingenio-que-cambio-el-destino-de-un","status":"publish","type":"post","link":"https:\/\/mafran.es\/en\/el-ingenio-que-cambio-el-destino-de-un\/","title":{"rendered":"El ingenio que cambi\u00f3 el destino de un estado"},"content":{"rendered":"<div class=\"separator\" style=\"clear: both; text-align: center;\"><\/div>\n<div style=\"text-align: justify;\">\n<div class=\"separator\" style=\"clear: both; text-align: center;\"><\/div>\n<p>Despu\u00e9s de mucho tiempo, he decidido retomar el blog, espero que le pueda dar la continuidad que tuvo. Ganas no me faltan, lo aseguro.<\/p>\n<\/div>\n<div style=\"text-align: justify;\">He pensado bastante que tema utilizar para retomar el blog. Hab\u00eda muchas opciones: historias, vocabulario, efemerides,&#8230; pero he decidido retomarlo con una de mis historias favoritas. La historia de un ni\u00f1o de marginal que con ingenio, formaci\u00f3n y apoyo fue capaz de cambiar el destino de todo un estado.<\/div>\n<div style=\"text-align: justify;\"><\/div>\n<div style=\"text-align: justify;\">Ese ni\u00f1o es, incluso hoy en d\u00eda, poco conocido. Su nombre es Joseph von Fraunhofer. Joseph naci\u00f3 en una ciudad cercana a Munich, llamada Straubing en 1787. Qued\u00f3 hu\u00e9rfano a los 11 a\u00f1os y para poder sobrevivir le toc\u00f3 trabajar en un taller de cristalero, llamado Weichelsberger. No lo trataba demasiado bien, no le pagaba y no le dejaba ir a la escuela dominical, \u00fanico lugar donde podr\u00eda aprender algo diferente a su oficio. Su vida no parec\u00eda muy halag\u00fce\u00f1a, pero como otras tantas veces, una desgracia hizo cambiar totalmente su vida: en 1801 un accidente tumb\u00f3 el taller donde trabajaba y fue rescatado por el mism\u00edsimo pr\u00edncipe de Baviera, Maximiliano IV.<\/div>\n<div style=\"text-align: justify;\"><\/div>\n<div style=\"text-align: justify;\">\u00c9ste, apenado del chaval, dado que el cristalero falleci\u00f3 en el accidente le dio 18 ducados para que sobreviviera. Fraunhofer no se dedic\u00f3 a gastarse el dinero, sino que se compr\u00f3 una m\u00e1quina propia de corte de vidrio y se dedic\u00f3 a aprender. El propio consejero del pr\u00edncipe Joseph von Utzschneider cuid\u00f3 del chaval durante los a\u00f1os siguiente, mientras aprend\u00eda su oficio. En 1806, 5 a\u00f1os despu\u00e9s del accidente, una vez acabada la formaci\u00f3n como \u00f3ptico, ingres\u00f3 en la Facultad de Matem\u00e1ticas y el Instituto de la Mec\u00e1nica, que se hab\u00eda creado en 1802 para desarrollar los ingenios de los inventores de la zona.<\/div>\n<div style=\"text-align: justify;\"><\/div>\n<div style=\"text-align: justify;\">Desde 1807 fue desarrollando ingenios en el campo de la \u00f3ptica: nuevas m\u00e1quinas de molienda de vidrio y conseguir crear lentes mejoradas, punteras a nivel mundial. Incluso invent\u00f3 una forma de montar las lentes que permit\u00edan corregir grandes defectos de la vista, colocandolas con un espacio de aire entre ellas. Consigui\u00f3 la estabilidad y unos conocimientos que pudo aplicar a otros campos, en concreto uno que ese momento estaba en el candelero: la astronom\u00eda.<\/div>\n<div style=\"text-align: justify;\"><\/div>\n<div style=\"text-align: justify;\">En 1814, la \u00f3ptica y los cristales alcanz\u00f3 tal importancia que la parte de \u00f3ptica se independiz\u00f3 del resto del Instituto, cre\u00e1ndose el Instituto de la \u00f3ptica. Ese mismo a\u00f1o Fraunhofer detect\u00f3, como Wollaston unos a\u00f1os antes, que la luz del Sol no se descompon\u00eda \u00fanicamente en 7 colores, sino que aparec\u00edan tambi\u00e9n unas l\u00edneas negras, su espectro, creando la astrof\u00edsica, hoy en d\u00eda imprescindible en el conocimiento del Universo.<\/div>\n<div style=\"text-align: justify;\">\n<p>Sin embargo, no se qued\u00f3 ah\u00ed. Sigui\u00f3 avazando y estudiando lo que le llevo a ser tambi\u00e9n pionero para las telecomunicaciones, pues, entendi\u00f3, gracias a la matem\u00e1tica y las peculiaridades de la misma que la luz podr\u00eda transportarse indefinidamente. Demostr\u00f3 que la difracci\u00f3n en algunos cristales puede ser casi del 100%, en funci\u00f3n del \u00e1ngulo de incidencia del rayo.<\/p>\n<\/div>\n<div style=\"text-align: justify;\"><\/div>\n<div style=\"text-align: justify;\">Incluso, sus conocimientos le permitieron construir en 1824 el mayor telescopio del mundo. Una r\u00e9plica de este, construida en 1829 instalada en Berl\u00edn, permiti\u00f3 el descubrimiento de Neptuno en 1846.<\/div>\n<div style=\"text-align: justify;\"><\/div>\n<div style=\"text-align: justify;\">Fue ampliamente reconocido aunque su origen humilde y sin formaci\u00f3n retras\u00f3 su entrada en la Academia de Munich, que termin\u00f3 acept\u00e1ndolo en 1821 y de pleno derecho, siendo profesor de f\u00edsica, en 1823.<\/div>\n<div style=\"text-align: justify;\"><\/div>\n<div style=\"text-align: justify;\">Muri\u00f3 en 1826 de tuberculosis, a una edad temprana. S\u00f3lo 39 a\u00f1os. Sin embargo, hab\u00eda conseguido que la regi\u00f3n se convirtiera para siempre en una referencia de la \u00f3ptica, sustituyendo a Inglaterra. Fraunhofer apost\u00f3 por el desarrollo de la tecnolog\u00eda desde el conocimiento y este desarrollo tecnol\u00f3gico desemboc\u00f3, casi 100 a\u00f1os despu\u00e9s en que Baviera fuese el centro tecnol\u00f3gico del pa\u00eds y donde se crearon las primeras y fundamentales f\u00e1bricas de un nuevo producto: el autom\u00f3vil. Audi, BMW, nos suenan a todos. Y s\u00ed convirti\u00f3 a ese estado en el principal motor econ\u00f3mico alem\u00e1n y hoy en d\u00eda, de Europa.<\/div>\n<div style=\"text-align: justify;\"><\/div>\n<div style=\"text-align: justify;\">Lo que lleva a pensar que invertir en formaci\u00f3n no es nunca mala inversi\u00f3n, aunque los frutos se recojan, a veces, unos cientos de a\u00f1os despu\u00e9s.<\/div>","protected":false},"excerpt":{"rendered":"<p>Despu\u00e9s de mucho tiempo, he decidido retomar el blog, espero que le pueda dar la continuidad que tuvo. Ganas no me faltan, lo aseguro. He pensado bastante que tema utilizar para retomar el blog. Hab\u00eda muchas opciones: historias, vocabulario, efemerides,&#8230; pero he decidido retomarlo con una de mis historias favoritas. La historia de un ni\u00f1o de marginal que con ingenio, formaci\u00f3n y apoyo fue capaz de cambiar el destino de todo un estado. Ese ni\u00f1o es, incluso hoy en d\u00eda, poco conocido. Su nombre es Joseph von Fraunhofer. Joseph naci\u00f3&hellip;<\/p>","protected":false},"author":1,"featured_media":673,"comment_status":"open","ping_status":"open","sticky":false,"template":"","format":"standard","meta":{"footnotes":""},"categories":[22],"tags":[12,10,14],"class_list":["post-350","post","type-post","status-publish","format-standard","has-post-thumbnail","hentry","category-no-puedo-dormir-sin-saber-esto","tag-ciencia","tag-historia","tag-tecnologia"],"gutentor_comment":1,"rttpg_featured_image_url":{"full":["https:\/\/mafran.es\/wp-content\/uploads\/2016\/01\/Espectro.jpg",200,150,false],"landscape":["https:\/\/mafran.es\/wp-content\/uploads\/2016\/01\/Espectro.jpg",200,150,false],"portraits":["https:\/\/mafran.es\/wp-content\/uploads\/2016\/01\/Espectro.jpg",200,150,false],"thumbnail":["https:\/\/mafran.es\/wp-content\/uploads\/2016\/01\/Espectro-150x150.jpg",150,150,true],"medium":["https:\/\/mafran.es\/wp-content\/uploads\/2016\/01\/Espectro.jpg",200,150,false],"large":["https:\/\/mafran.es\/wp-content\/uploads\/2016\/01\/Espectro.jpg",200,150,false],"folio":["https:\/\/mafran.es\/wp-content\/uploads\/2016\/01\/Espectro.jpg",200,150,false],"1536x1536":["https:\/\/mafran.es\/wp-content\/uploads\/2016\/01\/Espectro.jpg",200,150,false],"2048x2048":["https:\/\/mafran.es\/wp-content\/uploads\/2016\/01\/Espectro.jpg",200,150,false],"trp-custom-language-flag":["https:\/\/mafran.es\/wp-content\/uploads\/2016\/01\/Espectro.jpg",16,12,false],"post-thumbnail":["https:\/\/mafran.es\/wp-content\/uploads\/2016\/01\/Espectro.jpg",200,150,false],"sow-carousel-default":["https:\/\/mafran.es\/wp-content\/uploads\/2016\/01\/Espectro.jpg",200,150,false]},"rttpg_author":{"display_name":"mafran","author_link":"https:\/\/mafran.es\/en\/author\/mafran\/"},"rttpg_comment":1,"rttpg_category":"<a href=\"https:\/\/mafran.es\/en\/category\/no-puedo-dormir-sin-saber-esto\/\" rel=\"category tag\">No Puedo Dormir Sin Saber Esto<\/a>","rttpg_excerpt":"Despu\u00e9s de mucho tiempo, he decidido retomar el blog, espero que le pueda dar la continuidad que tuvo. Ganas no me faltan, lo aseguro. He pensado bastante que tema utilizar para retomar el blog. Hab\u00eda muchas opciones: historias, vocabulario, efemerides,&#8230; pero he decidido retomarlo con una de mis historias favoritas. La historia de un ni\u00f1o&hellip;","_links":{"self":[{"href":"https:\/\/mafran.es\/en\/wp-json\/wp\/v2\/posts\/350","targetHints":{"allow":["GET"]}}],"collection":[{"href":"https:\/\/mafran.es\/en\/wp-json\/wp\/v2\/posts"}],"about":[{"href":"https:\/\/mafran.es\/en\/wp-json\/wp\/v2\/types\/post"}],"author":[{"embeddable":true,"href":"https:\/\/mafran.es\/en\/wp-json\/wp\/v2\/users\/1"}],"replies":[{"embeddable":true,"href":"https:\/\/mafran.es\/en\/wp-json\/wp\/v2\/comments?post=350"}],"version-history":[{"count":3,"href":"https:\/\/mafran.es\/en\/wp-json\/wp\/v2\/posts\/350\/revisions"}],"predecessor-version":[{"id":915,"href":"https:\/\/mafran.es\/en\/wp-json\/wp\/v2\/posts\/350\/revisions\/915"}],"wp:featuredmedia":[{"embeddable":true,"href":"https:\/\/mafran.es\/en\/wp-json\/wp\/v2\/media\/673"}],"wp:attachment":[{"href":"https:\/\/mafran.es\/en\/wp-json\/wp\/v2\/media?parent=350"}],"wp:term":[{"taxonomy":"category","embeddable":true,"href":"https:\/\/mafran.es\/en\/wp-json\/wp\/v2\/categories?post=350"},{"taxonomy":"post_tag","embeddable":true,"href":"https:\/\/mafran.es\/en\/wp-json\/wp\/v2\/tags?post=350"}],"curies":[{"name":"wp","href":"https:\/\/api.w.org\/{rel}","templated":true}]}}