{"id":353,"date":"2015-03-30T22:27:00","date_gmt":"2015-03-30T22:27:00","guid":{"rendered":"http:\/\/mafran.es\/el-rayo-que-no-cesa\/"},"modified":"2019-10-19T07:29:44","modified_gmt":"2019-10-19T07:29:44","slug":"el-rayo-que-no-cesa","status":"publish","type":"post","link":"https:\/\/mafran.es\/en\/el-rayo-que-no-cesa\/","title":{"rendered":"El rayo que no cesa"},"content":{"rendered":"<div class=\"separator\" style=\"clear: both; text-align: center;\"><\/div>\n<div class=\"separator\" style=\"clear: both; text-align: center;\"><\/div>\n<div style=\"text-align: justify;\">Siempre me han gustado las historias que se esconden en las curiosidades de las banderas. Cuando una bandera tiene algo singular, es porque detr\u00e1s hay una historia que merece la pena. Pues esta entrada tiene ese origen y, por supuesto, algo singular.<\/div>\n<div style=\"text-align: justify;\"><\/div>\n<div style=\"text-align: justify;\">Hace poco me top\u00e9, casi por error, con la bandera de Zulia, un estado de Venezuela, justo donde est\u00e1 el lago Maracaibo. Esa bandera, de color azul y negro, tiene en su parte central un Sol, atravesado por un rayo.<\/div>\n<div style=\"text-align: justify;\"><\/div>\n<div style=\"text-align: justify;\">S\u00ed, un rayo. Es un objeto ins\u00f3lito para la bandera, as\u00ed que me dediqu\u00e9 a indagar por qu\u00e9 existe ese rayo en la bandera. Y lo encontr\u00e9.<\/div>\n<div style=\"text-align: justify;\"><\/div>\n<div style=\"text-align: justify;\">El lago Maracaibo es en realidad una especie de Albufera, est\u00e1 semicerrada (tiene paso al mar) y tiene una salinidad alta para ser un lago, pues est\u00e1 mezclada el agua dulce de los r\u00edos (especialmente el r\u00edo Catatumbo) con el agua del mar.<\/div>\n<div style=\"text-align: justify;\"><\/div>\n<div style=\"text-align: justify;\">Es famoso por ser uno de los lagos m\u00e1s grandes de Sudam\u00e9rica (13.000 Km2, casi como las provincias de C\u00e1diz y M\u00e1laga juntas) y realmente, por su propia configuraci\u00f3n de estar semicerrado (en su origen se cerraba en marea baja y se abr\u00eda con marea alta) y con multitud de islas en esa uni\u00f3n, donde los ind\u00edgenas hab\u00edan construido viviendas sobre pilotes, lo que le record\u00f3 a Am\u00e9rico Vespucio\u00a0(al que se le daba bien lo de los nombres) a nombrar la zona como algo parecido a Venecia&#8230;Venezuela.<\/div>\n<div style=\"text-align: justify;\"><\/div>\n<div style=\"text-align: justify;\">Su apertura se encuentra hacia el norte geogr\u00e1fico del lago y da hacia otro Golfo, el Golfo de Venzuela, por lo que sus aguas y vientos est\u00e1n encauzados por la orograf\u00eda para que pr\u00e1cticamente s\u00f3lo puedan entrar de norte a sur.<\/div>\n<div style=\"text-align: justify;\"><\/div>\n<div style=\"text-align: justify;\">En la zona sur del lago (la opuesta a la apertura) se encuentra llega el final de la cordillera de los Andes, la llamada Cordillera de M\u00e9rida, bastante alta, de unos 5.000 metros sobre el nivel del mar y la cordillera de Perij\u00e1, de unos 3750 metros. En esa zona, los vientos alisios que entran desde el norte por el lago, acumulan humedad, especialmente a mediod\u00eda, por la evaporaci\u00f3n del lago y cuando chocan con la cordillera se acumulan de forma vertical en la parte superior de las monta\u00f1as, formando un choque de nubes h\u00famedas y, finalmente, una tormenta el\u00e9ctrica.<\/div>\n<div style=\"text-align: justify;\"><\/div>\n<div style=\"text-align: justify;\">Esta tormenta el\u00e9ctrica genera rayos y dada la altura a la que se forman estos rayos, pueden verse desde cientos de kil\u00f3metros m\u00e1s al norte, desde fuera del Lago, por lo que es una tormenta que desde tan lejos, s\u00f3lo se ve, pero no se oye.<\/div>\n<div style=\"text-align: justify;\"><\/div>\n<div style=\"text-align: justify;\">Lo m\u00e1s curioso de esta tormenta es que es casi permanente. Se producen 270 d\u00edas al a\u00f1o y viene a durar 10 horas por noche. La tormenta perpetua. Esas descargas el\u00e9ctricas producen reacciones en el aire, generando ozono. Este fen\u00f3meno produce la mayor cantidad de ozono en todo el planeta. Sin embargo, aunque genera mucho ozono, se produce en zonas muy superficiales y muy poco llega a la capa que protege al planeta.<\/div>\n<div style=\"text-align: justify;\"><\/div>\n<div style=\"text-align: justify;\">Se conoce como el \u00abRel\u00e1mpago del Catatumbo\u00bb, por el r\u00edo que cruza las monta\u00f1as en la que se genera y por sus caracter\u00edsticas ha servido como faro en varias batallas. Lope de Vega lo cit\u00f3 en 1597 narrando c\u00f3mo el alcalde de Nombre de Dios derrot\u00f3 al pirata Drake en estas latitudes (batalla que se produjo en 1595). M\u00e1s tarde, en la guerra de la independencia venezolana, tambi\u00e9n se us\u00f3 como referencia en las batallas de las tropas independentistas contra las espa\u00f1olas (1823).<\/div>\n<div style=\"text-align: justify;\"><\/div>\n<div style=\"text-align: justify;\">Es patrimonio natural del estado, y est\u00e1 en v\u00edas de se declarado patrimonio de la humanidad, porque desde luego, no puede negarse su singularidad. Y desde 2014 es parte del libro Guinness de los Records, por ser la zona con mayor densidad de rayos al a\u00f1o.<\/div>\n<div style=\"text-align: justify;\"><\/div>\n<div style=\"text-align: justify;\">Aunque Miguel Hern\u00e1ndez no estaba pensando en Zulia cuando escribi\u00f3 su \u00abRayo que no cesa\u00bb, ser\u00eda porque no lo conoc\u00eda, porque, desde luego, el nombre le viene como anillo al dedo. Nada menos que el 80% de las noches del a\u00f1o se iluminan por esta tormenta. Todo un faro natural y desde luego un fen\u00f3meno que, por su singularidad, debe ser recordado como identidad de la regi\u00f3n.<\/div>\n<div style=\"text-align: justify;\"><\/div>\n<div style=\"text-align: justify;\"><\/div>","protected":false},"excerpt":{"rendered":"<p>Siempre me han gustado las historias que se esconden en las curiosidades de las banderas. Cuando una bandera tiene algo singular, es porque detr\u00e1s hay una historia que merece la pena. Pues esta entrada tiene ese origen y, por supuesto, algo singular. Hace poco me top\u00e9, casi por error, con la bandera de Zulia, un estado de Venezuela, justo donde est\u00e1 el lago Maracaibo. Esa bandera, de color azul y negro, tiene en su parte central un Sol, atravesado por un rayo. S\u00ed, un rayo. Es un objeto ins\u00f3lito para&hellip;<\/p>","protected":false},"author":1,"featured_media":669,"comment_status":"open","ping_status":"open","sticky":false,"template":"","format":"standard","meta":{"footnotes":""},"categories":[22],"tags":[12,17],"class_list":["post-353","post","type-post","status-publish","format-standard","has-post-thumbnail","hentry","category-no-puedo-dormir-sin-saber-esto","tag-ciencia","tag-geografia"],"gutentor_comment":0,"rttpg_featured_image_url":{"full":["https:\/\/mafran.es\/wp-content\/uploads\/2015\/03\/Zulia.jpg",500,375,false],"landscape":["https:\/\/mafran.es\/wp-content\/uploads\/2015\/03\/Zulia.jpg",500,375,false],"portraits":["https:\/\/mafran.es\/wp-content\/uploads\/2015\/03\/Zulia.jpg",500,375,false],"thumbnail":["https:\/\/mafran.es\/wp-content\/uploads\/2015\/03\/Zulia-150x150.jpg",150,150,true],"medium":["https:\/\/mafran.es\/wp-content\/uploads\/2015\/03\/Zulia-300x225.jpg",300,225,true],"large":["https:\/\/mafran.es\/wp-content\/uploads\/2015\/03\/Zulia.jpg",500,375,false],"folio":["https:\/\/mafran.es\/wp-content\/uploads\/2015\/03\/Zulia.jpg",500,375,false],"1536x1536":["https:\/\/mafran.es\/wp-content\/uploads\/2015\/03\/Zulia.jpg",500,375,false],"2048x2048":["https:\/\/mafran.es\/wp-content\/uploads\/2015\/03\/Zulia.jpg",500,375,false],"trp-custom-language-flag":["https:\/\/mafran.es\/wp-content\/uploads\/2015\/03\/Zulia.jpg",16,12,false],"post-thumbnail":["https:\/\/mafran.es\/wp-content\/uploads\/2015\/03\/Zulia-240x172.jpg",240,172,true],"sow-carousel-default":["https:\/\/mafran.es\/wp-content\/uploads\/2015\/03\/Zulia-272x182.jpg",272,182,true]},"rttpg_author":{"display_name":"mafran","author_link":"https:\/\/mafran.es\/en\/author\/mafran\/"},"rttpg_comment":0,"rttpg_category":"<a href=\"https:\/\/mafran.es\/en\/category\/no-puedo-dormir-sin-saber-esto\/\" rel=\"category tag\">No Puedo Dormir Sin Saber Esto<\/a>","rttpg_excerpt":"Siempre me han gustado las historias que se esconden en las curiosidades de las banderas. Cuando una bandera tiene algo singular, es porque detr\u00e1s hay una historia que merece la pena. Pues esta entrada tiene ese origen y, por supuesto, algo singular. Hace poco me top\u00e9, casi por error, con la bandera de Zulia, un&hellip;","_links":{"self":[{"href":"https:\/\/mafran.es\/en\/wp-json\/wp\/v2\/posts\/353","targetHints":{"allow":["GET"]}}],"collection":[{"href":"https:\/\/mafran.es\/en\/wp-json\/wp\/v2\/posts"}],"about":[{"href":"https:\/\/mafran.es\/en\/wp-json\/wp\/v2\/types\/post"}],"author":[{"embeddable":true,"href":"https:\/\/mafran.es\/en\/wp-json\/wp\/v2\/users\/1"}],"replies":[{"embeddable":true,"href":"https:\/\/mafran.es\/en\/wp-json\/wp\/v2\/comments?post=353"}],"version-history":[{"count":3,"href":"https:\/\/mafran.es\/en\/wp-json\/wp\/v2\/posts\/353\/revisions"}],"predecessor-version":[{"id":916,"href":"https:\/\/mafran.es\/en\/wp-json\/wp\/v2\/posts\/353\/revisions\/916"}],"wp:featuredmedia":[{"embeddable":true,"href":"https:\/\/mafran.es\/en\/wp-json\/wp\/v2\/media\/669"}],"wp:attachment":[{"href":"https:\/\/mafran.es\/en\/wp-json\/wp\/v2\/media?parent=353"}],"wp:term":[{"taxonomy":"category","embeddable":true,"href":"https:\/\/mafran.es\/en\/wp-json\/wp\/v2\/categories?post=353"},{"taxonomy":"post_tag","embeddable":true,"href":"https:\/\/mafran.es\/en\/wp-json\/wp\/v2\/tags?post=353"}],"curies":[{"name":"wp","href":"https:\/\/api.w.org\/{rel}","templated":true}]}}