{"id":355,"date":"2015-02-10T23:50:00","date_gmt":"2015-02-10T23:50:00","guid":{"rendered":"http:\/\/mafran.es\/los-origenes-de-la-republica\/"},"modified":"2019-10-19T07:31:19","modified_gmt":"2019-10-19T07:31:19","slug":"los-origenes-de-la-republica","status":"publish","type":"post","link":"https:\/\/mafran.es\/en\/los-origenes-de-la-republica\/","title":{"rendered":"Los or\u00edgenes de la rep\u00fablica"},"content":{"rendered":"<div class=\"separator\" style=\"clear: both; text-align: center;\"><\/div>\n<div style=\"text-align: justify;\">Cuando hoy en d\u00eda alguien piensa en las rep\u00fablicas modernas y en su origen, le viene sin dudar, la revoluci\u00f3n francesa y el levantamiento del 14 de julio de 1789. La toma de la Bastilla y el posterior cambio de r\u00e9gimen, con la ejecuci\u00f3n de los reyes, llev\u00f3 a un nuevo status, que, con vacilaciones, termin\u00f3 consolid\u00e1ndose casi 60 a\u00f1os despu\u00e9s.<\/div>\n<div style=\"text-align: justify;\"><\/div>\n<div style=\"text-align: justify;\">Sin embargo, \u00bfes realmente este el origen de la rep\u00fablica moderna? Pues lament\u00e1ndolo mucho para los franceses, no. Aunque no cabe duda que fue la que marc\u00f3 la l\u00ednea a seguir a otras muchas naciones posteriormente. De las que perduran, la rep\u00fablica de los Estados Unidos de Am\u00e9rica, es anterior (su proclamaci\u00f3n de independencia se realiz\u00f3 el 4 de julio de 1776), pero resulta que \u00e9sta tampoco es la primera rep\u00fablica moderna.<\/div>\n<div style=\"text-align: justify;\"><\/div>\n<div style=\"text-align: justify;\">Para llegar a la primera rep\u00fablica moderna hay que profundizar en la Europa renacentista, a un estado creado en 1569 con un lema: \u00abNuestro Estado es una rep\u00fablica bajo la presidencia de un Rey\u00bb. Estoy hablando de la Rep\u00fablica de las Dos Naciones. Esta Rep\u00fablica, que realmente fue el germen de un nuevo concepto, se cre\u00f3 con la uni\u00f3n mancomunada-federal entre Polonia y Lituania, auspiciada por el Rey Segismundo II. A su muerte, en 1572, se consolid\u00f3 el sistema, con un parlamento que se llam\u00f3 Sejm con gran poder, que qued\u00f3 realmente a manos de la nobleza, elecciones libres (entre los nobles, tampoco abusemos) que nombraban al presidente de la rep\u00fablica, que ten\u00eda denominaci\u00f3n de \u00abRey\u00bb, aunque era electo y en realidad, no gobernaba.<\/div>\n<div style=\"text-align: justify;\"><\/div>\n<div style=\"text-align: justify;\">En esa rep\u00fablica exist\u00eda el derecho de repudio del Rey (se pod\u00eda realizar una rebeli\u00f3n legal que lo derrocar\u00eda en el caso de que no se aprobase su gesti\u00f3n), la posibilidad de discrepar sobre la opini\u00f3n del parlamento e incluso el embri\u00f3n de creaci\u00f3n de partidos pol\u00edticos que permitieran defender opiniones diferentes a las vigentes.<\/div>\n<div style=\"text-align: justify;\"><\/div>\n<div style=\"text-align: justify;\">Evidentemente, era tiempo del absolutismo m\u00e1s profundo en Europa. Estamos hablando de una \u00abrep\u00fablica federal\u00bb (s\u00ed, entre comillas), que se gener\u00f3 casi un siglo antes que el Rey Sol (Luis XIV de Francia), quiz\u00e1s el mayor exponente del absolutismo, as\u00ed que tampoco era una rep\u00fablica como la podemos entender hoy en d\u00eda, sino que s\u00f3lo una parte de la poblaci\u00f3n en torno a un 10% ten\u00eda derechos pol\u00edticos.<\/div>\n<div style=\"text-align: justify;\"><\/div>\n<div style=\"text-align: justify;\">Parece poco, pero no olvidemos que cuando nacieron los EEUU, s\u00f3lo en torno al 25% de la poblaci\u00f3n ten\u00eda derechos pol\u00edticos (ni las mujeres, ni los esclavos ten\u00edan derechos), as\u00ed que teniendo en cuenta que fue bastante antes, la verdad, parece un avance muy significativo.<\/div>\n<div style=\"text-align: justify;\"><\/div>\n<div style=\"text-align: justify;\">Este experimento de rep\u00fablica federal no fue precisamente ef\u00edmero. Perdur\u00f3 hasta 1795, pero a causa de las cont\u00ednuas invasiones suecas, cosacas, austriacas, termin\u00f3 en la anarqu\u00eda, que disolvi\u00f3 la uni\u00f3n, dividi\u00e9ndose el pa\u00eds entre los reinos de Prusia, Rusia y Austria. Pero el germen pol\u00edtico estaba echado, hab\u00eda posibilidad de otros reg\u00edmenes. En Francia, s\u00f3lo faltaba la chispa que generara la revoluci\u00f3n.<\/div>\n<div style=\"text-align: justify;\"><\/div>\n<div style=\"text-align: justify;\">Y esa chispa se gener\u00f3 entre 1776 y 1783, entre 13 y 6 a\u00f1os antes de la toma de la Bastilla. La primera fue el apoyo del propio Reino de Francia a la revoluci\u00f3n americana y su independencia. Les cost\u00f3 un dineral, much\u00edsimo, y eso limit\u00f3 mucho los recursos de la poblaci\u00f3n francesa, que qued\u00f3 a expensas de las cosechas anuales. Adem\u00e1s, les dio a la poblaci\u00f3n una idea de poderse levantar en contra al poder establecido. El apoyo de la monarqu\u00eda a las colonias, en el fondo ense\u00f1\u00f3 el camino a seguir al pueblo franc\u00e9s.<\/div>\n<div style=\"text-align: justify;\"><\/div>\n<div style=\"text-align: justify;\">Y la gota. Faltaba un ingrediente, el hambre. Este hambre lleg\u00f3 a causa de un hecho causal producido en 1783. En ese a\u00f1o, en una peque\u00f1a isla del norte llamada Islandia un volc\u00e1n entr\u00f3 en erupci\u00f3n. El volc\u00e1n, llamado Laki, lanz\u00f3 a la atm\u00f3sfera una cantidad inmensa de cenizas y lava. Tanto, que la poblaci\u00f3n de Islandia se vi\u00f3 reducida en un 20%, y su ganado en un 50%. La nube de polvo, que se conoci\u00f3 como \u00abLa bruma de Laki\u00bb se expandi\u00f3 por toda la zona norte de Europa y perdur\u00f3 durante a\u00f1os, generando hambrunas que afectaron a 6 millones de personas. Se complet\u00f3 el c\u00edrculo. Ideas, ver que una revoluci\u00f3n es posible, falta de recursos y hambre. S\u00f3lo faltaba un motivo, que como siempre fue menor para que saltara todo por los aires y cambiara la historia, originando un r\u00e9gimen, la rep\u00fablica moderna, que, hoy en d\u00eda, es el m\u00e1s extendido del mundo.<\/div>","protected":false},"excerpt":{"rendered":"<p>Cuando hoy en d\u00eda alguien piensa en las rep\u00fablicas modernas y en su origen, le viene sin dudar, la revoluci\u00f3n francesa y el levantamiento del 14 de julio de 1789. La toma de la Bastilla y el posterior cambio de r\u00e9gimen, con la ejecuci\u00f3n de los reyes, llev\u00f3 a un nuevo status, que, con vacilaciones, termin\u00f3 consolid\u00e1ndose casi 60 a\u00f1os despu\u00e9s. Sin embargo, \u00bfes realmente este el origen de la rep\u00fablica moderna? Pues lament\u00e1ndolo mucho para los franceses, no. Aunque no cabe duda que fue la que marc\u00f3 la l\u00ednea&hellip;<\/p>","protected":false},"author":1,"featured_media":665,"comment_status":"open","ping_status":"open","sticky":false,"template":"","format":"standard","meta":{"footnotes":""},"categories":[22],"tags":[10,16],"class_list":["post-355","post","type-post","status-publish","format-standard","has-post-thumbnail","hentry","category-no-puedo-dormir-sin-saber-esto","tag-historia","tag-politica"],"gutentor_comment":0,"rttpg_featured_image_url":{"full":["https:\/\/mafran.es\/wp-content\/uploads\/2015\/02\/Francia.jpg",1024,768,false],"landscape":["https:\/\/mafran.es\/wp-content\/uploads\/2015\/02\/Francia.jpg",1024,768,false],"portraits":["https:\/\/mafran.es\/wp-content\/uploads\/2015\/02\/Francia.jpg",1024,768,false],"thumbnail":["https:\/\/mafran.es\/wp-content\/uploads\/2015\/02\/Francia-150x150.jpg",150,150,true],"medium":["https:\/\/mafran.es\/wp-content\/uploads\/2015\/02\/Francia-300x225.jpg",300,225,true],"large":["https:\/\/mafran.es\/wp-content\/uploads\/2015\/02\/Francia-1024x768.jpg",640,480,true],"folio":["https:\/\/mafran.es\/wp-content\/uploads\/2015\/02\/Francia.jpg",533,400,false],"1536x1536":["https:\/\/mafran.es\/wp-content\/uploads\/2015\/02\/Francia.jpg",1024,768,false],"2048x2048":["https:\/\/mafran.es\/wp-content\/uploads\/2015\/02\/Francia.jpg",1024,768,false],"trp-custom-language-flag":["https:\/\/mafran.es\/wp-content\/uploads\/2015\/02\/Francia.jpg",16,12,false],"post-thumbnail":["https:\/\/mafran.es\/wp-content\/uploads\/2015\/02\/Francia-240x172.jpg",240,172,true],"sow-carousel-default":["https:\/\/mafran.es\/wp-content\/uploads\/2015\/02\/Francia-272x182.jpg",272,182,true]},"rttpg_author":{"display_name":"mafran","author_link":"https:\/\/mafran.es\/en\/author\/mafran\/"},"rttpg_comment":0,"rttpg_category":"<a href=\"https:\/\/mafran.es\/en\/category\/no-puedo-dormir-sin-saber-esto\/\" rel=\"category tag\">No Puedo Dormir Sin Saber Esto<\/a>","rttpg_excerpt":"Cuando hoy en d\u00eda alguien piensa en las rep\u00fablicas modernas y en su origen, le viene sin dudar, la revoluci\u00f3n francesa y el levantamiento del 14 de julio de 1789. La toma de la Bastilla y el posterior cambio de r\u00e9gimen, con la ejecuci\u00f3n de los reyes, llev\u00f3 a un nuevo status, que, con vacilaciones,&hellip;","_links":{"self":[{"href":"https:\/\/mafran.es\/en\/wp-json\/wp\/v2\/posts\/355","targetHints":{"allow":["GET"]}}],"collection":[{"href":"https:\/\/mafran.es\/en\/wp-json\/wp\/v2\/posts"}],"about":[{"href":"https:\/\/mafran.es\/en\/wp-json\/wp\/v2\/types\/post"}],"author":[{"embeddable":true,"href":"https:\/\/mafran.es\/en\/wp-json\/wp\/v2\/users\/1"}],"replies":[{"embeddable":true,"href":"https:\/\/mafran.es\/en\/wp-json\/wp\/v2\/comments?post=355"}],"version-history":[{"count":3,"href":"https:\/\/mafran.es\/en\/wp-json\/wp\/v2\/posts\/355\/revisions"}],"predecessor-version":[{"id":918,"href":"https:\/\/mafran.es\/en\/wp-json\/wp\/v2\/posts\/355\/revisions\/918"}],"wp:featuredmedia":[{"embeddable":true,"href":"https:\/\/mafran.es\/en\/wp-json\/wp\/v2\/media\/665"}],"wp:attachment":[{"href":"https:\/\/mafran.es\/en\/wp-json\/wp\/v2\/media?parent=355"}],"wp:term":[{"taxonomy":"category","embeddable":true,"href":"https:\/\/mafran.es\/en\/wp-json\/wp\/v2\/categories?post=355"},{"taxonomy":"post_tag","embeddable":true,"href":"https:\/\/mafran.es\/en\/wp-json\/wp\/v2\/tags?post=355"}],"curies":[{"name":"wp","href":"https:\/\/api.w.org\/{rel}","templated":true}]}}