{"id":358,"date":"2015-01-06T22:54:00","date_gmt":"2015-01-06T22:54:00","guid":{"rendered":"http:\/\/mafran.es\/yo-conoci-la-tumba-de-los-tres-reyes\/"},"modified":"2019-10-20T18:14:54","modified_gmt":"2019-10-20T18:14:54","slug":"yo-conoci-la-tumba-de-los-tres-reyes","status":"publish","type":"post","link":"https:\/\/mafran.es\/en\/yo-conoci-la-tumba-de-los-tres-reyes\/","title":{"rendered":"Yo conoc\u00ed la tumba de los tres reyes"},"content":{"rendered":"<div style=\"text-align: justify;\">He elegido un d\u00eda como hoy para retomar el blog, despu\u00e9s de unos meses dedicando las noches a otros menesteres m\u00e1s cient\u00edficos. Y claro, una entrada escrita tal d\u00eda como hoy, no puede ser sino sobre los tres Reyes Magos que nos visitan a\u00f1o tras a\u00f1o el 6 de enero.<\/div>\n<div style=\"text-align: justify;\"><\/div>\n<div style=\"text-align: justify;\">Los magos de oriente es una de esas historias b\u00edblicas comunmente aceptadas pero que no aparecen tal cual en la biblia. No es la \u00fanica. Los padres de la Virgen, Joaqu\u00edn y Ana, tan populares y conocidos no aparecen en ning\u00fan sitio.<\/div>\n<div style=\"text-align: justify;\"><\/div>\n<div style=\"text-align: justify;\">Pero nuestros magos s\u00ed que aparecen. En el Evangelio de Mateo, en el cap\u00edtulo 2, se habla de que unos magos llegaron de oriente a Jerusalen cuando naci\u00f3 Jes\u00fas, preguntando a Herodes, d\u00f3nde hab\u00eda nacido el Rey de los Jud\u00edos. Herodes, entr\u00f3 en c\u00f3lera y pidi\u00f3 a los magos que una vez conocido, les dijera d\u00f3nde, para poder \u00e9l ir a saludar al nuevo rey, pero los magos, adivinando las malas intenciones, decidieron no volver a Herodes. Siguiendo la estrella, llegaron hasta Bel\u00e9n y all\u00ed le ofrecieron oro, incienso y mirra.<\/div>\n<div style=\"text-align: justify;\"><\/div>\n<div style=\"text-align: justify;\">Esas son todas la referencias sobre los Reyes Magos en la Biblia. No se dicen los nombres, no se dice el origen ni se dice c\u00f3mo eran. Para m\u00e1s inri, el hecho de no volver a Herodes hizo que \u00e9ste se enfadara y mandara matar a todos los ni\u00f1os menores de dos a\u00f1os, dando lugar a otra celebraci\u00f3n navide\u00f1a muy conocida, los Santos Inocentes, pero que cronol\u00f3gicamente, en la Biblia, se produjo despu\u00e9s de la llegada de los Reyes Magos.<\/div>\n<div style=\"text-align: justify;\"><\/div>\n<div style=\"text-align: justify;\">Entonces, \u00bfde d\u00f3nde salen los nombres que todos conocemos de memoria, las razas, los camellos, los pajes? Es algo que todos damos por sentado que viene de la Biblia, pero no es as\u00ed. Los Reyes Magos aparecen en la tradici\u00f3n oral antigua, y sobre todo, viene muy bien detallado en un Evangelio ap\u00f3crifo, el Evangelio Armenio de la Infancia. En ese evangelio s\u00ed que se describe con detalle la llegada de \u00abtres reyes de los magos\u00bb de los paises de oriente, llamados Melkon (que imperaba sobre los persas), Gaspar (que imperaba sobre los indios) y Baltasar (sobre los \u00e1rabes). Este es el origen del color moreno de Baltasar, color predominante en los \u00e1rabes (ojo, que no es negro originalmente, sino moreno).<\/div>\n<div style=\"text-align: justify;\"><\/div>\n<div style=\"text-align: justify;\">Tras nueve meses siguiendo una estrella llegaron tres d\u00edas despu\u00e9s del nacimiento: el 9 de enero, porque seg\u00fan ese mismo evangelio, el nacimiento fue el 6 de enero, fecha por la cual se mantiene la celebraci\u00f3n ese d\u00eda, contradiciendo la cronolog\u00eda b\u00edblica oficial. S\u00ed indican los presentes, que eran, entre otras cosas, mirra, incienso y oro. Y un cuarto regalo, el libro del Testamento, dado por Dios a Ad\u00e1n y que s\u00f3lo el Mes\u00edas podr\u00eda abrirlo.<\/div>\n<div style=\"text-align: justify;\"><\/div>\n<div style=\"text-align: justify;\">Me encanta ver c\u00f3mo la tradici\u00f3n imperante es la de un libro rechazado oficialmente. Y que curiosamente no es demasiado conocido. Leer este evangelio, es leer la historia de los Reyes que siempre nos han contado.<\/div>\n<div style=\"text-align: justify;\"><\/div>\n<div style=\"text-align: justify;\">Pero los Reyes no son nada sin regalos. Es una tradici\u00f3n casi exclusivamente espa\u00f1ola y algunos sitios de hispanoam\u00e9rica. Pero esto no siempre fue as\u00ed. Shakespeare escribi\u00f3 una obra llamada \u00abNoche de Reyes\u00bb en la que se narra una noche de Reyes en Inglaterra en 1600. Pero poco a poco, la tradici\u00f3n y el pragmatismo de tener m\u00e1s d\u00edas de disfrute fue imponiendo a Papa Noel, cosa que me temo pasar\u00e1 tambi\u00e9n en Espa\u00f1a.<\/div>\n<div style=\"text-align: justify;\"><\/div>\n<div style=\"text-align: justify;\">Una \u00faltima cosa sobe los Reyes. Yo estuve en tu tumba. Fue en 2006 en un viaje que hicimos maravilloso a Colonia junto con amigos. S\u00ed, los Reyes Magos est\u00e1n enterrados en la Catedral de Colonia, a donde llegaron en 1164 por el emperador del sacro imperio romano germ\u00e1nico, Federico Barbarroja.<\/div>\n<div style=\"text-align: justify;\"><\/div>\n<div style=\"text-align: justify;\">As\u00ed que s\u00ed, yo conoc\u00ed la tumba de los tres reyes, a pesar de que vengan todos los a\u00f1os acompa\u00f1ados con nuevos regalos e ilusiones.<\/div>\n<div style=\"text-align: justify;\"><\/div>\n<div style=\"text-align: justify;\"><\/div>\n<div style=\"text-align: justify;\"><\/div>\n<div style=\"text-align: justify;\"><\/div>","protected":false},"excerpt":{"rendered":"<p>He elegido un d\u00eda como hoy para retomar el blog, despu\u00e9s de unos meses dedicando las noches a otros menesteres m\u00e1s cient\u00edficos. Y claro, una entrada escrita tal d\u00eda como hoy, no puede ser sino sobre los tres Reyes Magos que nos visitan a\u00f1o tras a\u00f1o el 6 de enero. Los magos de oriente es una de esas historias b\u00edblicas comunmente aceptadas pero que no aparecen tal cual en la biblia. No es la \u00fanica. Los padres de la Virgen, Joaqu\u00edn y Ana, tan populares y conocidos no aparecen en&hellip;<\/p>","protected":false},"author":1,"featured_media":659,"comment_status":"open","ping_status":"open","sticky":false,"template":"","format":"standard","meta":{"footnotes":""},"categories":[22],"tags":[10,19],"class_list":["post-358","post","type-post","status-publish","format-standard","has-post-thumbnail","hentry","category-no-puedo-dormir-sin-saber-esto","tag-historia","tag-religion"],"gutentor_comment":0,"rttpg_featured_image_url":{"full":["https:\/\/mafran.es\/wp-content\/uploads\/2015\/01\/151926201_a59a26866f_o.jpg",597,411,false],"landscape":["https:\/\/mafran.es\/wp-content\/uploads\/2015\/01\/151926201_a59a26866f_o.jpg",597,411,false],"portraits":["https:\/\/mafran.es\/wp-content\/uploads\/2015\/01\/151926201_a59a26866f_o.jpg",597,411,false],"thumbnail":["https:\/\/mafran.es\/wp-content\/uploads\/2015\/01\/151926201_a59a26866f_o-150x150.jpg",150,150,true],"medium":["https:\/\/mafran.es\/wp-content\/uploads\/2015\/01\/151926201_a59a26866f_o-300x207.jpg",300,207,true],"large":["https:\/\/mafran.es\/wp-content\/uploads\/2015\/01\/151926201_a59a26866f_o.jpg",597,411,false],"folio":["https:\/\/mafran.es\/wp-content\/uploads\/2015\/01\/151926201_a59a26866f_o.jpg",581,400,false],"1536x1536":["https:\/\/mafran.es\/wp-content\/uploads\/2015\/01\/151926201_a59a26866f_o.jpg",597,411,false],"2048x2048":["https:\/\/mafran.es\/wp-content\/uploads\/2015\/01\/151926201_a59a26866f_o.jpg",597,411,false],"trp-custom-language-flag":["https:\/\/mafran.es\/wp-content\/uploads\/2015\/01\/151926201_a59a26866f_o.jpg",18,12,false],"post-thumbnail":["https:\/\/mafran.es\/wp-content\/uploads\/2015\/01\/151926201_a59a26866f_o-240x172.jpg",240,172,true],"sow-carousel-default":["https:\/\/mafran.es\/wp-content\/uploads\/2015\/01\/151926201_a59a26866f_o-272x182.jpg",272,182,true]},"rttpg_author":{"display_name":"mafran","author_link":"https:\/\/mafran.es\/en\/author\/mafran\/"},"rttpg_comment":0,"rttpg_category":"<a href=\"https:\/\/mafran.es\/en\/category\/no-puedo-dormir-sin-saber-esto\/\" rel=\"category tag\">No Puedo Dormir Sin Saber Esto<\/a>","rttpg_excerpt":"He elegido un d\u00eda como hoy para retomar el blog, despu\u00e9s de unos meses dedicando las noches a otros menesteres m\u00e1s cient\u00edficos. Y claro, una entrada escrita tal d\u00eda como hoy, no puede ser sino sobre los tres Reyes Magos que nos visitan a\u00f1o tras a\u00f1o el 6 de enero. Los magos de oriente es&hellip;","_links":{"self":[{"href":"https:\/\/mafran.es\/en\/wp-json\/wp\/v2\/posts\/358","targetHints":{"allow":["GET"]}}],"collection":[{"href":"https:\/\/mafran.es\/en\/wp-json\/wp\/v2\/posts"}],"about":[{"href":"https:\/\/mafran.es\/en\/wp-json\/wp\/v2\/types\/post"}],"author":[{"embeddable":true,"href":"https:\/\/mafran.es\/en\/wp-json\/wp\/v2\/users\/1"}],"replies":[{"embeddable":true,"href":"https:\/\/mafran.es\/en\/wp-json\/wp\/v2\/comments?post=358"}],"version-history":[{"count":3,"href":"https:\/\/mafran.es\/en\/wp-json\/wp\/v2\/posts\/358\/revisions"}],"predecessor-version":[{"id":925,"href":"https:\/\/mafran.es\/en\/wp-json\/wp\/v2\/posts\/358\/revisions\/925"}],"wp:featuredmedia":[{"embeddable":true,"href":"https:\/\/mafran.es\/en\/wp-json\/wp\/v2\/media\/659"}],"wp:attachment":[{"href":"https:\/\/mafran.es\/en\/wp-json\/wp\/v2\/media?parent=358"}],"wp:term":[{"taxonomy":"category","embeddable":true,"href":"https:\/\/mafran.es\/en\/wp-json\/wp\/v2\/categories?post=358"},{"taxonomy":"post_tag","embeddable":true,"href":"https:\/\/mafran.es\/en\/wp-json\/wp\/v2\/tags?post=358"}],"curies":[{"name":"wp","href":"https:\/\/api.w.org\/{rel}","templated":true}]}}