{"id":360,"date":"2014-05-05T20:37:00","date_gmt":"2014-05-05T20:37:00","guid":{"rendered":"http:\/\/mafran.es\/cuando-una-critica-se-hace-realidad\/"},"modified":"2019-10-20T18:15:35","modified_gmt":"2019-10-20T18:15:35","slug":"cuando-una-critica-se-hace-realidad","status":"publish","type":"post","link":"https:\/\/mafran.es\/en\/cuando-una-critica-se-hace-realidad\/","title":{"rendered":"Cuando una cr\u00edtica se hace realidad"},"content":{"rendered":"<div class=\"separator\" style=\"clear: both; text-align: justify;\"><span style=\"text-align: justify;\">Hay mentes en la historia que destacan por su intuici\u00f3n, por su capacidad de crear, por su capacidad de describir. Estas mentes son capaces de dar un salto evolutivo en la raza humana y pasarnos a un estadio superior de conocimiento. Pit\u00e1goras estableci\u00f3 unos criterios trigonom\u00e9tricos que son la base de todo c\u00e1lculo 3000 a\u00f1os despu\u00e9s, Servet marc\u00f3 el interior del cuerpo, Newton hizo comprender el espacio, Plank nos llev\u00f3 a nivel microsc\u00f3pico y Einstein nos llev\u00f3 a la velocidad luz.<\/span><\/div>\n<div style=\"text-align: justify;\"><\/div>\n<div style=\"text-align: justify;\">Sin embargo, lo que es m\u00e1s extra\u00f1o es que estas mentes coincidan en el tiempo. El caso de Plank y su f\u00edsica cu\u00e1ntica y Einstein y su teor\u00eda de la relatividad. Son dos f\u00edsicos con may\u00fasculas capaces de revolucionar el mundo que les rodeaba, pero incapaces de ponerse de acuerdo. Einstein entend\u00eda el universo de forma revolucionaria, pero cl\u00e1sica. Era la f\u00edsica de lo tangible. Extra\u00f1o, pero tangible. Plank (y posteriormente Heisemberg y Schrodinger) entendieron que la f\u00edsica subat\u00f3mica es m\u00e1s complicada que el blanco o negro. All\u00ed existen los colores, o mejor dicho, existe las cosas a la vez. Schrodinger plante\u00f3 la paradoja del gato para ilustrar los estados cu\u00e1nticos y la posibilidad de que un electr\u00f3n pudiera estar en dos sitios a la vez&#8230; hasta que se mira. La f\u00edsica cu\u00e1ntica es la f\u00edsica de la probabilidad. Einstein nunca lo entendi\u00f3.<\/div>\n<div style=\"text-align: justify;\"><\/div>\n<div style=\"text-align: justify;\">Pero una mente como la suya no pod\u00eda simplemente no entenderlo. As\u00ed que estudi\u00f3 a fondo esta otra f\u00edsica e intent\u00f3 rebatirla. Frases como \u00abDios no juega a los dados\u00bb iba directamente a la l\u00ednea de flotaci\u00f3n de la f\u00edsica cu\u00e1ntica, pero no consegu\u00eda dar con la forma de desacreditar la teor\u00eda. Conceptualmente absurda, v\u00e1lida en la pr\u00e1ctica. Hasta que, en 1935, el propio Schrodinger expuso una caracter\u00edstica de la f\u00edsica cu\u00e1ntica de que dos part\u00edculas pod\u00edan entrelazarse entre ellas y quedaban as\u00ed vinculadas. Le llam\u00f3 entrelazamiento cu\u00e1ntico (El t\u00e9rmino espa\u00f1ol no est\u00e1 demasiado conseguido, pues el t\u00e9rmino ingl\u00e9s entangle da una \u00a0visi\u00f3n m\u00e1s de relaci\u00f3n entre dos t\u00e9rminos: m\u00e1s ser\u00eda un \u00abvinculamiento cu\u00e1ntico\u00bb, para que nos entendamos). \u00c9sto le dio a Einstein el caldo de cultivo que necesitaba y, junto con dos colegas, plante\u00f3 conceptualmente una paradoja que se conoce como paradoja EPR (las iniciales de cada uno). En esta paradoja se define que, siguiendo las teor\u00edas de Schrodinger, dos part\u00edculas at\u00f3micas pueden entrelazarse entre ellas, de forma que sabiendo una, se determina la otra. Y si se act\u00faa sobre la primera, la segunda responde a esa actuaci\u00f3n gracias a ese v\u00ednculo, independientemente de donde est\u00e9. Einstein nunca entendi\u00f3 este concepto dec\u00eda que esto contradec\u00eda al sentido com\u00fan y que deb\u00eda de estar determinado. Einstein entend\u00eda el concepto de entrelazamiento como un par de guantes. Si uno coge un par de guantes y lo manda a dos sitios muy lejanos uno de otro, el que reciba el guante izquierdo sabe que el otro ha recibido el derecho. Pero esto no es entrelazamiento, pues aunque el estado estaba predeterminado desde el inicio y no afecta lo que se haga sobre cada guante en el camino.<\/div>\n<div style=\"text-align: justify;\"><\/div>\n<div style=\"text-align: justify;\">Einstein intent\u00f3 desacreditar con esta paradoja la f\u00edsica cu\u00e1ntica y qued\u00f3 sin respuesta hasta 1964, en el que John Bell consigui\u00f3 dar con una respuesta. Estableci\u00f3 unas desigualdades que, si se cumpl\u00edan, har\u00edan que Einstein tuviera raz\u00f3n y por lo tanto la teor\u00eda cu\u00e1ntica estaba incompleta, pero si no se cumpl\u00edan, Einstein estaba equivocado y la informaci\u00f3n se vinculaba realmente entre las part\u00edculas.<\/div>\n<div style=\"text-align: justify;\"><\/div>\n<div style=\"text-align: justify;\">Einstein no pod\u00eda ni sospecharlo, pero, desde 1974 se han realizado multitud de experimentos al respecto, arrojando todos, el mismo resultado: estaba equivocado, el entrelazamiento cu\u00e1ntico es real y funciona y la teor\u00eda de la f\u00edsica cu\u00e1ntica es cierta y est\u00e1 comprobada. Esto lleva a que podr\u00eda ser posible el \u00abteletransporte cu\u00e1ntico\u00bb. Y una comprobaci\u00f3n de este concepto se ha estado buscando. \u00c9ste se ha conseguido hace relativamente poco entre las islas de Tenerife y Las Palmas, un cambio en un fot\u00f3n en Tenerife, se ha visto inmediatamente en otro fot\u00f3n en Las Palmas. Un concepto microsc\u00f3pico, pero que ya se ha conseguido en microdiamantes, algo ya de otra dimensi\u00f3n. Este concepto es tambi\u00e9n la base de algo que todos hemos escuchado: el computador cu\u00e1ntico, pero el experimento de Tenerife le a\u00f1ade una caracter\u00edstica m\u00e1s, la posibilidad de trasmitir informaci\u00f3n a distancia.<\/div>\n<div style=\"text-align: justify;\"><\/div>\n<div style=\"text-align: justify;\">No est\u00e1 muy claro qu\u00e9 mecanismo se utiliza para transmitir esa informaci\u00f3n entre una part\u00edcula y la otra. Seg\u00fan la relatividad no podr\u00eda ir m\u00e1s r\u00e1pido que la luz, aunque quien sabe, quiz\u00e1s a esas escalas puede ser que funcione alg\u00fan mecanismo a\u00fan desconocido. Lo que est\u00e1 claro es que es una caracter\u00edstica de ciencia ficci\u00f3n, y que, con el tiempo y trabajo podr\u00eda, quien sabe, llevarnos al teletransporte de la nave Enterprise. Eso era ciencia ficci\u00f3n, pero a nivel at\u00f3mico se ha conseguido. La verdad es que hay mentes que incluso en sus cr\u00edticas son brillantes, porque, aunque Einstein no lo sospechara, ha terminado siendo realidad.<\/div>\n<div><\/div>\n<div><\/div>","protected":false},"excerpt":{"rendered":"<p>Hay mentes en la historia que destacan por su intuici\u00f3n, por su capacidad de crear, por su capacidad de describir. Estas mentes son capaces de dar un salto evolutivo en la raza humana y pasarnos a un estadio superior de conocimiento. Pit\u00e1goras estableci\u00f3 unos criterios trigonom\u00e9tricos que son la base de todo c\u00e1lculo 3000 a\u00f1os despu\u00e9s, Servet marc\u00f3 el interior del cuerpo, Newton hizo comprender el espacio, Plank nos llev\u00f3 a nivel microsc\u00f3pico y Einstein nos llev\u00f3 a la velocidad luz. Sin embargo, lo que es m\u00e1s extra\u00f1o es que&hellip;<\/p>","protected":false},"author":1,"featured_media":656,"comment_status":"open","ping_status":"open","sticky":false,"template":"","format":"standard","meta":{"footnotes":""},"categories":[22],"tags":[12],"class_list":["post-360","post","type-post","status-publish","format-standard","has-post-thumbnail","hentry","category-no-puedo-dormir-sin-saber-esto","tag-ciencia"],"gutentor_comment":0,"rttpg_featured_image_url":{"full":["https:\/\/mafran.es\/wp-content\/uploads\/2014\/05\/8553871715_e5c43392a0_o.jpg",500,375,false],"landscape":["https:\/\/mafran.es\/wp-content\/uploads\/2014\/05\/8553871715_e5c43392a0_o.jpg",500,375,false],"portraits":["https:\/\/mafran.es\/wp-content\/uploads\/2014\/05\/8553871715_e5c43392a0_o.jpg",500,375,false],"thumbnail":["https:\/\/mafran.es\/wp-content\/uploads\/2014\/05\/8553871715_e5c43392a0_o-150x150.jpg",150,150,true],"medium":["https:\/\/mafran.es\/wp-content\/uploads\/2014\/05\/8553871715_e5c43392a0_o-300x225.jpg",300,225,true],"large":["https:\/\/mafran.es\/wp-content\/uploads\/2014\/05\/8553871715_e5c43392a0_o.jpg",500,375,false],"folio":["https:\/\/mafran.es\/wp-content\/uploads\/2014\/05\/8553871715_e5c43392a0_o.jpg",500,375,false],"1536x1536":["https:\/\/mafran.es\/wp-content\/uploads\/2014\/05\/8553871715_e5c43392a0_o.jpg",500,375,false],"2048x2048":["https:\/\/mafran.es\/wp-content\/uploads\/2014\/05\/8553871715_e5c43392a0_o.jpg",500,375,false],"trp-custom-language-flag":["https:\/\/mafran.es\/wp-content\/uploads\/2014\/05\/8553871715_e5c43392a0_o.jpg",16,12,false],"post-thumbnail":["https:\/\/mafran.es\/wp-content\/uploads\/2014\/05\/8553871715_e5c43392a0_o-240x172.jpg",240,172,true],"sow-carousel-default":["https:\/\/mafran.es\/wp-content\/uploads\/2014\/05\/8553871715_e5c43392a0_o-272x182.jpg",272,182,true]},"rttpg_author":{"display_name":"mafran","author_link":"https:\/\/mafran.es\/en\/author\/mafran\/"},"rttpg_comment":0,"rttpg_category":"<a href=\"https:\/\/mafran.es\/en\/category\/no-puedo-dormir-sin-saber-esto\/\" rel=\"category tag\">No Puedo Dormir Sin Saber Esto<\/a>","rttpg_excerpt":"Hay mentes en la historia que destacan por su intuici\u00f3n, por su capacidad de crear, por su capacidad de describir. Estas mentes son capaces de dar un salto evolutivo en la raza humana y pasarnos a un estadio superior de conocimiento. Pit\u00e1goras estableci\u00f3 unos criterios trigonom\u00e9tricos que son la base de todo c\u00e1lculo 3000 a\u00f1os&hellip;","_links":{"self":[{"href":"https:\/\/mafran.es\/en\/wp-json\/wp\/v2\/posts\/360","targetHints":{"allow":["GET"]}}],"collection":[{"href":"https:\/\/mafran.es\/en\/wp-json\/wp\/v2\/posts"}],"about":[{"href":"https:\/\/mafran.es\/en\/wp-json\/wp\/v2\/types\/post"}],"author":[{"embeddable":true,"href":"https:\/\/mafran.es\/en\/wp-json\/wp\/v2\/users\/1"}],"replies":[{"embeddable":true,"href":"https:\/\/mafran.es\/en\/wp-json\/wp\/v2\/comments?post=360"}],"version-history":[{"count":3,"href":"https:\/\/mafran.es\/en\/wp-json\/wp\/v2\/posts\/360\/revisions"}],"predecessor-version":[{"id":926,"href":"https:\/\/mafran.es\/en\/wp-json\/wp\/v2\/posts\/360\/revisions\/926"}],"wp:featuredmedia":[{"embeddable":true,"href":"https:\/\/mafran.es\/en\/wp-json\/wp\/v2\/media\/656"}],"wp:attachment":[{"href":"https:\/\/mafran.es\/en\/wp-json\/wp\/v2\/media?parent=360"}],"wp:term":[{"taxonomy":"category","embeddable":true,"href":"https:\/\/mafran.es\/en\/wp-json\/wp\/v2\/categories?post=360"},{"taxonomy":"post_tag","embeddable":true,"href":"https:\/\/mafran.es\/en\/wp-json\/wp\/v2\/tags?post=360"}],"curies":[{"name":"wp","href":"https:\/\/api.w.org\/{rel}","templated":true}]}}