{"id":362,"date":"2014-04-07T20:21:00","date_gmt":"2014-04-07T20:21:00","guid":{"rendered":"http:\/\/mafran.es\/mas-cerca-de-las-estrellas\/"},"modified":"2019-10-20T18:17:07","modified_gmt":"2019-10-20T18:17:07","slug":"mas-cerca-de-las-estrellas","status":"publish","type":"post","link":"https:\/\/mafran.es\/en\/mas-cerca-de-las-estrellas\/","title":{"rendered":"M\u00e1s cerca de las estrellas"},"content":{"rendered":"<div class=\"separator\" style=\"clear: both; text-align: justify;\"><span style=\"text-align: justify;\">Desde Erat\u00f3stenes (que ya se gan\u00f3 su entrada en este mismo blog), cuando se habla de la Tierra, todo el mundo piensa que es una esfera. Es aproximadamente as\u00ed, pero realmente no lo es. Es algo muy sabido y que se estudiaba en primaria: \u00abla Tierra es una esfera achatada por los polos\u00bb.<\/span><\/div>\n<div style=\"text-align: justify;\"><\/div>\n<div style=\"text-align: justify;\">Y as\u00ed es. La Tierra tiene un radio de 6378 Km en el Ecuador y 6357 Km en los polos. Es como si cogi\u00e9ramos una pelota y la apret\u00e1ramos desde arriba y desde abajo a la vez. El motivo es la propia fuerza centr\u00edfuga del giro de rotaci\u00f3n de la Tierra, que hace que se deforme un poco hacia fuera. Es una diferencia m\u00ednima, pero fue f\u00e1cil de medir.<\/div>\n<div style=\"text-align: justify;\"><\/div>\n<div style=\"text-align: justify;\">De hecho, se midi\u00f3 por primera vez entre 1736 y 1739 con la expedici\u00f3n geod\u00e9sica francesa que se realiz\u00f3 por los territorios entonces espa\u00f1oles de ultramar. Partiendo de Quito midi\u00f3 en el Ecuador de entonces el meridiano por triangulaci\u00f3n y determin\u00f3 que el radio de la Tierra no coincid\u00eda con lo medido a\u00f1os antes en la expedici\u00f3n que la misma compa\u00f1\u00eda realiz\u00f3 a Laponia. Ya estaba confirmado que la Tierra era una esfera achatada por los polos.<\/div>\n<div style=\"text-align: justify;\"><\/div>\n<div style=\"text-align: justify;\">Esta expedici\u00f3n se utiliz\u00f3 para despu\u00e9s realizar el Sistema M\u00e9trico Decimal que todos usamos. En Par\u00eds est\u00e1n las medidas exactas, que se merecen una entrada en s\u00ed mismas. La apunto para otra vez.<\/div>\n<div style=\"text-align: justify;\"><\/div>\n<div style=\"text-align: justify;\">El dato del radio es uno de los datos b\u00e1sicos del planeta, como lo es el oc\u00e9ano m\u00e1s grande (el Pac\u00edfico), el punto m\u00e1s bajo (el Mar Muerto, que se ganar\u00e1 una entrada en honor a mis padres) o el punto m\u00e1s alto, el Monte Everest, de 8850 metros, despu\u00e9s de crecer dos metros en la primera d\u00e9cada de este siglo.<\/div>\n<div style=\"text-align: justify;\"><\/div>\n<div style=\"text-align: justify;\">\u00bfO no es el monte m\u00e1s alto el monte Everest? Permitidme que lo ponga en duda. La altura en la superficie terrestre se mide desde la altura del nivel medio del mar. Igual que en Marte se mide desde la altura media de la superficie. Sin embargo, si somos puristas, la altura deber\u00eda medirse desde el centro de la Tierra. Resulta que el monte Everest est\u00e1 a 28\u00ba de latitud norte. Contando la distancia del radio en ese punto, el monte Everest se encuentra a 6.380 Km del centro de la Tierra. \u00bfHay alg\u00fan punto en la Tierra que supere ese dato? \u00a1Pues s\u00ed! \u00a1Y varios!<\/div>\n<div style=\"text-align: justify;\"><\/div>\n<div style=\"text-align: justify;\">El punto m\u00e1s alto de la Tierra, si se mide desde el centro es el Volc\u00e1n Chimborazo, que se encuentra en Ecuador, a 1\u00ba de latitud sur. Si se calcula su distancia al centro de la Tierra sale&#8230; 6.384 Km, \u00a14 Km m\u00e1s alto que el Everest!<\/div>\n<div style=\"text-align: justify;\"><\/div>\n<div style=\"text-align: justify;\">De hecho, el Volc\u00e1n Chimborazo (que es la 31\u00aa monta\u00f1a m\u00e1s alta de Am\u00e9rica si se mide desde el nivel del mar) no es la \u00fanica que supera al Everest en este ranking. Tambi\u00e9n lo supera el Kilimanjaro, el Monte Kenia y el Huascar\u00e1n, en Per\u00fa.<\/div>\n<div style=\"text-align: justify;\"><\/div>\n<div style=\"text-align: justify;\">Es un volc\u00e1n casi aislado, lo que hace que se pueda ver desde mucha distancia (desde Guayaquil a m\u00e1s de 140 Km es visible perfectamente). Hasta el siglo XIX se consideraba el monte m\u00e1s alto del planeta. Los Andes a\u00fan no eran muy conocidos y desde luego que en esa \u00e9poca, el Himalaya era ciencia ficci\u00f3n para los europeos. Tambi\u00e9n se le conoce como \u00abel punto m\u00e1s cercano al Sol\u00bb, aunque esto no es del todo cierto, porque siendo purista, s\u00f3lo ser\u00eda el punto m\u00e1s cercano al Sol en los equinoccios y justo a mediod\u00eda. Pero s\u00ed que es el punto m\u00e1s cercano de las estrellas, porque \u00e9stas rodean la Tierra casi por igual.<\/div>\n<div style=\"text-align: justify;\"><\/div>\n<div style=\"text-align: justify;\">Como curiosidad, hay una bebida sudamericana llamada \u00abraspados\u00bb que es como una especie de sorbete, cuyo origen es de esta zona. En concreto viene de los hieleros del Chimborazo, los cuales raspan los hielos de los glaciares de este volc\u00e1n y los utilizan desde hace muchos a\u00f1os en hacer resfrescantes bebidas mezclando esos hielos con frutas. Mi hermana los conoce bien de cuando estuvo en Colombia. Bueno, ya sabe de d\u00f3nde viene. Viene el punto m\u00e1s cercano de las estrellas que hay en la Tierra, el Volc\u00e1n Chimborazo.<\/div>","protected":false},"excerpt":{"rendered":"<p>Desde Erat\u00f3stenes (que ya se gan\u00f3 su entrada en este mismo blog), cuando se habla de la Tierra, todo el mundo piensa que es una esfera. Es aproximadamente as\u00ed, pero realmente no lo es. Es algo muy sabido y que se estudiaba en primaria: \u00abla Tierra es una esfera achatada por los polos\u00bb. Y as\u00ed es. La Tierra tiene un radio de 6378 Km en el Ecuador y 6357 Km en los polos. Es como si cogi\u00e9ramos una pelota y la apret\u00e1ramos desde arriba y desde abajo a la vez.&hellip;<\/p>","protected":false},"author":1,"featured_media":652,"comment_status":"open","ping_status":"open","sticky":false,"template":"","format":"standard","meta":{"footnotes":""},"categories":[22],"tags":[13,17],"class_list":["post-362","post","type-post","status-publish","format-standard","has-post-thumbnail","hentry","category-no-puedo-dormir-sin-saber-esto","tag-astronomia","tag-geografia"],"gutentor_comment":0,"rttpg_featured_image_url":{"full":["https:\/\/mafran.es\/wp-content\/uploads\/2014\/04\/2229642788_3433de0410_b.jpg",500,375,false],"landscape":["https:\/\/mafran.es\/wp-content\/uploads\/2014\/04\/2229642788_3433de0410_b.jpg",500,375,false],"portraits":["https:\/\/mafran.es\/wp-content\/uploads\/2014\/04\/2229642788_3433de0410_b.jpg",500,375,false],"thumbnail":["https:\/\/mafran.es\/wp-content\/uploads\/2014\/04\/2229642788_3433de0410_b-150x150.jpg",150,150,true],"medium":["https:\/\/mafran.es\/wp-content\/uploads\/2014\/04\/2229642788_3433de0410_b-300x225.jpg",300,225,true],"large":["https:\/\/mafran.es\/wp-content\/uploads\/2014\/04\/2229642788_3433de0410_b.jpg",500,375,false],"folio":["https:\/\/mafran.es\/wp-content\/uploads\/2014\/04\/2229642788_3433de0410_b.jpg",500,375,false],"1536x1536":["https:\/\/mafran.es\/wp-content\/uploads\/2014\/04\/2229642788_3433de0410_b.jpg",500,375,false],"2048x2048":["https:\/\/mafran.es\/wp-content\/uploads\/2014\/04\/2229642788_3433de0410_b.jpg",500,375,false],"trp-custom-language-flag":["https:\/\/mafran.es\/wp-content\/uploads\/2014\/04\/2229642788_3433de0410_b.jpg",16,12,false],"post-thumbnail":["https:\/\/mafran.es\/wp-content\/uploads\/2014\/04\/2229642788_3433de0410_b-240x172.jpg",240,172,true],"sow-carousel-default":["https:\/\/mafran.es\/wp-content\/uploads\/2014\/04\/2229642788_3433de0410_b-272x182.jpg",272,182,true]},"rttpg_author":{"display_name":"mafran","author_link":"https:\/\/mafran.es\/en\/author\/mafran\/"},"rttpg_comment":0,"rttpg_category":"<a href=\"https:\/\/mafran.es\/en\/category\/no-puedo-dormir-sin-saber-esto\/\" rel=\"category tag\">No Puedo Dormir Sin Saber Esto<\/a>","rttpg_excerpt":"Desde Erat\u00f3stenes (que ya se gan\u00f3 su entrada en este mismo blog), cuando se habla de la Tierra, todo el mundo piensa que es una esfera. Es aproximadamente as\u00ed, pero realmente no lo es. Es algo muy sabido y que se estudiaba en primaria: \u00abla Tierra es una esfera achatada por los polos\u00bb. Y as\u00ed&hellip;","_links":{"self":[{"href":"https:\/\/mafran.es\/en\/wp-json\/wp\/v2\/posts\/362","targetHints":{"allow":["GET"]}}],"collection":[{"href":"https:\/\/mafran.es\/en\/wp-json\/wp\/v2\/posts"}],"about":[{"href":"https:\/\/mafran.es\/en\/wp-json\/wp\/v2\/types\/post"}],"author":[{"embeddable":true,"href":"https:\/\/mafran.es\/en\/wp-json\/wp\/v2\/users\/1"}],"replies":[{"embeddable":true,"href":"https:\/\/mafran.es\/en\/wp-json\/wp\/v2\/comments?post=362"}],"version-history":[{"count":3,"href":"https:\/\/mafran.es\/en\/wp-json\/wp\/v2\/posts\/362\/revisions"}],"predecessor-version":[{"id":928,"href":"https:\/\/mafran.es\/en\/wp-json\/wp\/v2\/posts\/362\/revisions\/928"}],"wp:featuredmedia":[{"embeddable":true,"href":"https:\/\/mafran.es\/en\/wp-json\/wp\/v2\/media\/652"}],"wp:attachment":[{"href":"https:\/\/mafran.es\/en\/wp-json\/wp\/v2\/media?parent=362"}],"wp:term":[{"taxonomy":"category","embeddable":true,"href":"https:\/\/mafran.es\/en\/wp-json\/wp\/v2\/categories?post=362"},{"taxonomy":"post_tag","embeddable":true,"href":"https:\/\/mafran.es\/en\/wp-json\/wp\/v2\/tags?post=362"}],"curies":[{"name":"wp","href":"https:\/\/api.w.org\/{rel}","templated":true}]}}