{"id":368,"date":"2013-12-10T22:41:00","date_gmt":"2013-12-10T22:41:00","guid":{"rendered":"http:\/\/mafran.es\/el-germen-de-un-simbolo-universa\/"},"modified":"2019-10-20T18:18:55","modified_gmt":"2019-10-20T18:18:55","slug":"el-germen-de-un-simbolo-universa","status":"publish","type":"post","link":"https:\/\/mafran.es\/en\/el-germen-de-un-simbolo-universa\/","title":{"rendered":"El germen de un s\u00edmbolo universal."},"content":{"rendered":"<div style=\"text-align: justify;\">Si hay algo que realmente me gusta en la historia es ver c\u00f3mo detalles que pueden pasar desapercibidos, a veces, se concentran para, de forma misteriosa, ser capaz de llegar a cambiar el mundo tal como lo conocemos. La historia de hoy, es otro ejemplo de que cualquier gesto, en cualquier situaci\u00f3n es un germen que puede llegar a ser muy grande.<\/div>\n<div style=\"text-align: justify;\"><\/div>\n<div style=\"text-align: justify;\">Estamos en la Guerra de Unificaci\u00f3n Italiana, que dur\u00f3 muchos, much\u00edsimos a\u00f1os en el siglo XIX. Hubo multitud de batallas, hasta que finalmente, se consigui\u00f3 la unificaci\u00f3n. En el a\u00f1o 1859 a\u00fan estaba todo muy lejos, y las batallas se suced\u00edan en el norte de Italia, entre los ej\u00e9rcitos austroh\u00fangaros y francoitalianos. En esa fecha se celebr\u00f3 una batalla m\u00e1s de esa Guerra, llamada batalla de Solferino, pero que se convirti\u00f3, por motivos ajenos al conflicto, en algo decisivo en la Historia con may\u00fasculas.<\/div>\n<div style=\"text-align: justify;\"><\/div>\n<div style=\"text-align: justify;\">En esa batalla se enfrentaron en total unos 220.000 soldados, unos 100.000 austroh\u00fangaros y unos 120.000 francoitalianos. La batalla, como todas, fue sangrienta y hubo muchas bajas. En 9 horas de batalla, 5.500 muertos y unos 22.000 heridos. Cuando los austr\u00edacos se rindieron, marcharon a posiciones m\u00e1s norte\u00f1as e Italia estaba m\u00e1s cerca de lo que es hoy, aunque a\u00fan tard\u00f3 bastantes a\u00f1os en conseguirlo.<\/div>\n<div style=\"text-align: justify;\"><\/div>\n<div style=\"text-align: justify;\">En aquella \u00e9poca pasaba por all\u00ed (nunca mejor dicho) un comerciante suizo que se dedicaba a negocios con Argelia. Iba camino de su suiza natal desde Argelia para seguir con sus negocios y justo en ese d\u00eda pasaba por Solferino. Sin m\u00e1s. Pero cuando lleg\u00f3, se encontro con el campo de batalla caliente. La batalla hab\u00eda finalizado pero all\u00ed quedaban 22.000 heridos abandonados a su suerte. No pod\u00eda soportar lo que ve\u00eda y no pudo m\u00e1s que socorrer a los heridos. Solicit\u00f3 ayuda a las aldeas cercanas y no importaba el bando del soldado, hab\u00eda que ayudar a los necesitados.<\/div>\n<div style=\"text-align: justify;\"><\/div>\n<div style=\"text-align: justify;\">Aquello le marc\u00f3 su vida y Henry Durant, que as\u00ed se llamaba el comerciante, no pudo olvidar la situaci\u00f3n. Tres a\u00f1os despu\u00e9s public\u00f3 un libro, que se llamaba \u00abRecuerdo de Solferino\u00bb. Aquello le hab\u00eda marcado para siempre.<\/div>\n<div style=\"text-align: justify;\"><\/div>\n<div style=\"text-align: justify;\">Pero, la historia pone a la gente que debe en cada sitio, y que Durant pasara por all\u00ed en ese momento no puede ser casualidad. Durant ten\u00eda una situaci\u00f3n econ\u00f3mica bastante solvente. Buenos negocios le hab\u00edan facilitado una buena fortuna y un buen nombre en su pa\u00eds. As\u00ed que traslad\u00f3 su experiencia en diversos c\u00edrculos, hasta que decidieron crear una organizaci\u00f3n para ayudar a los necesitados en tiempos de guerra sin importar el bando. Aquello no pod\u00eda volver a pasar. En total fueron 4 hombres que, junto con \u00e9l, crearon la sociedad. Como eran suizos (y por lo tanto, neutrales, siempre neutrales), decidieron utilizar la bandera de Suiza como s\u00edmbolo, pero algo cambiada, invertida. Era 1863 y acababa de nacer la Cruz Roja.<\/div>\n<div style=\"text-align: justify;\"><\/div>\n<div style=\"text-align: justify;\">El comit\u00e9 internacional de la Cruz Roja consigui\u00f3, gracias al apoyo del gobierno suizo que un a\u00f1o despu\u00e9s se celebrara una conferencia diplom\u00e1tica en la que 12 pa\u00edses reconocieran la organizaci\u00f3n con unos fines humanitarios y siempre neutrales.<\/div>\n<div style=\"text-align: justify;\"><\/div>\n<div style=\"text-align: justify;\">La sociedad fue creciendo, afianz\u00e1ndose y reconoci\u00e9ndose en los diferentes ambientes. Poco a poco se convirti\u00f3 en algo \u00fanico y adoptando diferentes emblemas, como la media luna roja (utilizada por primera vez en la guerra ruso-otomana, para evitar susceptibilidades religiosas en los soldados turcos). Este af\u00e1n por ser neutral y el car\u00e1cter religioso inevitable de la cruz (aunque su origen, como hemos visto, no tiene nada que ver con la religi\u00f3n) ha hecho que se adoptaran diferentes s\u00edmbolos, hasta que en 2005 se cre\u00f3 un s\u00edmbolo completamente ajeno a la religi\u00f3n, el cristal rojo, que la representa oficialmente en determinados pa\u00edses, como Israel.<\/div>\n<div style=\"text-align: justify;\"><\/div>\n<div style=\"text-align: justify;\">La Cruz Roja ha conseguido convertirse en una organizaci\u00f3n \u00fanica en el mundo. No pertenece a ning\u00fan pa\u00eds, pero es reconocida en todo el mundo gracias a convenios internacionales, llamados Convenios de Ginebra y firmado por pr\u00e1cticamente todos los pa\u00edses. Su s\u00edmbolo es universal y es la sociedad no gubernamental mayor del mundo, con 12 millones de voluntarios e ingresos de unos 3000 millones de d\u00f3lares en donaciones anualmente. Su funcionamiento est\u00e1 fuera de toda duda y han conseguido sobrevivir mantenido sus principios humanitarios y neutrales durante todo este tiempo. De hecho, esta sociedad ha sido la m\u00e1s laureada en los premios Nobel de la Paz, que lo han recibido en tres ocasiones (1917, 1944, la dos guerras mundiales, y 1963) y tambi\u00e9n lo recibi\u00f3 su fundador, Henry Durant, en 1901.<\/div>\n<div style=\"text-align: justify;\"><\/div>\n<div style=\"text-align: justify;\">Sin duda, la Historia quiso que Durant pasara por all\u00ed y \u00e9l hizo su gran creaci\u00f3n. Fue capaz de crear una sociedad que ha perdurado en el tiempo. M\u00e1s bien no, ha sido capaz de cambiar el tiempo desde su creaci\u00f3n, porque, desde luego, nadie hoy en d\u00eda, desconoce lo que significa el s\u00edmbolo humanitario por excelencia, nuestra Cruz Roja.<\/div>","protected":false},"excerpt":{"rendered":"<p>Si hay algo que realmente me gusta en la historia es ver c\u00f3mo detalles que pueden pasar desapercibidos, a veces, se concentran para, de forma misteriosa, ser capaz de llegar a cambiar el mundo tal como lo conocemos. La historia de hoy, es otro ejemplo de que cualquier gesto, en cualquier situaci\u00f3n es un germen que puede llegar a ser muy grande. Estamos en la Guerra de Unificaci\u00f3n Italiana, que dur\u00f3 muchos, much\u00edsimos a\u00f1os en el siglo XIX. Hubo multitud de batallas, hasta que finalmente, se consigui\u00f3 la unificaci\u00f3n. En&hellip;<\/p>","protected":false},"author":1,"featured_media":641,"comment_status":"open","ping_status":"open","sticky":false,"template":"","format":"standard","meta":{"footnotes":""},"categories":[22],"tags":[10],"class_list":["post-368","post","type-post","status-publish","format-standard","has-post-thumbnail","hentry","category-no-puedo-dormir-sin-saber-esto","tag-historia"],"gutentor_comment":0,"rttpg_featured_image_url":{"full":["https:\/\/mafran.es\/wp-content\/uploads\/2013\/12\/800px-Croixrouge_logos.jpg",200,150,false],"landscape":["https:\/\/mafran.es\/wp-content\/uploads\/2013\/12\/800px-Croixrouge_logos.jpg",200,150,false],"portraits":["https:\/\/mafran.es\/wp-content\/uploads\/2013\/12\/800px-Croixrouge_logos.jpg",200,150,false],"thumbnail":["https:\/\/mafran.es\/wp-content\/uploads\/2013\/12\/800px-Croixrouge_logos-150x150.jpg",150,150,true],"medium":["https:\/\/mafran.es\/wp-content\/uploads\/2013\/12\/800px-Croixrouge_logos.jpg",200,150,false],"large":["https:\/\/mafran.es\/wp-content\/uploads\/2013\/12\/800px-Croixrouge_logos.jpg",200,150,false],"folio":["https:\/\/mafran.es\/wp-content\/uploads\/2013\/12\/800px-Croixrouge_logos.jpg",200,150,false],"1536x1536":["https:\/\/mafran.es\/wp-content\/uploads\/2013\/12\/800px-Croixrouge_logos.jpg",200,150,false],"2048x2048":["https:\/\/mafran.es\/wp-content\/uploads\/2013\/12\/800px-Croixrouge_logos.jpg",200,150,false],"trp-custom-language-flag":["https:\/\/mafran.es\/wp-content\/uploads\/2013\/12\/800px-Croixrouge_logos.jpg",16,12,false],"post-thumbnail":["https:\/\/mafran.es\/wp-content\/uploads\/2013\/12\/800px-Croixrouge_logos.jpg",200,150,false],"sow-carousel-default":["https:\/\/mafran.es\/wp-content\/uploads\/2013\/12\/800px-Croixrouge_logos.jpg",200,150,false]},"rttpg_author":{"display_name":"mafran","author_link":"https:\/\/mafran.es\/en\/author\/mafran\/"},"rttpg_comment":0,"rttpg_category":"<a href=\"https:\/\/mafran.es\/en\/category\/no-puedo-dormir-sin-saber-esto\/\" rel=\"category tag\">No Puedo Dormir Sin Saber Esto<\/a>","rttpg_excerpt":"Si hay algo que realmente me gusta en la historia es ver c\u00f3mo detalles que pueden pasar desapercibidos, a veces, se concentran para, de forma misteriosa, ser capaz de llegar a cambiar el mundo tal como lo conocemos. La historia de hoy, es otro ejemplo de que cualquier gesto, en cualquier situaci\u00f3n es un germen&hellip;","_links":{"self":[{"href":"https:\/\/mafran.es\/en\/wp-json\/wp\/v2\/posts\/368","targetHints":{"allow":["GET"]}}],"collection":[{"href":"https:\/\/mafran.es\/en\/wp-json\/wp\/v2\/posts"}],"about":[{"href":"https:\/\/mafran.es\/en\/wp-json\/wp\/v2\/types\/post"}],"author":[{"embeddable":true,"href":"https:\/\/mafran.es\/en\/wp-json\/wp\/v2\/users\/1"}],"replies":[{"embeddable":true,"href":"https:\/\/mafran.es\/en\/wp-json\/wp\/v2\/comments?post=368"}],"version-history":[{"count":3,"href":"https:\/\/mafran.es\/en\/wp-json\/wp\/v2\/posts\/368\/revisions"}],"predecessor-version":[{"id":935,"href":"https:\/\/mafran.es\/en\/wp-json\/wp\/v2\/posts\/368\/revisions\/935"}],"wp:featuredmedia":[{"embeddable":true,"href":"https:\/\/mafran.es\/en\/wp-json\/wp\/v2\/media\/641"}],"wp:attachment":[{"href":"https:\/\/mafran.es\/en\/wp-json\/wp\/v2\/media?parent=368"}],"wp:term":[{"taxonomy":"category","embeddable":true,"href":"https:\/\/mafran.es\/en\/wp-json\/wp\/v2\/categories?post=368"},{"taxonomy":"post_tag","embeddable":true,"href":"https:\/\/mafran.es\/en\/wp-json\/wp\/v2\/tags?post=368"}],"curies":[{"name":"wp","href":"https:\/\/api.w.org\/{rel}","templated":true}]}}