{"id":372,"date":"2013-12-01T22:00:00","date_gmt":"2013-12-01T22:00:00","guid":{"rendered":"http:\/\/mafran.es\/de-secundario-leyenda\/"},"modified":"2019-10-20T18:19:50","modified_gmt":"2019-10-20T18:19:50","slug":"de-secundario-leyenda","status":"publish","type":"post","link":"https:\/\/mafran.es\/en\/de-secundario-leyenda\/","title":{"rendered":"De secundario a leyenda"},"content":{"rendered":"<div style=\"text-align: justify;\">Como supongo que a todos, el colegio de primaria (lo que era la EGB en aquella \u00e9poca) lo llevamos siempre en el coraz\u00f3n. En mi caso concreto, era un colegio muy humilde y de pocos recursos. Edificio antiguo y mal conservado (tan mal conservado que se cay\u00f3 el techo de una clase unos a\u00f1os despu\u00e9s) y en nuestra \u00e9poca estaba siempre lleno de desconchones. Pero ten\u00eda encanto, era una familia y de ese colegio ha salido mucha gente buena, gente que despu\u00e9s ha estudiado bastante y que ha llegado lejos. Algo as\u00ed como el personaje de hoy y que adem\u00e1s le daba nombre a mi colegio, Juan Sebasti\u00e1n Elcano.<\/div>\n<div style=\"text-align: justify;\"><\/div>\n<div style=\"text-align: justify;\">Nuestro viaje empieza en la vor\u00e1gine que supuso el principio del siglo XVI en Espa\u00f1a. Col\u00f3n hab\u00eda llegado a Am\u00e9rica, pero no hab\u00eda llegado a las islas de las especias (Lejano Oriente), como \u00e9l cre\u00eda. Hab\u00eda descubierto todo un mundo nuevo, pero no era lo que \u00e9l pensaba. As\u00ed que r\u00e1pidamente, a alguien se le ocurri\u00f3, sabiendo que exist\u00eda ya un oc\u00e9ano detr\u00e1s de esa nueva tierra, seguir navegando y llegar a las islas de las especias. Fue a un portugu\u00e9s, pero patrocinado por Espa\u00f1a, Fernando de Magallanes. En 1518 propuso llegar al lejano oriente por un mar no reservado a los portugueses, seguir navegando y a ver. Carlos I vi\u00f3 el negocio y les dot\u00f3 de privilegios hasta para conseguir su objetivo. Prepararon la expedici\u00f3n, no sin inconvenientes, por el recelo que exist\u00eda en aquella \u00e9poca entre espa\u00f1oles y portugueses, que casi dan al traste con la expedici\u00f3n. Pero a\u00fan as\u00ed, el tenaz Fernando de Magallanes, embarca en el puerto de Sevilla con su flotilla de 5 naves y su tripulaci\u00f3n de 234 personas. El destino, desconocido a\u00fan.<\/div>\n<div style=\"text-align: justify;\"><\/div>\n<div style=\"text-align: justify;\">Siguieron la ruta del sur, pues era por aquel momento bastante m\u00e1s explorado que el norte, bajaron hasta Canarias y Cabo Verde, para de ah\u00ed, pasar a Brasil y bajar hacia la actual Argentina, donde llegaron al R\u00edo de la Plata, ya descubierto, y de ah\u00ed a m\u00e1s al sur, hasta la Bah\u00eda de San Juli\u00e1n en marzo de 1520 (ya llevamos 9 meses de traves\u00eda). Magallanes, precavido, decidi\u00f3 esperar ah\u00ed el paso del invierno y as\u00ed fue. En esa espera ya tuvo que sofocar una rebeli\u00f3n a bordo. Los hombres iban con ansia de beneficios, y all\u00ed parados no consegu\u00edan m\u00e1s que hambre y sed. En esta estancia ya se perdieron 3 de los 5 capitanes de nav\u00edo: uno asesinado, uno ejecutado y el otro abandonado a su suerte en tierra. La tropa empezaba a menguar y una de las naves, la San Antonio, volvi\u00f3 a Espa\u00f1a.<\/div>\n<div style=\"text-align: justify;\"><\/div>\n<div style=\"text-align: justify;\">El 1 de noviembre de 1520, ya con s\u00f3lo tres naves, llegan a un estrecho bastante dif\u00edcil de cruzar que m\u00e1s tarde se conocer\u00eda como Estrecho de Magallanes. Es un paso que hay un poco m\u00e1s al norte del Cabo de Hornos, al otro extremo de la Tierra de Fuego (que en realidad es una isla). Fue complicado pasar, pero lo hicieron y se adentraron en el entonces conocido como Mar del Sur. Una calma chica les afecto durante tres meses, lo que hizo que llamaran al oc\u00e9ano como Pac\u00edfico, como se ha quedado hasta la actualidad. M\u00e1s hambruna, m\u00e1s penuria, escorbuto, bajas. Hasta el 6 de marzo de 1521 donde llegaron a una isla donde pudieron aprovisionarse. Hab\u00edan llegado a las Molucas. Hab\u00edan llegado al extremo oriente. Hab\u00edan cumplido su objetivo.<\/div>\n<div style=\"text-align: justify;\"><\/div>\n<div style=\"text-align: justify;\">Llegaron a Filipinas, donde fueron los primeros europeos en verlas y donde intentaron colonizar y cristianizar la isla, pero donde finalmente no los atendieron muy bien. En una batalla con la tribu local, fallece Fernando de Magallanes. Su sucesor, Duarte Barbosa fue muerto con un grupo de la expedici\u00f3n en un banquete trampa en otra isla filipina (Ceb\u00fa). El resto de la expedici\u00f3n, cargan las naves Victoria y Trinidad, hundiendo la tercera que les quedaba y abandonando la isla con destino a otra. En esta otra fue nombrado jefe de la expedici\u00f3n Gonzalo G\u00f3mez de Espinosa, que comandar\u00eda la nave Trinidad y como capit\u00e1n de la nave Victoria, a Juan Sebastian Elcano. Elcano se hab\u00eda alistado como contramaestre con la \u00fanica aspiraci\u00f3n de participar de los beneficios y de un \u00abya veremos\u00bb. De buenas a primeras era el capit\u00e1n de una de las naves que quedaban y con una tripulaci\u00f3n bastante corta. El destino hab\u00eda querido que un don nadie tuviera su oportunidad y la aprovech\u00f3.<\/div>\n<div style=\"text-align: justify;\"><\/div>\n<div style=\"text-align: justify;\">All\u00ed tomaron una decisi\u00f3n pol\u00edticamente incorrecta, pero que les salv\u00f3 la vida. La Victoria volver\u00eda por los mares portugueses, por zonas conocidas aunque peligrosa. La Trinidad volver\u00eda a Panam\u00e1, aunque nunca llegar\u00eda porque la abordaron los portugueses.<\/div>\n<div style=\"text-align: justify;\"><\/div>\n<div style=\"text-align: justify;\">Para Juan Sebasti\u00e1n Elcano, llegar cuanto antes a Espa\u00f1a para contar lo encontrado era el objetivo principal y as\u00ed lo hizo. Consigui\u00f3 llegar a Espa\u00f1a el 6 de septiembre de 1522. Hab\u00edan pasado 3 a\u00f1os y 1 mes desde su partida. Hab\u00edan llegado s\u00f3lo un nav\u00edo y 19 supervivientes (hubo 5 supervivientes m\u00e1s de la Trinidad, pero llegaron en 1524 despu\u00e9s del abordaje portugu\u00e9s). Pero hab\u00edan sido los primeros en darle la vuelta al mundo. En un mundo que era en aquel entonces mucho m\u00e1s grande que ahora. Juan Sebasti\u00e1n Elcano hab\u00eda escrito su nombre en la historia, el primero que circunnaveg\u00f3 el mundo.<\/div>\n<div style=\"text-align: justify;\"><\/div>\n<div style=\"text-align: justify;\">El Rey le concedi\u00f3 una renta anual de 500 ducados (una suma considerable para la \u00e9poca) y un escudo de armas especial, tendr\u00eda para siembre una esfera con una leyenda: primus circundedisti me. Era efectivamente el primero que le dio la vuelta. Nunca se sabe cu\u00e1ndo la historia te requerir\u00e1, pero hay que estar atento para que , en ese momento, no defraudarla. Este es un ejemplo de un secundario que se convirti\u00f3 en leyenda, para siempre.<\/div>\n<div style=\"text-align: justify;\"><\/div>\n<div style=\"text-align: justify;\"><\/div>","protected":false},"excerpt":{"rendered":"<p>Como supongo que a todos, el colegio de primaria (lo que era la EGB en aquella \u00e9poca) lo llevamos siempre en el coraz\u00f3n. En mi caso concreto, era un colegio muy humilde y de pocos recursos. Edificio antiguo y mal conservado (tan mal conservado que se cay\u00f3 el techo de una clase unos a\u00f1os despu\u00e9s) y en nuestra \u00e9poca estaba siempre lleno de desconchones. Pero ten\u00eda encanto, era una familia y de ese colegio ha salido mucha gente buena, gente que despu\u00e9s ha estudiado bastante y que ha llegado lejos.&hellip;<\/p>","protected":false},"author":1,"featured_media":636,"comment_status":"open","ping_status":"open","sticky":false,"template":"","format":"standard","meta":{"footnotes":""},"categories":[22],"tags":[10],"class_list":["post-372","post","type-post","status-publish","format-standard","has-post-thumbnail","hentry","category-no-puedo-dormir-sin-saber-esto","tag-historia"],"gutentor_comment":1,"rttpg_featured_image_url":{"full":["https:\/\/mafran.es\/wp-content\/uploads\/2013\/12\/Azulejo_conmemora_primera_circunnavegacion_mundial.jpg",200,155,false],"landscape":["https:\/\/mafran.es\/wp-content\/uploads\/2013\/12\/Azulejo_conmemora_primera_circunnavegacion_mundial.jpg",200,155,false],"portraits":["https:\/\/mafran.es\/wp-content\/uploads\/2013\/12\/Azulejo_conmemora_primera_circunnavegacion_mundial.jpg",200,155,false],"thumbnail":["https:\/\/mafran.es\/wp-content\/uploads\/2013\/12\/Azulejo_conmemora_primera_circunnavegacion_mundial-150x150.jpg",150,150,true],"medium":["https:\/\/mafran.es\/wp-content\/uploads\/2013\/12\/Azulejo_conmemora_primera_circunnavegacion_mundial.jpg",200,155,false],"large":["https:\/\/mafran.es\/wp-content\/uploads\/2013\/12\/Azulejo_conmemora_primera_circunnavegacion_mundial.jpg",200,155,false],"folio":["https:\/\/mafran.es\/wp-content\/uploads\/2013\/12\/Azulejo_conmemora_primera_circunnavegacion_mundial.jpg",200,155,false],"1536x1536":["https:\/\/mafran.es\/wp-content\/uploads\/2013\/12\/Azulejo_conmemora_primera_circunnavegacion_mundial.jpg",200,155,false],"2048x2048":["https:\/\/mafran.es\/wp-content\/uploads\/2013\/12\/Azulejo_conmemora_primera_circunnavegacion_mundial.jpg",200,155,false],"trp-custom-language-flag":["https:\/\/mafran.es\/wp-content\/uploads\/2013\/12\/Azulejo_conmemora_primera_circunnavegacion_mundial.jpg",15,12,false],"post-thumbnail":["https:\/\/mafran.es\/wp-content\/uploads\/2013\/12\/Azulejo_conmemora_primera_circunnavegacion_mundial.jpg",200,155,false],"sow-carousel-default":["https:\/\/mafran.es\/wp-content\/uploads\/2013\/12\/Azulejo_conmemora_primera_circunnavegacion_mundial.jpg",200,155,false]},"rttpg_author":{"display_name":"mafran","author_link":"https:\/\/mafran.es\/en\/author\/mafran\/"},"rttpg_comment":1,"rttpg_category":"<a href=\"https:\/\/mafran.es\/en\/category\/no-puedo-dormir-sin-saber-esto\/\" rel=\"category tag\">No Puedo Dormir Sin Saber Esto<\/a>","rttpg_excerpt":"Como supongo que a todos, el colegio de primaria (lo que era la EGB en aquella \u00e9poca) lo llevamos siempre en el coraz\u00f3n. En mi caso concreto, era un colegio muy humilde y de pocos recursos. Edificio antiguo y mal conservado (tan mal conservado que se cay\u00f3 el techo de una clase unos a\u00f1os despu\u00e9s)&hellip;","_links":{"self":[{"href":"https:\/\/mafran.es\/en\/wp-json\/wp\/v2\/posts\/372","targetHints":{"allow":["GET"]}}],"collection":[{"href":"https:\/\/mafran.es\/en\/wp-json\/wp\/v2\/posts"}],"about":[{"href":"https:\/\/mafran.es\/en\/wp-json\/wp\/v2\/types\/post"}],"author":[{"embeddable":true,"href":"https:\/\/mafran.es\/en\/wp-json\/wp\/v2\/users\/1"}],"replies":[{"embeddable":true,"href":"https:\/\/mafran.es\/en\/wp-json\/wp\/v2\/comments?post=372"}],"version-history":[{"count":3,"href":"https:\/\/mafran.es\/en\/wp-json\/wp\/v2\/posts\/372\/revisions"}],"predecessor-version":[{"id":936,"href":"https:\/\/mafran.es\/en\/wp-json\/wp\/v2\/posts\/372\/revisions\/936"}],"wp:featuredmedia":[{"embeddable":true,"href":"https:\/\/mafran.es\/en\/wp-json\/wp\/v2\/media\/636"}],"wp:attachment":[{"href":"https:\/\/mafran.es\/en\/wp-json\/wp\/v2\/media?parent=372"}],"wp:term":[{"taxonomy":"category","embeddable":true,"href":"https:\/\/mafran.es\/en\/wp-json\/wp\/v2\/categories?post=372"},{"taxonomy":"post_tag","embeddable":true,"href":"https:\/\/mafran.es\/en\/wp-json\/wp\/v2\/tags?post=372"}],"curies":[{"name":"wp","href":"https:\/\/api.w.org\/{rel}","templated":true}]}}