{"id":377,"date":"2013-10-22T21:38:00","date_gmt":"2013-10-22T21:38:00","guid":{"rendered":"http:\/\/mafran.es\/una-republica-de-otro-tiempo\/"},"modified":"2019-10-20T18:43:08","modified_gmt":"2019-10-20T18:43:08","slug":"una-republica-de-otro-tiempo","status":"publish","type":"post","link":"https:\/\/mafran.es\/en\/una-republica-de-otro-tiempo\/","title":{"rendered":"Una rep\u00fablica de otro tiempo"},"content":{"rendered":"<div style=\"text-align: justify;\">Europa ha sido siempre un continente vol\u00e1til. En los \u00faltimos 2000 a\u00f1os ha vivido transformaciones geogr\u00e1ficas y pol\u00edticas casi continuas. Invasiones, guerra, cambios. Pa\u00edses que ya no existen, como Prusia, pa\u00edses que se unificaron, como Italia, Alemania e incluso Espa\u00f1a, pa\u00edses que se disgregaron como Yugoslavia, Checoslovaquia o la misma URSS, un cambio continuo del que quedan algunos vestigios del pasado por ah\u00ed repartidos.<\/div>\n<div style=\"text-align: justify;\"><\/div>\n<div style=\"text-align: justify;\">La entrada de hoy es de uno de esos vestigios. Generalmente la conocemos por ser la selecci\u00f3n de f\u00fatbol que m\u00e1s pierde o por tener un gran premio de motociclismo que no se disputa en su territorio. Es la rep\u00fablica de San Marino. Un diminuto pa\u00eds, situado en medio de Italia, rodeada completamente por ella y que curiosamente, a pesar de su nombre, no tiene mar, aunque est\u00e1 a s\u00f3lo 10 Km de \u00e9l.<\/div>\n<div style=\"text-align: justify;\"><\/div>\n<div style=\"text-align: justify;\">Su tama\u00f1o es de 61 Km2, menos de la mitad de la ciudad de Sevilla, pero es ni m\u00e1s ni menos que el pa\u00eds soberano m\u00e1s antiguo del mundo.<\/div>\n<div style=\"text-align: justify;\"><\/div>\n<div style=\"text-align: justify;\">Su origen fue una comuna creada por un cantero cristiano llamado Marino, que huyendo de las persecuciones romanas lleg\u00f3 a establecerse en un monte del centro-norte de la pen\u00ednsula italiana, llamado monte Titano. Esta comuna evolucion\u00f3 en el tiempo, hasta que en el siglo X, se estableci\u00f3 como territorio independiente, llamado Territorio de San Marino y posteriormente, Rep\u00fablica de San Marino, en honor al cantero fundador. Ya no era una comuna, era una comunidad mon\u00e1stica, pero con su propio sistema republicano de gesti\u00f3n. Pero republicano a lo que se entend\u00eda en la antigua Roma de rep\u00fablica, no lo que se entiende por ello despu\u00e9s de la revoluci\u00f3n francesa.<\/div>\n<div style=\"text-align: justify;\"><\/div>\n<div style=\"text-align: justify;\">Consigui\u00f3 mantener su independencia a pesar de las tensiones lim\u00edtrofes y del papado, que lo reconoci\u00f3 como independiente en 1631. Napole\u00f3n lo reconoci\u00f3 como independiente en su invasi\u00f3n italiana en 1797 y otras potencias en el congreso de Viena en 1815. Con Italia, sobrevivi\u00f3 a la reunificaci\u00f3n firmando tratados que reconoc\u00edan su independencia, el \u00faltimo en 1971.<\/div>\n<div style=\"text-align: justify;\"><\/div>\n<div style=\"text-align: justify;\">Pero lo m\u00e1s curioso que tiene San Marino es que mantiene el sistema de gobierno de rep\u00fablica romana. Est\u00e1 gobernado por un Consejo Grande que es elegido por votaci\u00f3n popular. Inicialmente este Consejo era un Arengo, o consejo de los cabezas de familia, pero desde el siglo XIII (\u00a1todav\u00eda no se hab\u00eda reconquistado Sevilla a los \u00e1rabes!) ya se escoge el Consejo Grande por votaci\u00f3n.<\/div>\n<div style=\"text-align: justify;\"><\/div>\n<div style=\"text-align: justify;\">Este Consejo elige a dos de sus miembros como Capitanes Regentes por periodo de 6 meses y \u00e9stos y su consejo de ministros es el poder ejecutivo del pa\u00eds. Los dos elegidos son de partidos diferentes, lo que obliga a una jefatura equilibrada. Se nombran los d\u00edas 1 de abril y 1 de octubre de cada a\u00f1o. Esto es un vestigio de la rep\u00fablica romana, que manten\u00eda dos regentes y reelecciones cada 6 meses.<\/div>\n<div style=\"text-align: justify;\"><\/div>\n<div style=\"text-align: justify;\">Pero lo verdaderamente extra\u00f1o sucede cuando cesan del cargo. Al igual que en las rep\u00fablicas romanas, tras cada mandato existen tres d\u00edas en los que los ciudadanos pueden presentar quejas sobre las actuaciones de los jefes de estado. Estas quejas, si son admitidas a tr\u00e1mite, abre autom\u00e1ticamente un proceso judicial a un ex jefe de estado. Es una de las m\u00e1ximas de la gesti\u00f3n de San Marino, la auditor\u00eda p\u00fablica continua y en la p\u00e1gina web del mini estado se enorgullecen de ello.<\/div>\n<div style=\"text-align: justify;\"><\/div>\n<div style=\"text-align: justify;\">\u00bfOs imagin\u00e1is qu\u00e9 pasar\u00eda si en Espa\u00f1a, cada vez que hubiera un cambio de gobierno se abriera un proceso de quejas a la gesti\u00f3n del ex presidente? Mejor no imaginarlo. Sin embargo, parece un ejercicio de sanidad democr\u00e1tica la gesti\u00f3n que tiene San Marino de sus instituciones.<\/div>\n<div style=\"text-align: justify;\"><\/div>\n<div style=\"text-align: justify;\">En el tema judicial tambi\u00e9n tiene sus particularidades. San Marino, delega en jueces extranjeros, salvo en los casos de jueces conciliadores (equivalentes a jueces de paz, que s\u00ed pueden ser del pa\u00eds), y existe un consejo garante de la constituci\u00f3n que en 2002 sustituy\u00f3 al tradicional consejo de los XII, que ha quedado como \u00f3rgano administrativo. El Consejo Garante es elegido por el Consejo Grande y es el funciona como corte de apelaci\u00f3n y gestiona las quejas a los capitanes regentes. Para que os hag\u00e1is una idea de la tradici\u00f3n del pa\u00eds, el c\u00f3digo penal vigente data de \u00a11865!<\/div>\n<div style=\"text-align: justify;\"><\/div>\n<div style=\"text-align: justify;\">Un cambio reciente se produjo en 2001, que adopt\u00f3 el Euro como moneda, aunque no pertenece a la UE. Es uno de los cuatro \u00fanicos pa\u00edses que adoptaron oficialmente el Euro sin pertenecer a la Uni\u00f3n. Los otros tambi\u00e9n son microestados europeos: Andorra, Vaticano y M\u00f3naco.<\/div>\n<div style=\"text-align: justify;\"><\/div>\n<div style=\"text-align: justify;\">Es una rep\u00fablica de otro tiempo, incrustada en el siglo XXI. Pero lo que se ve es que los problemas de la antig\u00fcedad son los mismos que los actuales, y ya pensaron en controles para evitar el abuso de lo com\u00fan, de lo p\u00fablico. Los antiguos no eran m\u00e1s torpes ni m\u00e1s insensatos. Simplemente eran de otro tiempo.<\/div>\n<div style=\"text-align: justify;\"><\/div>\n<div style=\"text-align: justify;\">Es que, a veces, mirando al pasado se ve que la evoluci\u00f3n no es tal y que, probablemente, s\u00f3lo hay que mirar al pasado para aprender para el futuro.<\/div>","protected":false},"excerpt":{"rendered":"<p>Europa ha sido siempre un continente vol\u00e1til. En los \u00faltimos 2000 a\u00f1os ha vivido transformaciones geogr\u00e1ficas y pol\u00edticas casi continuas. Invasiones, guerra, cambios. Pa\u00edses que ya no existen, como Prusia, pa\u00edses que se unificaron, como Italia, Alemania e incluso Espa\u00f1a, pa\u00edses que se disgregaron como Yugoslavia, Checoslovaquia o la misma URSS, un cambio continuo del que quedan algunos vestigios del pasado por ah\u00ed repartidos. La entrada de hoy es de uno de esos vestigios. Generalmente la conocemos por ser la selecci\u00f3n de f\u00fatbol que m\u00e1s pierde o por tener un&hellip;<\/p>","protected":false},"author":1,"featured_media":627,"comment_status":"open","ping_status":"open","sticky":false,"template":"","format":"standard","meta":{"footnotes":""},"categories":[22],"tags":[17,10,16],"class_list":["post-377","post","type-post","status-publish","format-standard","has-post-thumbnail","hentry","category-no-puedo-dormir-sin-saber-esto","tag-geografia","tag-historia","tag-politica"],"gutentor_comment":0,"rttpg_featured_image_url":{"full":["https:\/\/mafran.es\/wp-content\/uploads\/2013\/10\/450px-San_Marino_La_Cesta_o_Fratta.jpg",150,200,false],"landscape":["https:\/\/mafran.es\/wp-content\/uploads\/2013\/10\/450px-San_Marino_La_Cesta_o_Fratta.jpg",150,200,false],"portraits":["https:\/\/mafran.es\/wp-content\/uploads\/2013\/10\/450px-San_Marino_La_Cesta_o_Fratta.jpg",150,200,false],"thumbnail":["https:\/\/mafran.es\/wp-content\/uploads\/2013\/10\/450px-San_Marino_La_Cesta_o_Fratta-150x150.jpg",150,150,true],"medium":["https:\/\/mafran.es\/wp-content\/uploads\/2013\/10\/450px-San_Marino_La_Cesta_o_Fratta.jpg",150,200,false],"large":["https:\/\/mafran.es\/wp-content\/uploads\/2013\/10\/450px-San_Marino_La_Cesta_o_Fratta.jpg",150,200,false],"folio":["https:\/\/mafran.es\/wp-content\/uploads\/2013\/10\/450px-San_Marino_La_Cesta_o_Fratta.jpg",150,200,false],"1536x1536":["https:\/\/mafran.es\/wp-content\/uploads\/2013\/10\/450px-San_Marino_La_Cesta_o_Fratta.jpg",150,200,false],"2048x2048":["https:\/\/mafran.es\/wp-content\/uploads\/2013\/10\/450px-San_Marino_La_Cesta_o_Fratta.jpg",150,200,false],"trp-custom-language-flag":["https:\/\/mafran.es\/wp-content\/uploads\/2013\/10\/450px-San_Marino_La_Cesta_o_Fratta.jpg",9,12,false],"post-thumbnail":["https:\/\/mafran.es\/wp-content\/uploads\/2013\/10\/450px-San_Marino_La_Cesta_o_Fratta-150x172.jpg",150,172,true],"sow-carousel-default":["https:\/\/mafran.es\/wp-content\/uploads\/2013\/10\/450px-San_Marino_La_Cesta_o_Fratta-150x182.jpg",150,182,true]},"rttpg_author":{"display_name":"mafran","author_link":"https:\/\/mafran.es\/en\/author\/mafran\/"},"rttpg_comment":0,"rttpg_category":"<a href=\"https:\/\/mafran.es\/en\/category\/no-puedo-dormir-sin-saber-esto\/\" rel=\"category tag\">No Puedo Dormir Sin Saber Esto<\/a>","rttpg_excerpt":"Europa ha sido siempre un continente vol\u00e1til. En los \u00faltimos 2000 a\u00f1os ha vivido transformaciones geogr\u00e1ficas y pol\u00edticas casi continuas. Invasiones, guerra, cambios. Pa\u00edses que ya no existen, como Prusia, pa\u00edses que se unificaron, como Italia, Alemania e incluso Espa\u00f1a, pa\u00edses que se disgregaron como Yugoslavia, Checoslovaquia o la misma URSS, un cambio continuo del&hellip;","_links":{"self":[{"href":"https:\/\/mafran.es\/en\/wp-json\/wp\/v2\/posts\/377","targetHints":{"allow":["GET"]}}],"collection":[{"href":"https:\/\/mafran.es\/en\/wp-json\/wp\/v2\/posts"}],"about":[{"href":"https:\/\/mafran.es\/en\/wp-json\/wp\/v2\/types\/post"}],"author":[{"embeddable":true,"href":"https:\/\/mafran.es\/en\/wp-json\/wp\/v2\/users\/1"}],"replies":[{"embeddable":true,"href":"https:\/\/mafran.es\/en\/wp-json\/wp\/v2\/comments?post=377"}],"version-history":[{"count":3,"href":"https:\/\/mafran.es\/en\/wp-json\/wp\/v2\/posts\/377\/revisions"}],"predecessor-version":[{"id":943,"href":"https:\/\/mafran.es\/en\/wp-json\/wp\/v2\/posts\/377\/revisions\/943"}],"wp:featuredmedia":[{"embeddable":true,"href":"https:\/\/mafran.es\/en\/wp-json\/wp\/v2\/media\/627"}],"wp:attachment":[{"href":"https:\/\/mafran.es\/en\/wp-json\/wp\/v2\/media?parent=377"}],"wp:term":[{"taxonomy":"category","embeddable":true,"href":"https:\/\/mafran.es\/en\/wp-json\/wp\/v2\/categories?post=377"},{"taxonomy":"post_tag","embeddable":true,"href":"https:\/\/mafran.es\/en\/wp-json\/wp\/v2\/tags?post=377"}],"curies":[{"name":"wp","href":"https:\/\/api.w.org\/{rel}","templated":true}]}}