{"id":380,"date":"2013-09-24T21:01:00","date_gmt":"2013-09-24T21:01:00","guid":{"rendered":"http:\/\/mafran.es\/un-presidente-diferente-un-mundo\/"},"modified":"2019-10-20T18:44:07","modified_gmt":"2019-10-20T18:44:07","slug":"un-presidente-diferente-un-mundo","status":"publish","type":"post","link":"https:\/\/mafran.es\/en\/un-presidente-diferente-un-mundo\/","title":{"rendered":"Un presidente diferente. Un mundo diferente."},"content":{"rendered":"<div style=\"text-align: justify;\">Hoy est\u00e1n de moda los temas de la integraci\u00f3n. Se trata a las personas con alguna dificultad f\u00edsica de forma diferente, se les atiende preferentemente y se busca facilitarle la vida. No puede ser de otra manera. Sin embargo, queramos o no, queda cierto resquemor. \u00bfAlguien votar\u00eda a un discapacitado para ser presidente de gobierno? Seguramente estar\u00eda mejor preparado, seguramente ser\u00e1 una mente l\u00facida, pero hoy en d\u00eda se prejuzga, y nos lleva a decisiones, probablemente, equivocadas. El exceso de informaci\u00f3n que tenemos nos lleva a ello. Es la sociedad que nos ha tocado vivir.<\/div>\n<div style=\"text-align: justify;\"><\/div>\n<div style=\"text-align: justify;\">Pero hubo un tiempo en el que no hab\u00eda televisi\u00f3n. No se sab\u00eda quien era el presidente, ni el rey, ni nada que se alejara de lo cotidiano. Al los personajes principales se les conoc\u00edan en foto en los peri\u00f3dicos y en las monedas y poco m\u00e1s.<\/div>\n<div style=\"text-align: justify;\"><\/div>\n<div style=\"text-align: justify;\">Es famosa la historia de Alfonso XII (que merece una entrada en este blog), cuando en un paseo de inc\u00f3gnito por Madrid justo tras llegar al trono, entabl\u00f3 conversaci\u00f3n con un sereno y al acabar la conversaci\u00f3n Alfonso XII le dijo: \u00abBueno, soy Alfonso XII, en el Palacio tiene usted su casa\u00bb. Y el sereno le respondi\u00f3: \u00abPues yo, P\u00edo Nono, en el Vaticano tiene usted su casa\u00bb. Evidentemente, el sereno no sab\u00eda con quien estaba hablando.<\/div>\n<div style=\"text-align: justify;\"><\/div>\n<div style=\"text-align: justify;\">Sin embargo hay un ejemplo de integraci\u00f3n que probablemente lleg\u00f3 a ser lo que fue gracias a que a\u00fan no exist\u00eda la televisi\u00f3n de forma masiva. Hab\u00eda algo, pero no era habitual. Hablo de Franklin Delano Roosevelt.<\/div>\n<div style=\"text-align: justify;\"><\/div>\n<div style=\"text-align: justify;\">Realmente a todos nos suena el nombre, fue el presidente de los EEUU en la segunda guerra mundial. Nacido en 1882, era un pol\u00edtico prometedor, cuando en 1921 contrajo la polio, dej\u00e1ndolo una par\u00e1lisis parcial que le oblig\u00f3 a ir en silla de ruedas el resto de su vida. Pero aprendi\u00f3 a disimular su enfermedad fijando unas barras de hierro a sus piernas y andar girando el torso. Andaba siempre distancias muy cortas, disimulando el tema, y, si ten\u00eda que recorrer algo m\u00e1s, lo hac\u00eda con muletas. Se cuidaba de que siempre aparec\u00eda en las fotos sentado.<\/div>\n<div style=\"text-align: justify;\"><\/div>\n<div style=\"text-align: justify;\">Hay pocas, muy pocas fotograf\u00edas de Roosevelt en su silla de ruedas, pero la utilizaba en su intimidad, cada vez que ten\u00eda que estar lejos de las c\u00e1maras.<\/div>\n<div style=\"text-align: justify;\"><\/div>\n<div style=\"text-align: justify;\">Consigui\u00f3 convencer a todo el mundo de que estaba recuperado y consigui\u00f3 presentarse a la presidencia de los EEUU en 1932, venciendo f\u00e1cilmente en las elecciones. Desde entonces, hasta su muerte, en 1945 fue presidente, ganando 4 elecciones consecutivas: 1932, 1936, 1940 y 1944, y fue el \u00fanico presidente que lo ha hecho.<\/div>\n<div style=\"text-align: justify;\"><\/div>\n<div style=\"text-align: justify;\">Le toco lidiar una \u00e9poca dif\u00edcil, cogi\u00f3 un pa\u00eds en plena depresi\u00f3n de despu\u00e9s del 29 y estableci\u00f3 toda una pol\u00edtica social de incremento del gasto llamada New Deal, muy novedosa y casi improvisada, pero que permiti\u00f3 un cambio social en los EEUU y mejor\u00f3, sin duda la igualdad entre los ciudadanos. Impuls\u00f3 esta igualdad y esa mentalidad de lucha com\u00fan ha llegado hasta hoy. Es una de las se\u00f1as de identidad m\u00e1s reconocible de los EEUU.<\/div>\n<div style=\"text-align: justify;\"><\/div>\n<div style=\"text-align: justify;\">Pero encima se encontr\u00f3 la Segunda Guerra Mundial en 1939. Apoy\u00f3 a los aliados, de forma log\u00edstica, hasta el famoso ataque de Pearl Harbor, donde decidi\u00f3 entrar en la guerra en el Pacifico y orden\u00f3 el Desembarco de Normand\u00eda en 1944. Vamos, que cogi\u00f3 un pa\u00eds en ruinas, y consigui\u00f3 levantarlo y no s\u00f3lo eso, sino que se enfrent\u00f3 a la guerra m\u00e1s terrible de la historia, d\u00e1ndole un giro y poni\u00e9ndola a su favor. Y de paso, la aprovech\u00f3 para levantar econ\u00f3micamente el pa\u00eds.<\/div>\n<div style=\"text-align: justify;\"><\/div>\n<div style=\"text-align: justify;\">Pero la historia, caprichosa como es, quiso que falleciera repentinamente en abril de 1945, a penas 20 d\u00edas antes de que su mayor enemigo, Hitler, se suicidara antes de ser capturado. Esta muerte hizo que no fuera responsable de la mayor matanza de la historia, siendo su sucesor, Harry S. Truman el responsable del lanzamiento de las bombas at\u00f3micas.<\/div>\n<div style=\"text-align: justify;\"><\/div>\n<div style=\"text-align: justify;\">Un hombre que demostr\u00f3 que una limitaci\u00f3n f\u00edsica no impide ser un buen pol\u00edtico y un buen gestor. Eso s\u00ed, en un tiempo en el que no exist\u00eda un seguimiento y un control p\u00fablico como el que existe ahora. Quiz\u00e1s el hecho de tener m\u00e1s informaci\u00f3n no ha vuelto m\u00e1s intolerable. Hoy en d\u00eda parece imposible aceptar un presidente diferente. Definitivamente, tenemos un mundo diferente. A veces, sabemos demasiado.<\/div>","protected":false},"excerpt":{"rendered":"<p>Hoy est\u00e1n de moda los temas de la integraci\u00f3n. Se trata a las personas con alguna dificultad f\u00edsica de forma diferente, se les atiende preferentemente y se busca facilitarle la vida. No puede ser de otra manera. Sin embargo, queramos o no, queda cierto resquemor. \u00bfAlguien votar\u00eda a un discapacitado para ser presidente de gobierno? Seguramente estar\u00eda mejor preparado, seguramente ser\u00e1 una mente l\u00facida, pero hoy en d\u00eda se prejuzga, y nos lleva a decisiones, probablemente, equivocadas. El exceso de informaci\u00f3n que tenemos nos lleva a ello. Es la sociedad&hellip;<\/p>","protected":false},"author":1,"featured_media":621,"comment_status":"open","ping_status":"open","sticky":false,"template":"","format":"standard","meta":{"footnotes":""},"categories":[22],"tags":[10,16],"class_list":["post-380","post","type-post","status-publish","format-standard","has-post-thumbnail","hentry","category-no-puedo-dormir-sin-saber-esto","tag-historia","tag-politica"],"gutentor_comment":4,"rttpg_featured_image_url":{"full":["https:\/\/mafran.es\/wp-content\/uploads\/2013\/09\/509px-FDR_in_1933.jpg",170,200,false],"landscape":["https:\/\/mafran.es\/wp-content\/uploads\/2013\/09\/509px-FDR_in_1933.jpg",170,200,false],"portraits":["https:\/\/mafran.es\/wp-content\/uploads\/2013\/09\/509px-FDR_in_1933.jpg",170,200,false],"thumbnail":["https:\/\/mafran.es\/wp-content\/uploads\/2013\/09\/509px-FDR_in_1933-150x150.jpg",150,150,true],"medium":["https:\/\/mafran.es\/wp-content\/uploads\/2013\/09\/509px-FDR_in_1933.jpg",170,200,false],"large":["https:\/\/mafran.es\/wp-content\/uploads\/2013\/09\/509px-FDR_in_1933.jpg",170,200,false],"folio":["https:\/\/mafran.es\/wp-content\/uploads\/2013\/09\/509px-FDR_in_1933.jpg",170,200,false],"1536x1536":["https:\/\/mafran.es\/wp-content\/uploads\/2013\/09\/509px-FDR_in_1933.jpg",170,200,false],"2048x2048":["https:\/\/mafran.es\/wp-content\/uploads\/2013\/09\/509px-FDR_in_1933.jpg",170,200,false],"trp-custom-language-flag":["https:\/\/mafran.es\/wp-content\/uploads\/2013\/09\/509px-FDR_in_1933.jpg",10,12,false],"post-thumbnail":["https:\/\/mafran.es\/wp-content\/uploads\/2013\/09\/509px-FDR_in_1933-170x172.jpg",170,172,true],"sow-carousel-default":["https:\/\/mafran.es\/wp-content\/uploads\/2013\/09\/509px-FDR_in_1933-170x182.jpg",170,182,true]},"rttpg_author":{"display_name":"mafran","author_link":"https:\/\/mafran.es\/en\/author\/mafran\/"},"rttpg_comment":4,"rttpg_category":"<a href=\"https:\/\/mafran.es\/en\/category\/no-puedo-dormir-sin-saber-esto\/\" rel=\"category tag\">No Puedo Dormir Sin Saber Esto<\/a>","rttpg_excerpt":"Hoy est\u00e1n de moda los temas de la integraci\u00f3n. Se trata a las personas con alguna dificultad f\u00edsica de forma diferente, se les atiende preferentemente y se busca facilitarle la vida. No puede ser de otra manera. Sin embargo, queramos o no, queda cierto resquemor. \u00bfAlguien votar\u00eda a un discapacitado para ser presidente de gobierno?&hellip;","_links":{"self":[{"href":"https:\/\/mafran.es\/en\/wp-json\/wp\/v2\/posts\/380","targetHints":{"allow":["GET"]}}],"collection":[{"href":"https:\/\/mafran.es\/en\/wp-json\/wp\/v2\/posts"}],"about":[{"href":"https:\/\/mafran.es\/en\/wp-json\/wp\/v2\/types\/post"}],"author":[{"embeddable":true,"href":"https:\/\/mafran.es\/en\/wp-json\/wp\/v2\/users\/1"}],"replies":[{"embeddable":true,"href":"https:\/\/mafran.es\/en\/wp-json\/wp\/v2\/comments?post=380"}],"version-history":[{"count":3,"href":"https:\/\/mafran.es\/en\/wp-json\/wp\/v2\/posts\/380\/revisions"}],"predecessor-version":[{"id":945,"href":"https:\/\/mafran.es\/en\/wp-json\/wp\/v2\/posts\/380\/revisions\/945"}],"wp:featuredmedia":[{"embeddable":true,"href":"https:\/\/mafran.es\/en\/wp-json\/wp\/v2\/media\/621"}],"wp:attachment":[{"href":"https:\/\/mafran.es\/en\/wp-json\/wp\/v2\/media?parent=380"}],"wp:term":[{"taxonomy":"category","embeddable":true,"href":"https:\/\/mafran.es\/en\/wp-json\/wp\/v2\/categories?post=380"},{"taxonomy":"post_tag","embeddable":true,"href":"https:\/\/mafran.es\/en\/wp-json\/wp\/v2\/tags?post=380"}],"curies":[{"name":"wp","href":"https:\/\/api.w.org\/{rel}","templated":true}]}}