{"id":381,"date":"2013-09-04T20:25:00","date_gmt":"2013-09-04T20:25:00","guid":{"rendered":"http:\/\/mafran.es\/ciudadanos-de-segunda\/"},"modified":"2019-10-20T18:44:16","modified_gmt":"2019-10-20T18:44:16","slug":"ciudadanos-de-segunda","status":"publish","type":"post","link":"https:\/\/mafran.es\/en\/ciudadanos-de-segunda\/","title":{"rendered":"Ciudadanos de segunda"},"content":{"rendered":"<div style=\"text-align: justify;\">Cuando empec\u00e9 a tener uso de raz\u00f3n y a estudiar la historia me alarm\u00f3 el genocidio nazi. Era una barbaridad, pero m\u00e1s barbaridad era que eso hubiera pasado s\u00f3lo hac\u00eda 50 a\u00f1os. Ni una vida. De hecho, mi padre ya viv\u00eda cuando pas\u00f3 el tema. En aquella \u00e9poca, joven yo, pensaba c\u00f3mo pod\u00eda mi padre haber dejado que pasara eso. Evidentemente, mi padre ten\u00eda cosas m\u00e1s importantes en qu\u00e9 pensar en aquella \u00e9poca (como en comer, por ejemplo, bastante era en esa Espa\u00f1a).<\/div>\n<div style=\"text-align: justify;\"><\/div>\n<div style=\"text-align: justify;\">Pero ahora, me toca tener a m\u00ed al hijo y alg\u00fan d\u00eda me preguntar\u00e1 lo mismo, o lo pensar\u00e1 de un tema que viv\u00ed yo en primera persona y que ahora est\u00e1 en boga por la enfermedad de uno de sus protagonistas, Nelson Mandela, aunque por alg\u00fan motivo es francamente desconocido.<\/div>\n<div style=\"text-align: justify;\"><\/div>\n<div style=\"text-align: justify;\">El Apartheid (t\u00e9rmino afrikaans, lengua medio holandesa, medio inglesa, medio alemana que se fragu\u00f3 en el sur de \u00c1frica a ra\u00edz de la conquista europea), es algo francamente escalofriante que pas\u00f3 hace, como quien dice, dos d\u00edas y que el mundo, lo permiti\u00f3.<\/div>\n<div style=\"text-align: justify;\"><\/div>\n<div style=\"text-align: justify;\">Es un termino que defini\u00f3 un r\u00e9gimen. No fue algo despectivo, sino que se conoc\u00eda as\u00ed. Este r\u00e9gimen consist\u00eda en la separaci\u00f3n racial en la poblaci\u00f3n. Evidentemente, esta separaci\u00f3n fue promovida por los blancos, y se produjo tras la derrota electoral pero victoria en esca\u00f1os del Partido Nacional (partido de los blancos) en 1948. Tras esa victoria, los blancos, raza minoritaria en Sud\u00e1frica con un 21 % de la poblaci\u00f3n, establecieron un r\u00e9gimen separatista en el que las razas no pod\u00edan juntarse en ning\u00fan sitio: transportes p\u00fablicos, playas, recintos, hospitales, etc. Todo estaba separado. Por supuesto, las infraestructuras dedicadas a los blancos eran mucho mejores que las dedicadas a los de color, la educaci\u00f3n de un negro costaba al estado el 10% de la que le costaba la de un blanco y todos los ciudadanos ten\u00edan que portar pases si iban a las zonas asignadas a las otras razas. Ah!, y por supuesto, los de color no ten\u00edan derecho de voto, por lo que nunca pod\u00edan ganar las elecciones y cambiar el estatus.<\/div>\n<div style=\"text-align: justify;\"><\/div>\n<div style=\"text-align: justify;\">Hoy en d\u00eda es una aberraci\u00f3n, pero en aquella \u00e9poca era algo llevado al extremo pero cotidiano en otros paises. En 1963, Martin Luther King dio su famoso discurso \u00abI have a dream\u00bb que cambi\u00f3 muchas conciencias y, \u00e9ste fue asesinado en 1968. En esa \u00e9poca, negros y blancos tampoco pod\u00edan subir juntos al autob\u00fas en los EEUU y ten\u00edan muchos temas de prejuicios sociales, aunque s\u00ed eran reconocidos como ciudadanos.<\/div>\n<div style=\"text-align: justify;\"><\/div>\n<div style=\"text-align: justify;\">Sud\u00e1frica, llev\u00f3 al extremo este concepto y poco a poco se fue radicalizando. En 1960 dada la presi\u00f3n, cre\u00f3 estados ficticios llamados bantustanes donde se asignaban a los negros como ciudadanos, aunque vivieran en otras ciudades. Esto llev\u00f3 a que los negros eran ciudadanos de estados ficticios inmigrantes en Sud\u00e1frica, oblig\u00e1ndoles a portar identificaci\u00f3n y pasaportes para estar en su propia ciudad y as\u00ed tener un arma para poder legislar impunemente en contra de estas razas. Poco a poco el gobierno fue presionando para que la poblaci\u00f3n de color se trasladara a los bantustanes que les correspond\u00edan, moviendo a 3,5 millones de personas en 20 a\u00f1os.<\/div>\n<div style=\"text-align: justify;\"><\/div>\n<div style=\"text-align: justify;\">A primeros de los 60, coincidiendo con Martin Luther King, organizaciones de personas de color fueron creando resistencia y en 1963 fue encarcelada toda la c\u00fapula pol\u00edtica de color, con Mandela a la cabeza. Nada menos que 27 a\u00f1os encarcelado en c\u00e1rceles no precisamente c\u00f3modas. Simplemente por querer ser ciudadano.<\/div>\n<div style=\"text-align: justify;\"><\/div>\n<div style=\"text-align: justify;\">Este r\u00e9gimen se prolong\u00f3 en el tiempo, y se prolong\u00f3 hasta fechas realmente cercanas. Indurain hab\u00eda ganado ya tres tours, la Expo 92 ya era historia y los Juegos de Barcelona ya eran s\u00f3lo recuerdo. Fue en 1992 cuando el presidente De Klerck gan\u00f3 un refer\u00e9ndum para poder negociar con la poblaci\u00f3n negra una nueva constituci\u00f3n, que se aprob\u00f3 en 1994. En abril de 1994, hace s\u00f3lo 19 a\u00f1os, la poblaci\u00f3n negra pudo votar por primera vez en Sud\u00e1frica. Gan\u00f3, por supuesto, Nelson Mandela, que ya era todo un s\u00edmbolo.<\/div>\n<div style=\"text-align: justify;\"><\/div>\n<div style=\"text-align: justify;\">Lo que me pregunto es por qu\u00e9. Y el por qu\u00e9 a todo es econ\u00f3mico, como siempre. Sud\u00e1frica es uno de los principales productores de oro, y los blancos necesitaban para sus negocios disponer de estas minas. As\u00ed que nos creamos un r\u00e9gimen clasista y dominamos la econom\u00eda. Pero esta situaci\u00f3n fue poco a poco qued\u00e1ndose obsoleta. Los \u00eddolos de la juventud empezaron a ser gente de color: Carl Lewis, Michael Jackson, Michael Jordan, Magic Johnson, eran idolos en todo el planeta, pero ciudadanos de segunda en Sud\u00e1frica. La presi\u00f3n internacional comenz\u00f3 a mediados de los 80 a boicotear productos de Sud\u00e1frica y su aislacionismo provoc\u00f3 una crisis econ\u00f3mica brutal. No hab\u00eda salida salvo la abolici\u00f3n del r\u00e9gimen y as\u00ed se produjo.<\/div>\n<div style=\"text-align: justify;\"><\/div>\n<div style=\"text-align: justify;\">Lamentablemente, no sabr\u00e9 que decirle a Santi si alg\u00fan d\u00eda me pregunta c\u00f3mo permit\u00ed que existiera el Apartheid. Bueno s\u00ed, sabr\u00e9 decirle que no hay ciudadanos de segunda, y que la historia es mejor no olvidarla para no repetirla.<\/div>","protected":false},"excerpt":{"rendered":"<p>Cuando empec\u00e9 a tener uso de raz\u00f3n y a estudiar la historia me alarm\u00f3 el genocidio nazi. Era una barbaridad, pero m\u00e1s barbaridad era que eso hubiera pasado s\u00f3lo hac\u00eda 50 a\u00f1os. Ni una vida. De hecho, mi padre ya viv\u00eda cuando pas\u00f3 el tema. En aquella \u00e9poca, joven yo, pensaba c\u00f3mo pod\u00eda mi padre haber dejado que pasara eso. Evidentemente, mi padre ten\u00eda cosas m\u00e1s importantes en qu\u00e9 pensar en aquella \u00e9poca (como en comer, por ejemplo, bastante era en esa Espa\u00f1a). Pero ahora, me toca tener a m\u00ed&hellip;<\/p>","protected":false},"author":1,"featured_media":619,"comment_status":"open","ping_status":"open","sticky":false,"template":"","format":"standard","meta":{"footnotes":""},"categories":[22],"tags":[10,16],"class_list":["post-381","post","type-post","status-publish","format-standard","has-post-thumbnail","hentry","category-no-puedo-dormir-sin-saber-esto","tag-historia","tag-politica"],"gutentor_comment":2,"rttpg_featured_image_url":{"full":["https:\/\/mafran.es\/wp-content\/uploads\/2013\/09\/museo-del-apartheid_340662.jpg",200,150,false],"landscape":["https:\/\/mafran.es\/wp-content\/uploads\/2013\/09\/museo-del-apartheid_340662.jpg",200,150,false],"portraits":["https:\/\/mafran.es\/wp-content\/uploads\/2013\/09\/museo-del-apartheid_340662.jpg",200,150,false],"thumbnail":["https:\/\/mafran.es\/wp-content\/uploads\/2013\/09\/museo-del-apartheid_340662-150x150.jpg",150,150,true],"medium":["https:\/\/mafran.es\/wp-content\/uploads\/2013\/09\/museo-del-apartheid_340662.jpg",200,150,false],"large":["https:\/\/mafran.es\/wp-content\/uploads\/2013\/09\/museo-del-apartheid_340662.jpg",200,150,false],"folio":["https:\/\/mafran.es\/wp-content\/uploads\/2013\/09\/museo-del-apartheid_340662.jpg",200,150,false],"1536x1536":["https:\/\/mafran.es\/wp-content\/uploads\/2013\/09\/museo-del-apartheid_340662.jpg",200,150,false],"2048x2048":["https:\/\/mafran.es\/wp-content\/uploads\/2013\/09\/museo-del-apartheid_340662.jpg",200,150,false],"trp-custom-language-flag":["https:\/\/mafran.es\/wp-content\/uploads\/2013\/09\/museo-del-apartheid_340662.jpg",16,12,false],"post-thumbnail":["https:\/\/mafran.es\/wp-content\/uploads\/2013\/09\/museo-del-apartheid_340662.jpg",200,150,false],"sow-carousel-default":["https:\/\/mafran.es\/wp-content\/uploads\/2013\/09\/museo-del-apartheid_340662.jpg",200,150,false]},"rttpg_author":{"display_name":"mafran","author_link":"https:\/\/mafran.es\/en\/author\/mafran\/"},"rttpg_comment":2,"rttpg_category":"<a href=\"https:\/\/mafran.es\/en\/category\/no-puedo-dormir-sin-saber-esto\/\" rel=\"category tag\">No Puedo Dormir Sin Saber Esto<\/a>","rttpg_excerpt":"Cuando empec\u00e9 a tener uso de raz\u00f3n y a estudiar la historia me alarm\u00f3 el genocidio nazi. Era una barbaridad, pero m\u00e1s barbaridad era que eso hubiera pasado s\u00f3lo hac\u00eda 50 a\u00f1os. Ni una vida. De hecho, mi padre ya viv\u00eda cuando pas\u00f3 el tema. En aquella \u00e9poca, joven yo, pensaba c\u00f3mo pod\u00eda mi padre&hellip;","_links":{"self":[{"href":"https:\/\/mafran.es\/en\/wp-json\/wp\/v2\/posts\/381","targetHints":{"allow":["GET"]}}],"collection":[{"href":"https:\/\/mafran.es\/en\/wp-json\/wp\/v2\/posts"}],"about":[{"href":"https:\/\/mafran.es\/en\/wp-json\/wp\/v2\/types\/post"}],"author":[{"embeddable":true,"href":"https:\/\/mafran.es\/en\/wp-json\/wp\/v2\/users\/1"}],"replies":[{"embeddable":true,"href":"https:\/\/mafran.es\/en\/wp-json\/wp\/v2\/comments?post=381"}],"version-history":[{"count":3,"href":"https:\/\/mafran.es\/en\/wp-json\/wp\/v2\/posts\/381\/revisions"}],"predecessor-version":[{"id":946,"href":"https:\/\/mafran.es\/en\/wp-json\/wp\/v2\/posts\/381\/revisions\/946"}],"wp:featuredmedia":[{"embeddable":true,"href":"https:\/\/mafran.es\/en\/wp-json\/wp\/v2\/media\/619"}],"wp:attachment":[{"href":"https:\/\/mafran.es\/en\/wp-json\/wp\/v2\/media?parent=381"}],"wp:term":[{"taxonomy":"category","embeddable":true,"href":"https:\/\/mafran.es\/en\/wp-json\/wp\/v2\/categories?post=381"},{"taxonomy":"post_tag","embeddable":true,"href":"https:\/\/mafran.es\/en\/wp-json\/wp\/v2\/tags?post=381"}],"curies":[{"name":"wp","href":"https:\/\/api.w.org\/{rel}","templated":true}]}}