{"id":387,"date":"2013-07-19T20:51:00","date_gmt":"2013-07-19T20:51:00","guid":{"rendered":"http:\/\/mafran.es\/la-mujer-que-cambio-la-historia-sin\/"},"modified":"2019-10-20T18:45:41","modified_gmt":"2019-10-20T18:45:41","slug":"la-mujer-que-cambio-la-historia-sin","status":"publish","type":"post","link":"https:\/\/mafran.es\/en\/la-mujer-que-cambio-la-historia-sin\/","title":{"rendered":"La mujer que cambi\u00f3 la historia sin hacer ruido."},"content":{"rendered":"<div style=\"text-align: justify;\">Hay veces que un personaje se cambia la historia. Muchas de ellas, el personaje es consciente de lo que est\u00e1 haciendo, como cuando Col\u00f3n lleg\u00f3 a Am\u00e9rica o cuando Armstrong pis\u00f3 la Luna. Otras, sin embargo, cambia la historia sin ser muy consciente de lo que se est\u00e1 haciendo y sin hacer ruido alguno.<\/div>\n<div style=\"text-align: justify;\"><\/div>\n<div style=\"text-align: justify;\">De toda la historia, hay pocos, muy pocos personajes que han sido capaces de cambiar todo el mundo conocido. Uno de ellos es la persona de la que hablar\u00e9 hoy, que, por cierto, es mujer y curiosamente, casi desconocida.<\/div>\n<div style=\"text-align: justify;\"><\/div>\n<div style=\"text-align: justify;\">Nuestro personaje no se sabe bien donde naci\u00f3, si en Gran Breta\u00f1a o en Turqu\u00eda, ni tampoco se sabe bien su origen, pero parece que era la hija de un hostelero de la \u00e9poca. S\u00ed se sabe que naci\u00f3 hacia el a\u00f1o 250 de nuestra era. Sin embargo, por el nombre que ten\u00eda, Elena, es bastante probable que fuera Turqu\u00eda donde naciera, porque en aquella \u00e9poca, era de influencia griega.<\/div>\n<div style=\"text-align: justify;\"><\/div>\n<div style=\"text-align: justify;\">Por azares del destino no pudo evitar que un general romano, Constancio Cloro se fijara en ella, y la tomara como concubina, creciendo entre ellos el amor y convirti\u00e9ndola en esposa despu\u00e9s, cas\u00e1ndose en el a\u00f1o 272, con unos 22 a\u00f1os los dos esposos. Y naci\u00f3 su hijo, Constantino.<\/div>\n<div style=\"text-align: justify;\"><\/div>\n<div style=\"text-align: justify;\">Pas\u00f3 el tiempo, criando a su hijo, y Constancio Cloro fue acerc\u00e1ndose al trono de Roma. Hasta que en 293 el emperador Maximiano sugiri\u00f3 a Constancio que se casara con su hija adoptiva para poder acceder al trono por familia. Para ello, Constancio ten\u00eda que repudiar a Elena y as\u00ed lo hizo, no sin dolor. Pero el trono de Roma era el trono de Roma. Elena tuvo que partir, dejando a su hijo, Constantino, por su propio bien, junto a su padre, ya emperador de Roma.<\/div>\n<div style=\"text-align: justify;\"><\/div>\n<div style=\"text-align: justify;\">No se sabe qu\u00e9 fue de ella en este tiempo, pero parece que su ex-marido no se olvid\u00f3 de ella, pues no le falt\u00f3 de nada y se dedic\u00f3 a la caridad. Si se sabe que en este tiempo se convirti\u00f3 al cristianismo, como tantos otros romanos en aquella \u00e9poca.<\/div>\n<div style=\"text-align: justify;\"><\/div>\n<div style=\"text-align: justify;\">Pero el tiempo pas\u00f3, su ex-marido muri\u00f3 y su hijo Constantino subi\u00f3 al trono, no sin rivales, como todos los emperadores romanos. Nada m\u00e1s subir, busc\u00f3 a su madre y la llev\u00f3 consigo al Roma, declar\u00e1ndola Augusta.<\/div>\n<div style=\"text-align: justify;\"><\/div>\n<div style=\"text-align: justify;\">Ah\u00ed tenemos a la hija del hostelero, ex-mujer de general romano y ahora madre de Emperador y Augusta de Roma, gracias a su hijo, y a los avatares de la vida.<\/div>\n<div style=\"text-align: justify;\"><\/div>\n<div style=\"text-align: justify;\">En aquella \u00e9poca, los cristianos eran perseguidos y condenados en todo el imperio, por vivir una fe diferente a la del imperio de Roma. Constantino lo sab\u00eda y lo hac\u00eda. La persecuci\u00f3n era salvaje. Pero Elena era cristiana&#8230; y era su madre por encima de todo.<\/div>\n<div style=\"text-align: justify;\"><\/div>\n<div style=\"text-align: justify;\">Poco a poco fue influyendo en su hijo, poco a poco fue ense\u00f1\u00e1ndole lo que ella cre\u00eda, hasta que, en 312, Constantino tuvo un sue\u00f1o justo antes de la batalla del Puente Milvio que interpret\u00f3 como una se\u00f1al de Jes\u00fas, llegando a marcar con una cruz su insignia de batalla. El paso estaba dado, pues gan\u00f3 la batalla y gracias a ella ya no ten\u00eda rivales al trono.<\/div>\n<div style=\"text-align: justify;\"><\/div>\n<div style=\"text-align: justify;\">En 313, se dio el paso definitivo. Su madre lo hab\u00eda conseguido, y Constantino dict\u00f3 el Edicto de Mil\u00e1n, por el que cesaban las persecuciones a los cristianos. Definitivamente, el imperio romano era cristiano. Aunque oficialmente no se bautiz\u00f3 hasta su lecho de muerte.<\/div>\n<div style=\"text-align: justify;\"><\/div>\n<div style=\"text-align: justify;\">Su madre, Elena, sigui\u00f3 viviendo con nueva fe su hijo y quiso peregrinar a Tierra Santa, como tantos otros, y dice la leyenda que encontr\u00f3 las reliquias de la Vera Cruz, que tantos nombres ha dado posteriormente en tantos sitios. Ella dividi\u00f3 la cruz que encontr\u00f3 en tres trozos: uno para Jerusalem, otro para Constantinopla (llamada as\u00ed por su hijo) y otro para Roma. A\u00fan existe en Roma y en Jerusalem las Iglesias de la Vera Cruz, donde se guardan esas reliquias y pueden ser contempladas.<\/div>\n<div style=\"text-align: justify;\"><\/div>\n<div style=\"text-align: justify;\">Muri\u00f3 en 330, con 80 a\u00f1os, en Constantinopla. Muri\u00f3 en brazos de su hijo, el cual, hab\u00eda convertido todo el imperio en cristiano por amor a su madre. Fue declarada Santa y su nombre dio nombre a multitud de sitios (\u00a1hasta a la isla donde muri\u00f3 Napole\u00f3n!).<\/div>\n<div style=\"text-align: justify;\"><\/div>\n<div style=\"text-align: justify;\">Ella, sin saberlo, hab\u00eda dado pie a cambiar la historia, a crear el poder que influy\u00f3 en Europa en los siguientes 1000 a\u00f1os y hab\u00eda puesto las bases, que, queramos o no, han regido la cultura occidental&#8230; y ya hoy en d\u00eda, la mundial. Definitivamente, una hija de hostelero que hab\u00eda cambiado la historia como nadie&#8230; y sin hacer ning\u00fan ruido en ella.<\/div>\n<div style=\"text-align: justify;\"><\/div>","protected":false},"excerpt":{"rendered":"<p>Hay veces que un personaje se cambia la historia. Muchas de ellas, el personaje es consciente de lo que est\u00e1 haciendo, como cuando Col\u00f3n lleg\u00f3 a Am\u00e9rica o cuando Armstrong pis\u00f3 la Luna. Otras, sin embargo, cambia la historia sin ser muy consciente de lo que se est\u00e1 haciendo y sin hacer ruido alguno. De toda la historia, hay pocos, muy pocos personajes que han sido capaces de cambiar todo el mundo conocido. Uno de ellos es la persona de la que hablar\u00e9 hoy, que, por cierto, es mujer y&hellip;<\/p>","protected":false},"author":1,"featured_media":609,"comment_status":"open","ping_status":"open","sticky":false,"template":"","format":"standard","meta":{"footnotes":""},"categories":[22],"tags":[10],"class_list":["post-387","post","type-post","status-publish","format-standard","has-post-thumbnail","hentry","category-no-puedo-dormir-sin-saber-esto","tag-historia"],"gutentor_comment":0,"rttpg_featured_image_url":{"full":["https:\/\/mafran.es\/wp-content\/uploads\/2013\/07\/Francesco_Morandini_-_Saint_Helena_-_Walters_371096.jpg",200,243,false],"landscape":["https:\/\/mafran.es\/wp-content\/uploads\/2013\/07\/Francesco_Morandini_-_Saint_Helena_-_Walters_371096.jpg",200,243,false],"portraits":["https:\/\/mafran.es\/wp-content\/uploads\/2013\/07\/Francesco_Morandini_-_Saint_Helena_-_Walters_371096.jpg",200,243,false],"thumbnail":["https:\/\/mafran.es\/wp-content\/uploads\/2013\/07\/Francesco_Morandini_-_Saint_Helena_-_Walters_371096-150x150.jpg",150,150,true],"medium":["https:\/\/mafran.es\/wp-content\/uploads\/2013\/07\/Francesco_Morandini_-_Saint_Helena_-_Walters_371096.jpg",200,243,false],"large":["https:\/\/mafran.es\/wp-content\/uploads\/2013\/07\/Francesco_Morandini_-_Saint_Helena_-_Walters_371096.jpg",200,243,false],"folio":["https:\/\/mafran.es\/wp-content\/uploads\/2013\/07\/Francesco_Morandini_-_Saint_Helena_-_Walters_371096.jpg",200,243,false],"1536x1536":["https:\/\/mafran.es\/wp-content\/uploads\/2013\/07\/Francesco_Morandini_-_Saint_Helena_-_Walters_371096.jpg",200,243,false],"2048x2048":["https:\/\/mafran.es\/wp-content\/uploads\/2013\/07\/Francesco_Morandini_-_Saint_Helena_-_Walters_371096.jpg",200,243,false],"trp-custom-language-flag":["https:\/\/mafran.es\/wp-content\/uploads\/2013\/07\/Francesco_Morandini_-_Saint_Helena_-_Walters_371096.jpg",10,12,false],"post-thumbnail":["https:\/\/mafran.es\/wp-content\/uploads\/2013\/07\/Francesco_Morandini_-_Saint_Helena_-_Walters_371096-200x172.jpg",200,172,true],"sow-carousel-default":["https:\/\/mafran.es\/wp-content\/uploads\/2013\/07\/Francesco_Morandini_-_Saint_Helena_-_Walters_371096-200x182.jpg",200,182,true]},"rttpg_author":{"display_name":"mafran","author_link":"https:\/\/mafran.es\/en\/author\/mafran\/"},"rttpg_comment":0,"rttpg_category":"<a href=\"https:\/\/mafran.es\/en\/category\/no-puedo-dormir-sin-saber-esto\/\" rel=\"category tag\">No Puedo Dormir Sin Saber Esto<\/a>","rttpg_excerpt":"Hay veces que un personaje se cambia la historia. Muchas de ellas, el personaje es consciente de lo que est\u00e1 haciendo, como cuando Col\u00f3n lleg\u00f3 a Am\u00e9rica o cuando Armstrong pis\u00f3 la Luna. Otras, sin embargo, cambia la historia sin ser muy consciente de lo que se est\u00e1 haciendo y sin hacer ruido alguno. De&hellip;","_links":{"self":[{"href":"https:\/\/mafran.es\/en\/wp-json\/wp\/v2\/posts\/387","targetHints":{"allow":["GET"]}}],"collection":[{"href":"https:\/\/mafran.es\/en\/wp-json\/wp\/v2\/posts"}],"about":[{"href":"https:\/\/mafran.es\/en\/wp-json\/wp\/v2\/types\/post"}],"author":[{"embeddable":true,"href":"https:\/\/mafran.es\/en\/wp-json\/wp\/v2\/users\/1"}],"replies":[{"embeddable":true,"href":"https:\/\/mafran.es\/en\/wp-json\/wp\/v2\/comments?post=387"}],"version-history":[{"count":3,"href":"https:\/\/mafran.es\/en\/wp-json\/wp\/v2\/posts\/387\/revisions"}],"predecessor-version":[{"id":950,"href":"https:\/\/mafran.es\/en\/wp-json\/wp\/v2\/posts\/387\/revisions\/950"}],"wp:featuredmedia":[{"embeddable":true,"href":"https:\/\/mafran.es\/en\/wp-json\/wp\/v2\/media\/609"}],"wp:attachment":[{"href":"https:\/\/mafran.es\/en\/wp-json\/wp\/v2\/media?parent=387"}],"wp:term":[{"taxonomy":"category","embeddable":true,"href":"https:\/\/mafran.es\/en\/wp-json\/wp\/v2\/categories?post=387"},{"taxonomy":"post_tag","embeddable":true,"href":"https:\/\/mafran.es\/en\/wp-json\/wp\/v2\/tags?post=387"}],"curies":[{"name":"wp","href":"https:\/\/api.w.org\/{rel}","templated":true}]}}