{"id":390,"date":"2013-06-13T07:00:00","date_gmt":"2013-06-13T07:00:00","guid":{"rendered":"http:\/\/mafran.es\/la-volatilidad-de-las-fronteras-estados\/"},"modified":"2019-10-20T18:46:18","modified_gmt":"2019-10-20T18:46:18","slug":"la-volatilidad-de-las-fronteras-estados","status":"publish","type":"post","link":"https:\/\/mafran.es\/en\/la-volatilidad-de-las-fronteras-estados\/","title":{"rendered":"La volatilidad de las fronteras: Estados ef\u00edmeros."},"content":{"rendered":"<div style=\"text-align: justify;\">Desde siempre me ha gustado mirar el proceso por el que hispano am\u00e9rica se fue independizando de Espa\u00f1a y Portugal, porque ese proceso, plagado de h\u00e9roes, villanos y defectos, nos ense\u00f1an c\u00f3mo no hacer las cosas en el futuro. Ya sabemos que los hombres que olvidan su historia est\u00e1n obligados a repetirla.<\/div>\n<div style=\"text-align: justify;\"><\/div>\n<div style=\"text-align: justify;\">Pero la entrada que quiero escribir hoy no lo voy a centrar en c\u00f3mo se produjo, que m\u00e1s o menos todos los sabemos, sino en algo curioso que se produjo en todo ese proceso y que se ha repetido en otras partes del mundo, que son los estados ef\u00edmeros. Estados que por alg\u00fan motivo no fueron capaces de perdurar en el tiempo y desde que se fundaron hasta que desaparecieron pasaron unos pocos a\u00f1os, a veces, incluso meses.<\/div>\n<div style=\"text-align: justify;\"><\/div>\n<div style=\"text-align: justify;\">Cuando Sim\u00f3n Bol\u00edvar consigui\u00f3 independizar de Espa\u00f1a todo el virreinato del norte de Sudam\u00e9rica (lo que hoy es Colombia, Venezuela, Guayana, Ecuador y Panam\u00e1) se cre\u00f3 un estado llamado la Gran Colombia. Eso se produjo en 1821, y realmente nunca funcion\u00f3 del todo bien. Los espa\u00f1oles hab\u00edan organizado bastante centralizadamente toda Sudam\u00e9rica, concentrando el poder en contados sitios, lo que olvidaba grandes partes de territorio y generaba tensiones. La independencia era el momento de cambiar, pero no fue el caso. Se cre\u00f3 un pa\u00eds exactamente igual que la organizaci\u00f3n anterior y no fue muy bien aceptado por los ciudadanos. A penas dur\u00f3 10 a\u00f1os, dado que segu\u00edan las tensiones entre los centralistas y los federalistas. Algo que siempre ha sucedido. Es un pa\u00eds que fue reconocido internacionalmente y que tuvo su constituci\u00f3n y varios gobiernos, pero no consigui\u00f3 perdurar, disolvi\u00e9ndose como un azucarillo. En 1829, Venezuela (y Guayana) se independiza, en 1830, Ecuador y qued\u00f3 s\u00f3lo ya la Rep\u00fablica de Nueva Granada que fue cambiando de nombre sucesivamente hasta que en 1903 qued\u00f3 separada Panam\u00e1 de la que ya se llamaba Colombia, tal como lo conocemos hoy.<\/div>\n<div style=\"text-align: justify;\"><\/div>\n<div style=\"text-align: justify;\">La Gran Colombia era el gran sue\u00f1o de Bol\u00edvar, pero a penas dur\u00f3 10 a\u00f1os. Como nota curiosa decir que tanto Colombia, como Venezuela y Ecuador han mantenido pr\u00e1cticamente la misma bandera, la de la Gran Colombia.<\/div>\n<div style=\"text-align: justify;\"><\/div>\n<div style=\"text-align: justify;\">No es el \u00fanico ejemplo en Sudam\u00e9rica. Hay uno casi m\u00e1s curioso. En la frontera entre Bolivia y Brasil existe un territorio llamado Acre, en plena selva amaz\u00f3nica. Este estado ni siquiera fue bien definido hasta finales del siglo XIX y depend\u00eda de Bolivia administrativamente, aunque en 1887 tuvo una alta inmigraci\u00f3n brasile\u00f1a que hizo, apenas unos a\u00f1os despu\u00e9s que se declarara la Rep\u00fablica Independiente de Acre. Este estado se declar\u00f3 en 1899 y dur\u00f3 hasta 1903 en varias formas jur\u00eddicas. Fueron s\u00f3lo 4 a\u00f1os que dieron para mucho, dado que ten\u00edan Bandera, organizaci\u00f3n ministerial, correos, etc. Incluso en medio de ese periodo el estado fue invadido por tropas de Bolivia. Finalmente, en 1903, el estado se anexion\u00f3 a Brasil, del que forma parte desde ese momento. Fue un estado realmente ef\u00edmero de s\u00f3lo 4 a\u00f1os.<\/div>\n<div style=\"text-align: justify;\"><\/div>\n<div style=\"text-align: justify;\">En Europa tambi\u00e9n hay algunos ejemplos, aunque los m\u00e1s extra\u00f1os fueron las vueltas que le dieron al mapa los sovi\u00e9ticos dentro de sus fronteras y aleda\u00f1os. Fue un proceso que se produjo casi simult\u00e1neamente con la Primera Guerra Mundial y justo despu\u00e9s de la revoluci\u00f3n bolchevique, entre 1917 y 1920. Nada menos que hasta 24 rep\u00fablicas se crearon y se extinguieron en esos tres a\u00f1os. Ninguna perdur\u00f3.<\/div>\n<div style=\"text-align: justify;\"><\/div>\n<div style=\"text-align: justify;\">Otro ejemplo que tambi\u00e9n me llama la atenci\u00f3n fue el que sigui\u00f3 la unificaci\u00f3n italiana. Italia era un conglomerado de micropaises a primeros del siglo XIX cuando se inici\u00f3 un proceso de reunificaci\u00f3n que no culmin\u00f3 definitivamente hasta despu\u00e9s de la Primera Guerra Mundial, en 1919. Casi cada 5 a\u00f1os se creaban y desaparec\u00edan rep\u00fablicas y estados, unific\u00e1ndose y separ\u00e1ndose en continuas revueltas y guerras que se produjeron en ese territorio en todo el siglo. Desaparecieron los reinos de Venecia, de N\u00e1poles, los Estados Pontificios, el reino de la Toscana, poco a poco todo fue integr\u00e1ndose en el Reino de Cerde\u00f1a, hasta que se proclam\u00f3 el Reino de Italia en 1861. Este proceso ha mantenido algunas reliquias que conocemos gracias al f\u00fatbol: San Marino, Liechtenstein y M\u00f3naco, min\u00fasculos estados que consiguieron perdurar a pesar del proceso de unificaci\u00f3n y que han quedado como reliquias del pasado en un mundo que es demasiado ef\u00edmero, hasta para los propios pa\u00edses.<\/div>","protected":false},"excerpt":{"rendered":"<p>Desde siempre me ha gustado mirar el proceso por el que hispano am\u00e9rica se fue independizando de Espa\u00f1a y Portugal, porque ese proceso, plagado de h\u00e9roes, villanos y defectos, nos ense\u00f1an c\u00f3mo no hacer las cosas en el futuro. Ya sabemos que los hombres que olvidan su historia est\u00e1n obligados a repetirla. Pero la entrada que quiero escribir hoy no lo voy a centrar en c\u00f3mo se produjo, que m\u00e1s o menos todos los sabemos, sino en algo curioso que se produjo en todo ese proceso y que se ha&hellip;<\/p>","protected":false},"author":1,"featured_media":603,"comment_status":"open","ping_status":"open","sticky":false,"template":"","format":"standard","meta":{"footnotes":""},"categories":[22],"tags":[17,10],"class_list":["post-390","post","type-post","status-publish","format-standard","has-post-thumbnail","hentry","category-no-puedo-dormir-sin-saber-esto","tag-geografia","tag-historia"],"gutentor_comment":0,"rttpg_featured_image_url":{"full":["https:\/\/mafran.es\/wp-content\/uploads\/2013\/06\/Selorepacre.jpg",100,156,false],"landscape":["https:\/\/mafran.es\/wp-content\/uploads\/2013\/06\/Selorepacre.jpg",100,156,false],"portraits":["https:\/\/mafran.es\/wp-content\/uploads\/2013\/06\/Selorepacre.jpg",100,156,false],"thumbnail":["https:\/\/mafran.es\/wp-content\/uploads\/2013\/06\/Selorepacre-100x150.jpg",100,150,true],"medium":["https:\/\/mafran.es\/wp-content\/uploads\/2013\/06\/Selorepacre.jpg",100,156,false],"large":["https:\/\/mafran.es\/wp-content\/uploads\/2013\/06\/Selorepacre.jpg",100,156,false],"folio":["https:\/\/mafran.es\/wp-content\/uploads\/2013\/06\/Selorepacre.jpg",100,156,false],"1536x1536":["https:\/\/mafran.es\/wp-content\/uploads\/2013\/06\/Selorepacre.jpg",100,156,false],"2048x2048":["https:\/\/mafran.es\/wp-content\/uploads\/2013\/06\/Selorepacre.jpg",100,156,false],"trp-custom-language-flag":["https:\/\/mafran.es\/wp-content\/uploads\/2013\/06\/Selorepacre.jpg",8,12,false],"post-thumbnail":["https:\/\/mafran.es\/wp-content\/uploads\/2013\/06\/Selorepacre.jpg",100,156,false],"sow-carousel-default":["https:\/\/mafran.es\/wp-content\/uploads\/2013\/06\/Selorepacre.jpg",100,156,false]},"rttpg_author":{"display_name":"mafran","author_link":"https:\/\/mafran.es\/en\/author\/mafran\/"},"rttpg_comment":0,"rttpg_category":"<a href=\"https:\/\/mafran.es\/en\/category\/no-puedo-dormir-sin-saber-esto\/\" rel=\"category tag\">No Puedo Dormir Sin Saber Esto<\/a>","rttpg_excerpt":"Desde siempre me ha gustado mirar el proceso por el que hispano am\u00e9rica se fue independizando de Espa\u00f1a y Portugal, porque ese proceso, plagado de h\u00e9roes, villanos y defectos, nos ense\u00f1an c\u00f3mo no hacer las cosas en el futuro. Ya sabemos que los hombres que olvidan su historia est\u00e1n obligados a repetirla. Pero la entrada&hellip;","_links":{"self":[{"href":"https:\/\/mafran.es\/en\/wp-json\/wp\/v2\/posts\/390","targetHints":{"allow":["GET"]}}],"collection":[{"href":"https:\/\/mafran.es\/en\/wp-json\/wp\/v2\/posts"}],"about":[{"href":"https:\/\/mafran.es\/en\/wp-json\/wp\/v2\/types\/post"}],"author":[{"embeddable":true,"href":"https:\/\/mafran.es\/en\/wp-json\/wp\/v2\/users\/1"}],"replies":[{"embeddable":true,"href":"https:\/\/mafran.es\/en\/wp-json\/wp\/v2\/comments?post=390"}],"version-history":[{"count":3,"href":"https:\/\/mafran.es\/en\/wp-json\/wp\/v2\/posts\/390\/revisions"}],"predecessor-version":[{"id":953,"href":"https:\/\/mafran.es\/en\/wp-json\/wp\/v2\/posts\/390\/revisions\/953"}],"wp:featuredmedia":[{"embeddable":true,"href":"https:\/\/mafran.es\/en\/wp-json\/wp\/v2\/media\/603"}],"wp:attachment":[{"href":"https:\/\/mafran.es\/en\/wp-json\/wp\/v2\/media?parent=390"}],"wp:term":[{"taxonomy":"category","embeddable":true,"href":"https:\/\/mafran.es\/en\/wp-json\/wp\/v2\/categories?post=390"},{"taxonomy":"post_tag","embeddable":true,"href":"https:\/\/mafran.es\/en\/wp-json\/wp\/v2\/tags?post=390"}],"curies":[{"name":"wp","href":"https:\/\/api.w.org\/{rel}","templated":true}]}}