{"id":401,"date":"2013-04-09T07:00:00","date_gmt":"2013-04-09T07:00:00","guid":{"rendered":"http:\/\/mafran.es\/demasiado-humilde-para-ser-nobe\/"},"modified":"2019-10-21T20:00:57","modified_gmt":"2019-10-21T20:00:57","slug":"demasiado-humilde-para-ser-nobe","status":"publish","type":"post","link":"https:\/\/mafran.es\/en\/demasiado-humilde-para-ser-nobe\/","title":{"rendered":"Demasiado humilde para ser Nobel."},"content":{"rendered":"<div class=\"separator\" style=\"clear: both; text-align: center;\"><\/div>\n<div style=\"text-align: justify;\">En los \u00faltimos cuatro a\u00f1os me han preguntado cientos de veces por qu\u00e9 se llama Santiago mi hijo. Nadie de mi familia ni de la de mi mujer se llama as\u00ed. Sin embargo, decidimos ese nombre, porque sea un nombre bonito. Nos gust\u00f3. No era com\u00fan, pero no era raro. Y era espa\u00f1ol. De pura cepa.<\/div>\n<div style=\"text-align: justify;\"><\/div>\n<div style=\"text-align: justify;\">Despu\u00e9s, ese nombre ha ido cuadrando en diferentes sitios, y diferentes aspectos, que casualidad o no, han ido dando sentido a ese nombre.<\/div>\n<div style=\"text-align: justify;\"><\/div>\n<div style=\"text-align: justify;\">Descubrimos que Santiago era el patr\u00f3n del pueblo donde naci\u00f3 mi hijo, cosa que no supe hasta que me toc\u00f3 inscribirlo en el registro. Y me top\u00e9 con un Santiago que se convirti\u00f3 en una de las personas de la historia que m\u00e1s admiro. El primer verdadero genio espa\u00f1ol. Don Santiago Ram\u00f3n y Cajal. Si tuviera que elegir alguien que haga referencia ese nombre, ser\u00eda, sin duda, a \u00e9l.<\/div>\n<div style=\"text-align: justify;\"><\/div>\n<div style=\"text-align: justify;\">Ram\u00f3n y Cajal naci\u00f3 en un enclave navarro en Arag\u00f3n a mediados del siglo XIX. En aquella \u00e9poca, Petilla de Arag\u00f3n (que as\u00ed se llamaba) ten\u00eda m\u00e1s o menos 500 habitantes. Naci\u00f3 en una familia humilde, de padre cirujano barbero de pueblo y obligado a viajar siguiendo los cambios de destino de su padre.<\/div>\n<div style=\"text-align: justify;\"><\/div>\n<div style=\"text-align: justify;\">No fue demasiado buen estudiante, porque ten\u00eda demasiadas neuronas para la \u00e9poca, pero consigui\u00f3 sacar adelante con esfuerzo sus estudios, hasta que en 1870 lleg\u00f3 a Zaragoza, donde se licenci\u00f3 en Medicina, en tres a\u00f1os, lo habitual de la \u00e9poca. Ya era, por tanto, un joven m\u00e9dico hijo de m\u00e9dico. Nada excepcional.<\/div>\n<div style=\"text-align: justify;\"><\/div>\n<div style=\"text-align: justify;\">Pas\u00f3 por la guerra en Cuba donde aprendi\u00f3 no s\u00f3lo a combatir la enfermedad, sino a enfrentarse a la burocracia, pues la gesti\u00f3n administrativa era lamentable. Pero como buen aragon\u00e9s, se busc\u00f3 las vueltas hasta conseguir lo que deseaba. Consigui\u00f3 aprender a luchar contra la burocracia, algo que ser\u00eda muy importante tiempo despu\u00e9s.<\/div>\n<div style=\"text-align: justify;\"><\/div>\n<div style=\"text-align: justify;\">Y despu\u00e9s volvi\u00f3 a Zaragoza, donde se recuper\u00f3 y se doctor\u00f3 en 1877, compr\u00e1ndose \u00e9l mismo un peque\u00f1o microscopio, que le acompa\u00f1ar\u00eda despu\u00e9s. Ya ten\u00eda decidido su futuro. Ser\u00eda investigador y se dedicar\u00eda a la docencia. Intent\u00f3 conseguir varias c\u00e1tedras, hasta que consigui\u00f3 en 1883 la C\u00e1tedra de Anatom\u00eda descriptiva de la Facultad de Medicina de Valencia. All\u00ed pudo dedicarse lo que quer\u00eda, hasta que, en 1888 pudo descubrir, gracias a su habilidad con las navajas que hered\u00f3 de su padre y a cientos de cerebros de pollo, las neuronas. Algo que hoy es tan cotidiano fue descubierto por un espa\u00f1ol, por un Santiago y con un peque\u00f1o microscopio. Los medios propios de la investigaci\u00f3n en Espa\u00f1a que a\u00fan hoy podemos ver. Pero el genio a veces sale. Y en este caso sali\u00f3.<\/div>\n<div style=\"text-align: justify;\"><\/div>\n<div style=\"text-align: justify;\">Y volvi\u00f3 a vencer la burocracia. En 1889 llev\u00f3 su descubrimiento a un congreso a Berl\u00edn y all\u00ed fue aceptado mundialmente aceptado. En particular gracias a Heinrich Gottfried, un reputado m\u00e9dico alem\u00e1n de la \u00e9poca que hizo dos gestos propios de un caballero.<\/div>\n<div style=\"text-align: justify;\"><\/div>\n<div style=\"text-align: justify;\">El primero fue que Santiago Ram\u00f3n y Cajal consigui\u00f3 que el Gottfried mirara por un microscopio que hab\u00eda preparado para contarle lo que hab\u00eda descubierto. Gottfried mir\u00f3 y escuch\u00f3 atentamente y al acabar dijo: \u00abUsted ha hecho un descubrimiento maravilloso, pero yo tambi\u00e9n he hecho otro: mi descubrimiento es usted\u00bb. Desde entonces fueron colegas. Tras esto, el segundo gesto, aprendi\u00f3 espa\u00f1ol para poder debatir con Ram\u00f3n y Cajal. Bien merec\u00eda el esfuerzo debatir con un genio.<\/div>\n<div style=\"text-align: justify;\"><\/div>\n<div style=\"text-align: justify;\">Con el reconocimiento en Alemania, Santiago consigui\u00f3 la c\u00e1tedra de Madrid y se cre\u00f3 un Laboratorio de Investigaciones Biol\u00f3gicas en 1902, que dirigi\u00f3 hasta 1922, donde pas\u00f3 al Instituto Cajal hasta su muerte en 1934.<\/div>\n<div style=\"text-align: justify;\"><\/div>\n<div style=\"text-align: justify;\">En el a\u00f1o 1906, Santiago Ram\u00f3n y Cajal recibi\u00f3 el Premio Nobel de Medicina, por sus investigaciones en el campo de la neurolog\u00eda. Recibi\u00f3 un telegrama a altas horas de la madrugada comunic\u00e1ndoselo y \u00e9l, cuando lo ley\u00f3 dijo: \u00abesto es otra broma de los estudiantes\u00bb y sigui\u00f3 durmiendo. Al d\u00eda siguiente era portada en todos los peri\u00f3dicos.<\/div>\n<div style=\"text-align: justify;\"><\/div>\n<div style=\"text-align: justify;\">Pero \u00bfc\u00f3mo pod\u00eda ser Nobel un humilde m\u00e9dico rural? No era un m\u00e9dico rural. Era un genio. El primer genio cient\u00edfico espa\u00f1ol, al que no deber\u00edamos olvidar nunca.<\/div>","protected":false},"excerpt":{"rendered":"<p>En los \u00faltimos cuatro a\u00f1os me han preguntado cientos de veces por qu\u00e9 se llama Santiago mi hijo. Nadie de mi familia ni de la de mi mujer se llama as\u00ed. Sin embargo, decidimos ese nombre, porque sea un nombre bonito. Nos gust\u00f3. No era com\u00fan, pero no era raro. Y era espa\u00f1ol. De pura cepa. Despu\u00e9s, ese nombre ha ido cuadrando en diferentes sitios, y diferentes aspectos, que casualidad o no, han ido dando sentido a ese nombre. Descubrimos que Santiago era el patr\u00f3n del pueblo donde naci\u00f3 mi&hellip;<\/p>","protected":false},"author":1,"featured_media":585,"comment_status":"open","ping_status":"open","sticky":false,"template":"","format":"standard","meta":{"footnotes":""},"categories":[22],"tags":[10],"class_list":["post-401","post","type-post","status-publish","format-standard","has-post-thumbnail","hentry","category-no-puedo-dormir-sin-saber-esto","tag-historia"],"gutentor_comment":2,"rttpg_featured_image_url":{"full":["https:\/\/mafran.es\/wp-content\/uploads\/2013\/04\/Ramon-y-Cajal.jpg",263,192,false],"landscape":["https:\/\/mafran.es\/wp-content\/uploads\/2013\/04\/Ramon-y-Cajal.jpg",263,192,false],"portraits":["https:\/\/mafran.es\/wp-content\/uploads\/2013\/04\/Ramon-y-Cajal.jpg",263,192,false],"thumbnail":["https:\/\/mafran.es\/wp-content\/uploads\/2013\/04\/Ramon-y-Cajal-150x150.jpg",150,150,true],"medium":["https:\/\/mafran.es\/wp-content\/uploads\/2013\/04\/Ramon-y-Cajal.jpg",263,192,false],"large":["https:\/\/mafran.es\/wp-content\/uploads\/2013\/04\/Ramon-y-Cajal.jpg",263,192,false],"folio":["https:\/\/mafran.es\/wp-content\/uploads\/2013\/04\/Ramon-y-Cajal.jpg",263,192,false],"1536x1536":["https:\/\/mafran.es\/wp-content\/uploads\/2013\/04\/Ramon-y-Cajal.jpg",263,192,false],"2048x2048":["https:\/\/mafran.es\/wp-content\/uploads\/2013\/04\/Ramon-y-Cajal.jpg",263,192,false],"trp-custom-language-flag":["https:\/\/mafran.es\/wp-content\/uploads\/2013\/04\/Ramon-y-Cajal.jpg",16,12,false],"post-thumbnail":["https:\/\/mafran.es\/wp-content\/uploads\/2013\/04\/Ramon-y-Cajal-240x172.jpg",240,172,true],"sow-carousel-default":["https:\/\/mafran.es\/wp-content\/uploads\/2013\/04\/Ramon-y-Cajal-263x182.jpg",263,182,true]},"rttpg_author":{"display_name":"mafran","author_link":"https:\/\/mafran.es\/en\/author\/mafran\/"},"rttpg_comment":2,"rttpg_category":"<a href=\"https:\/\/mafran.es\/en\/category\/no-puedo-dormir-sin-saber-esto\/\" rel=\"category tag\">No Puedo Dormir Sin Saber Esto<\/a>","rttpg_excerpt":"En los \u00faltimos cuatro a\u00f1os me han preguntado cientos de veces por qu\u00e9 se llama Santiago mi hijo. Nadie de mi familia ni de la de mi mujer se llama as\u00ed. Sin embargo, decidimos ese nombre, porque sea un nombre bonito. Nos gust\u00f3. No era com\u00fan, pero no era raro. Y era espa\u00f1ol. De pura&hellip;","_links":{"self":[{"href":"https:\/\/mafran.es\/en\/wp-json\/wp\/v2\/posts\/401","targetHints":{"allow":["GET"]}}],"collection":[{"href":"https:\/\/mafran.es\/en\/wp-json\/wp\/v2\/posts"}],"about":[{"href":"https:\/\/mafran.es\/en\/wp-json\/wp\/v2\/types\/post"}],"author":[{"embeddable":true,"href":"https:\/\/mafran.es\/en\/wp-json\/wp\/v2\/users\/1"}],"replies":[{"embeddable":true,"href":"https:\/\/mafran.es\/en\/wp-json\/wp\/v2\/comments?post=401"}],"version-history":[{"count":3,"href":"https:\/\/mafran.es\/en\/wp-json\/wp\/v2\/posts\/401\/revisions"}],"predecessor-version":[{"id":965,"href":"https:\/\/mafran.es\/en\/wp-json\/wp\/v2\/posts\/401\/revisions\/965"}],"wp:featuredmedia":[{"embeddable":true,"href":"https:\/\/mafran.es\/en\/wp-json\/wp\/v2\/media\/585"}],"wp:attachment":[{"href":"https:\/\/mafran.es\/en\/wp-json\/wp\/v2\/media?parent=401"}],"wp:term":[{"taxonomy":"category","embeddable":true,"href":"https:\/\/mafran.es\/en\/wp-json\/wp\/v2\/categories?post=401"},{"taxonomy":"post_tag","embeddable":true,"href":"https:\/\/mafran.es\/en\/wp-json\/wp\/v2\/tags?post=401"}],"curies":[{"name":"wp","href":"https:\/\/api.w.org\/{rel}","templated":true}]}}