{"id":402,"date":"2013-03-31T07:00:00","date_gmt":"2013-03-31T07:00:00","guid":{"rendered":"http:\/\/mafran.es\/algo-que-nos-une-casi-todos\/"},"modified":"2019-10-21T20:00:21","modified_gmt":"2019-10-21T20:00:21","slug":"algo-que-nos-une-casi-todos","status":"publish","type":"post","link":"https:\/\/mafran.es\/en\/algo-que-nos-une-casi-todos\/","title":{"rendered":"Algo que nos une&#8230; a casi todos."},"content":{"rendered":"<div class=\"separator\" style=\"clear: both; text-align: center;\"><\/div>\n<div style=\"text-align: justify;\">Vuelvo a retomar el blog. Espero tener m\u00e1s continuidad, pero es lo que hay con dos bichillos en casa&#8230;<\/div>\n<div style=\"text-align: justify;\"><\/div>\n<div style=\"text-align: justify;\">La entrada de hoy la ten\u00eda pensado desde hace mucho tiempo. Podr\u00eda tener yo unos 6 o 7 a\u00f1os cuando me dedicaba a mirar las banderas de un diccionario que hab\u00eda (todav\u00eda est\u00e1, por cierto) en casa de mis padres. Me pasaba horas mirando dos cosas: las banderas y las se\u00f1ales de tr\u00e1fico&#8230; eran las \u00fanicas p\u00e1ginas a color del diccionario y es lo que tiene para los ni\u00f1os.<\/div>\n<div style=\"text-align: justify;\"><\/div>\n<div style=\"text-align: justify;\">El caso es que siempre me llam\u00f3 la atenci\u00f3n de las banderas que hab\u00eda (m\u00e1s de 150, seguro), todas, salvo dos eran iguales: rectangulares.<\/div>\n<div style=\"text-align: justify;\"><\/div>\n<div style=\"text-align: justify;\">Me llam\u00f3 la atenci\u00f3n, pero no le d\u00ed m\u00e1s importancia. Despu\u00e9s supe que el origen de las banderas tal como lo entendemos hoy, es muy del mar, para identificar los nav\u00edos a la lejan\u00eda. En tierra, los batallones, que tambi\u00e9n se identificaban lo hac\u00edan m\u00e1s con un pend\u00f3n, ya de forma m\u00e1s variada.<\/div>\n<div style=\"text-align: justify;\"><\/div>\n<div style=\"text-align: justify;\">No deja de ser curioso que las dos \u00fanicas banderas que no eran rectangulares en ese diccionario eran de dos pa\u00edses que no tienen mar: Suiza y Nepal. Suiza, ya es un pa\u00eds raro en s\u00ed mismo, capaz de vivir en la neutralidad durante siglos. Nunca entra en conflicto y desde Napole\u00f3n, todos lo respetan. Esa bandera, que todos conocer\u00e9is es cuadrada, roja, con una cruz en el centro blanca. Curiosamente, esta bandera dio origen a otra bandera, tambi\u00e9n muy conocida a d\u00eda de hoy: la bandera y s\u00edmbolo de la Cruz Roja (es igual, cambiando los colores), que se cre\u00f3 en por un natural de Ginebra, en su ciudad natal en 1863. Tambi\u00e9n merece otra entrada.<\/div>\n<div style=\"text-align: justify;\"><\/div>\n<div style=\"text-align: justify;\">La de Nepal es m\u00e1s rara a\u00fan: son dos tri\u00e1ngulos rojos con borde azul y dos s\u00edmbolos blancos en su interior. Su forma es muy caracter\u00edsticas tanto, que su definici\u00f3n requiere casi una tesis matem\u00e1tica (hay que definir proporciones, \u00e1ngulos, etc). Fue adoptada como s\u00edmbolo del pa\u00eds en 1962.<\/div>\n<div style=\"text-align: justify;\"><\/div>\n<div style=\"text-align: justify;\">Pero ya mayor, con el run run en la cabeza pens\u00e9 qu\u00e9 otras banderas hab\u00eda que no fueran rectangulares. Tampoco deb\u00eda ser tan raro que algunos pa\u00edses adoptaran formas diferentes de banderas, pero no, s\u00f3lo encontr\u00e9 dos banderas m\u00e1s y una de ellas es de un estado, no de un pa\u00eds. Curiosamente ninguno de los dos tiene flota.<\/div>\n<div style=\"text-align: justify;\"><\/div>\n<div style=\"text-align: justify;\">Una de ellas es la bandera vaticana. De origen moderno (1808), fue creada tambi\u00e9n en contraposici\u00f3n a la invasi\u00f3n napole\u00f3nica de Italia por el papa P\u00edo VII, con los colores amarillos y blancos en dos franjas verticales. No deja de ser curiosa tambi\u00e9n, aunque no est\u00e9 documentada en el tema de la bandera, la relaci\u00f3n en otros temas del vaticano con Suiza, dado que, por ejemplo, los responsables de la seguridad vaticana es la Guardia Suiza.<\/div>\n<div style=\"text-align: justify;\"><\/div>\n<div style=\"text-align: justify;\">La otra bandera es la bandera del estado de Ohio. La forma de esta bandera es ca\u00f3tica, trapezoidal y de 5 lados, es similar a la bandera de los EEUU en cuanto a los colores. Est\u00e1 adoptada de un bander\u00edn utilizado en la guerra de secesi\u00f3n americana y se adopt\u00f3 oficialmente en 1902.<\/div>\n<div style=\"text-align: justify;\"><\/div>\n<div style=\"text-align: justify;\">Aunque parece que el mundo es muy diferente, aqu\u00ed hay un ejemplo de uniformidad, porque todas las banderas del mundo son similares en forma, salvo cuatro. Cuatro que son realmente curiosas.<\/div>","protected":false},"excerpt":{"rendered":"<p>Vuelvo a retomar el blog. Espero tener m\u00e1s continuidad, pero es lo que hay con dos bichillos en casa&#8230; La entrada de hoy la ten\u00eda pensado desde hace mucho tiempo. Podr\u00eda tener yo unos 6 o 7 a\u00f1os cuando me dedicaba a mirar las banderas de un diccionario que hab\u00eda (todav\u00eda est\u00e1, por cierto) en casa de mis padres. Me pasaba horas mirando dos cosas: las banderas y las se\u00f1ales de tr\u00e1fico&#8230; eran las \u00fanicas p\u00e1ginas a color del diccionario y es lo que tiene para los ni\u00f1os. El caso&hellip;<\/p>","protected":false},"author":1,"featured_media":583,"comment_status":"open","ping_status":"open","sticky":false,"template":"","format":"standard","meta":{"footnotes":""},"categories":[22],"tags":[17],"class_list":["post-402","post","type-post","status-publish","format-standard","has-post-thumbnail","hentry","category-no-puedo-dormir-sin-saber-esto","tag-geografia"],"gutentor_comment":4,"rttpg_featured_image_url":{"full":["https:\/\/mafran.es\/wp-content\/uploads\/2013\/03\/Banderas.png",200,168,false],"landscape":["https:\/\/mafran.es\/wp-content\/uploads\/2013\/03\/Banderas.png",200,168,false],"portraits":["https:\/\/mafran.es\/wp-content\/uploads\/2013\/03\/Banderas.png",200,168,false],"thumbnail":["https:\/\/mafran.es\/wp-content\/uploads\/2013\/03\/Banderas-150x150.png",150,150,true],"medium":["https:\/\/mafran.es\/wp-content\/uploads\/2013\/03\/Banderas.png",200,168,false],"large":["https:\/\/mafran.es\/wp-content\/uploads\/2013\/03\/Banderas.png",200,168,false],"folio":["https:\/\/mafran.es\/wp-content\/uploads\/2013\/03\/Banderas.png",200,168,false],"1536x1536":["https:\/\/mafran.es\/wp-content\/uploads\/2013\/03\/Banderas.png",200,168,false],"2048x2048":["https:\/\/mafran.es\/wp-content\/uploads\/2013\/03\/Banderas.png",200,168,false],"trp-custom-language-flag":["https:\/\/mafran.es\/wp-content\/uploads\/2013\/03\/Banderas.png",14,12,false],"post-thumbnail":["https:\/\/mafran.es\/wp-content\/uploads\/2013\/03\/Banderas.png",200,168,false],"sow-carousel-default":["https:\/\/mafran.es\/wp-content\/uploads\/2013\/03\/Banderas.png",200,168,false]},"rttpg_author":{"display_name":"mafran","author_link":"https:\/\/mafran.es\/en\/author\/mafran\/"},"rttpg_comment":4,"rttpg_category":"<a href=\"https:\/\/mafran.es\/en\/category\/no-puedo-dormir-sin-saber-esto\/\" rel=\"category tag\">No Puedo Dormir Sin Saber Esto<\/a>","rttpg_excerpt":"Vuelvo a retomar el blog. Espero tener m\u00e1s continuidad, pero es lo que hay con dos bichillos en casa&#8230; La entrada de hoy la ten\u00eda pensado desde hace mucho tiempo. Podr\u00eda tener yo unos 6 o 7 a\u00f1os cuando me dedicaba a mirar las banderas de un diccionario que hab\u00eda (todav\u00eda est\u00e1, por cierto) en&hellip;","_links":{"self":[{"href":"https:\/\/mafran.es\/en\/wp-json\/wp\/v2\/posts\/402","targetHints":{"allow":["GET"]}}],"collection":[{"href":"https:\/\/mafran.es\/en\/wp-json\/wp\/v2\/posts"}],"about":[{"href":"https:\/\/mafran.es\/en\/wp-json\/wp\/v2\/types\/post"}],"author":[{"embeddable":true,"href":"https:\/\/mafran.es\/en\/wp-json\/wp\/v2\/users\/1"}],"replies":[{"embeddable":true,"href":"https:\/\/mafran.es\/en\/wp-json\/wp\/v2\/comments?post=402"}],"version-history":[{"count":3,"href":"https:\/\/mafran.es\/en\/wp-json\/wp\/v2\/posts\/402\/revisions"}],"predecessor-version":[{"id":964,"href":"https:\/\/mafran.es\/en\/wp-json\/wp\/v2\/posts\/402\/revisions\/964"}],"wp:featuredmedia":[{"embeddable":true,"href":"https:\/\/mafran.es\/en\/wp-json\/wp\/v2\/media\/583"}],"wp:attachment":[{"href":"https:\/\/mafran.es\/en\/wp-json\/wp\/v2\/media?parent=402"}],"wp:term":[{"taxonomy":"category","embeddable":true,"href":"https:\/\/mafran.es\/en\/wp-json\/wp\/v2\/categories?post=402"},{"taxonomy":"post_tag","embeddable":true,"href":"https:\/\/mafran.es\/en\/wp-json\/wp\/v2\/tags?post=402"}],"curies":[{"name":"wp","href":"https:\/\/api.w.org\/{rel}","templated":true}]}}