{"id":403,"date":"2012-12-30T22:22:00","date_gmt":"2012-12-30T22:22:00","guid":{"rendered":"http:\/\/mafran.es\/las-islas-sin-dueno-desmontando-un-bulo\/"},"modified":"2019-10-21T19:59:45","modified_gmt":"2019-10-21T19:59:45","slug":"las-islas-sin-dueno-desmontando-un-bulo","status":"publish","type":"post","link":"https:\/\/mafran.es\/en\/las-islas-sin-dueno-desmontando-un-bulo\/","title":{"rendered":"Las islas sin due\u00f1o: desmontando un bulo"},"content":{"rendered":"<div class=\"separator\" style=\"clear: both; text-align: center;\"><\/div>\n<div style=\"text-align: justify;\"><span style=\"font-family: Georgia, Times New Roman, serif;\">Vuelvo a retomar el blog, despues de medio a\u00f1o sab\u00e1tico. Creo que, otra vez en invierno, podr\u00e9 encontrar un huequito semanal para seguir con esta idea de compartir asuntos curiosos.<\/span><\/div>\n<div style=\"text-align: justify;\"><span style=\"font-family: Georgia, Times New Roman, serif;\">\u00a0<\/span><\/div>\n<div style=\"text-align: justify;\"><span style=\"font-family: Georgia, Times New Roman, serif;\">Y retomo con el mismo asunto que empec\u00e9 el blog. Mi primera entrada habla sobre el tratado por el que Espa\u00f1a, despu\u00e9s de la Guerra de 1898, perd\u00eda Cuba, Puerto Rico, Filipinas y Guam (\u00a1como me acord\u00e9 de la entrada cuando v\u00ed a un atleta de Guam en el desfile de los JJOO!). En esa misma entrada comentaba que en 1899, Espa\u00f1a vend\u00eda las islas Carolinas, Marianas y Palaos al imperio Alem\u00e1n por 25 millones de pesetas.<\/span><\/div>\n<div style=\"text-align: justify;\"><span style=\"font-family: Georgia, Times New Roman, serif;\">\u00a0<\/span><\/div>\n<div style=\"text-align: justify;\"><span style=\"font-family: Georgia, Times New Roman, serif;\">Bien, pues es f\u00e1cil de encontrar en internet algo relacionado con eso y muy propio de los espa\u00f1oles: Parece ser que hubo cuatro islas, conocidas en la \u00e9poca de los descubrimientos como Os Guedes, Pescadores, O-Acea y Coroa no pertenecen a ninguno de los archipi\u00e9lagos vendidos y se mantendr\u00edan como soberan\u00eda espa\u00f1ola.<\/span><\/div>\n<div style=\"text-align: justify;\"><span style=\"font-family: Georgia, Times New Roman, serif;\">\u00a0<\/span><\/div>\n<div style=\"text-align: justify;\"><span style=\"font-family: Georgia, Times New Roman, serif;\">Parece ser que el tema fue tratado en un Consejo de Ministro presidido por Francisco Franco el 12 de enero de 1949 y posteriormente, fue publicado un libro por un investigador llamado Emilio Pastos y Santos, en 1951 llamado \u00abTerritorios de Soberan\u00eda Espa\u00f1ola en Ocean\u00eda\u00bb. En ese libro, se ven\u00eda a decir que seg\u00fan el Tratado os Descubrimientos, de Antonio Galvao en 1653, se hab\u00edan descubierto esas cuatro islas en 1537 y pertenec\u00edan a Espa\u00f1a desde la uni\u00f3n de los reinos en 1580.<\/span><\/div>\n<div style=\"text-align: justify;\"><span style=\"font-family: Georgia, Times New Roman, serif;\">\u00a0<\/span><\/div>\n<div style=\"text-align: justify;\"><span style=\"font-family: Georgia, Times New Roman, serif;\">Esta versi\u00f3n la hab\u00eda le\u00eddo en internet y con ella que unos 3000 habitantes estaban en tierra de nadie, sin posibilidad de tener pasaporte, porque Espa\u00f1a hab\u00eda hecho dejaci\u00f3n de sus funciones. No era algo que pudiera extra\u00f1arme, por cierto.<\/span><\/div>\n<div style=\"text-align: justify;\"><span style=\"font-family: Georgia, Times New Roman, serif;\">\u00a0<\/span><\/div>\n<div style=\"text-align: justify;\"><span style=\"font-family: Georgia, Times New Roman, serif;\">Pero, tras conversar de este tema tras mi partidito semanal de baloncesto, convencido de lo que hab\u00eda le\u00eddo en internet, pens\u00e9 que podr\u00eda ser un buen tema para retomar el blog, y como suele ser habitual en m\u00ed, me dio por investigar un poco m\u00e1s en el tema. Lo primero, buscar las islas en Google Earth. Fue dif\u00edcil, porque los nombres son antiguos, pero ven\u00edan las referencias de longitud y latitud en el mismo libro de 1951 y, aunque estaban referidas al meridiano de San Fernando, pude localizar algunas, en concreto, dos, la isla de Os Guedes (llamada ahora Atol\u00f3n Mapia) y la isla de Pescadores (llamada ahora atol\u00f3n Kapingamarangi). De las otras, ni rastro. Pero efectivamente, no pertenencen a ning\u00fan archipi\u00e9lago, aunque la primera est\u00e1 bastante cerca de Nueva Guinea y la segunda a medio camino entre las islas Carolinas (actual Micronesia) y las Islas Salomon.<\/span><\/div>\n<div style=\"text-align: justify;\"><span style=\"font-family: Georgia, Times New Roman, serif;\">\u00a0<\/span><\/div>\n<div style=\"text-align: justify;\"><span style=\"font-family: Georgia, Times New Roman, serif;\">Bueno, pues efectivamente, al menos dos de las islas sigue existiendo, as\u00ed que algo de verdad hay en la historia. El segundo paso, es investigar en la soberan\u00eda. Efectivamente, el 12 de enero de 1949 fue tratado en el Consejo de Ministros de Franco la soberan\u00eda sobre las islas espa\u00f1olas en el pac\u00edfico. As\u00ed lo corrobora la hemeroteca del d\u00eda 13 de enero de 1949, en la que se dice que en Asuntos Exteriores, se trat\u00f3 un \u00abInforme sobre los derechos de Espa\u00f1a en los archipi\u00e9lagos de Carolinas, Marianas y Palaos\u00bb. Eso s\u00ed, ni rastro de las islas y sin m\u00e1s informaci\u00f3n. Se supone que se traslad\u00f3 el asunto a la ONU (eso se dice en la versi\u00f3n de Internet), sin percibir que Espa\u00f1a no entr\u00f3 en la ONU hasta 1955 (de 1945 a 1955, Espa\u00f1a estaba en \u00abaislamiento diplom\u00e1tico\u00bb).<\/span><\/div>\n<div style=\"text-align: justify;\"><span style=\"font-family: Georgia, Times New Roman, serif;\">\u00a0<\/span><\/div>\n<div style=\"text-align: justify;\"><span style=\"font-family: Georgia, Times New Roman, serif;\">As\u00ed que ya sabemos que algo de verdad hay en la historia, pero no tal como se cuenta por internet. Para terminar de zanjar el tema de la soberan\u00eda, hay que indicar que el informe que se trat\u00f3 en enero de 1949 parte de un acuerdo anterior, de 1947 entre la ONU y los Estados Unidos de Am\u00e9rica por el que los EEUU adminstrar\u00edan en fideicomiso las posesiones japonesas de ultramar, entre las que se inclu\u00edan los tres archipi\u00e9lagos objeto de cesi\u00f3n (Alemania lo perdi\u00f3 ante Jap\u00f3n a primeros del s. XX). Este acuerdo de fideicomiso finaliz\u00f3 el 3 de noviembre de 1986, cuando Ronald Reagan lo hizo oficial y en el mismo tratado, se otorg\u00f3 la independencia a la Federaci\u00f3n de Estados de la Micronesia, anulando \u00abexpresamente\u00bb ninguna reclamaci\u00f3n de soberan\u00eda anterior, entre ellas la que pudiere hacer Espa\u00f1a.<\/span><\/div>\n<div style=\"text-align: justify;\"><span style=\"font-family: Georgia, Times New Roman, serif;\">\u00a0<\/span><\/div>\n<div style=\"text-align: justify;\"><span style=\"font-family: Georgia, Times New Roman, serif;\">Finalmente, \u00bfahora a quien pertenecen? Pues los dos emplazamientos que realmente existen pertenencen, uno a la provincia de Pap\u00faa Occidental de Indonesia (Atol\u00f3n Mapia) y el otro (Kapingamarangi, antigua isla de Pescadores) a estado federado de Pohnpei en los Estados Federados de Micronesia. Aqu\u00ed viven unos 700 habitantes, que pudieran haber sido objeto de controversia, pero que, finalmente no es m\u00e1s que otra leyenda urbana de internet.\u00a0<\/span><\/div>","protected":false},"excerpt":{"rendered":"<p>Vuelvo a retomar el blog, despues de medio a\u00f1o sab\u00e1tico. Creo que, otra vez en invierno, podr\u00e9 encontrar un huequito semanal para seguir con esta idea de compartir asuntos curiosos. \u00a0 Y retomo con el mismo asunto que empec\u00e9 el blog. Mi primera entrada habla sobre el tratado por el que Espa\u00f1a, despu\u00e9s de la Guerra de 1898, perd\u00eda Cuba, Puerto Rico, Filipinas y Guam (\u00a1como me acord\u00e9 de la entrada cuando v\u00ed a un atleta de Guam en el desfile de los JJOO!). En esa misma entrada comentaba que&hellip;<\/p>","protected":false},"author":1,"featured_media":581,"comment_status":"open","ping_status":"open","sticky":false,"template":"","format":"standard","meta":{"footnotes":""},"categories":[22],"tags":[17],"class_list":["post-403","post","type-post","status-publish","format-standard","has-post-thumbnail","hentry","category-no-puedo-dormir-sin-saber-esto","tag-geografia"],"gutentor_comment":0,"rttpg_featured_image_url":{"full":["https:\/\/mafran.es\/wp-content\/uploads\/2012\/12\/Atolon-Pescadores.jpg",200,150,false],"landscape":["https:\/\/mafran.es\/wp-content\/uploads\/2012\/12\/Atolon-Pescadores.jpg",200,150,false],"portraits":["https:\/\/mafran.es\/wp-content\/uploads\/2012\/12\/Atolon-Pescadores.jpg",200,150,false],"thumbnail":["https:\/\/mafran.es\/wp-content\/uploads\/2012\/12\/Atolon-Pescadores-150x150.jpg",150,150,true],"medium":["https:\/\/mafran.es\/wp-content\/uploads\/2012\/12\/Atolon-Pescadores.jpg",200,150,false],"large":["https:\/\/mafran.es\/wp-content\/uploads\/2012\/12\/Atolon-Pescadores.jpg",200,150,false],"folio":["https:\/\/mafran.es\/wp-content\/uploads\/2012\/12\/Atolon-Pescadores.jpg",200,150,false],"1536x1536":["https:\/\/mafran.es\/wp-content\/uploads\/2012\/12\/Atolon-Pescadores.jpg",200,150,false],"2048x2048":["https:\/\/mafran.es\/wp-content\/uploads\/2012\/12\/Atolon-Pescadores.jpg",200,150,false],"trp-custom-language-flag":["https:\/\/mafran.es\/wp-content\/uploads\/2012\/12\/Atolon-Pescadores.jpg",16,12,false],"post-thumbnail":["https:\/\/mafran.es\/wp-content\/uploads\/2012\/12\/Atolon-Pescadores.jpg",200,150,false],"sow-carousel-default":["https:\/\/mafran.es\/wp-content\/uploads\/2012\/12\/Atolon-Pescadores.jpg",200,150,false]},"rttpg_author":{"display_name":"mafran","author_link":"https:\/\/mafran.es\/en\/author\/mafran\/"},"rttpg_comment":0,"rttpg_category":"<a href=\"https:\/\/mafran.es\/en\/category\/no-puedo-dormir-sin-saber-esto\/\" rel=\"category tag\">No Puedo Dormir Sin Saber Esto<\/a>","rttpg_excerpt":"Vuelvo a retomar el blog, despues de medio a\u00f1o sab\u00e1tico. Creo que, otra vez en invierno, podr\u00e9 encontrar un huequito semanal para seguir con esta idea de compartir asuntos curiosos. \u00a0 Y retomo con el mismo asunto que empec\u00e9 el blog. Mi primera entrada habla sobre el tratado por el que Espa\u00f1a, despu\u00e9s de la&hellip;","_links":{"self":[{"href":"https:\/\/mafran.es\/en\/wp-json\/wp\/v2\/posts\/403","targetHints":{"allow":["GET"]}}],"collection":[{"href":"https:\/\/mafran.es\/en\/wp-json\/wp\/v2\/posts"}],"about":[{"href":"https:\/\/mafran.es\/en\/wp-json\/wp\/v2\/types\/post"}],"author":[{"embeddable":true,"href":"https:\/\/mafran.es\/en\/wp-json\/wp\/v2\/users\/1"}],"replies":[{"embeddable":true,"href":"https:\/\/mafran.es\/en\/wp-json\/wp\/v2\/comments?post=403"}],"version-history":[{"count":3,"href":"https:\/\/mafran.es\/en\/wp-json\/wp\/v2\/posts\/403\/revisions"}],"predecessor-version":[{"id":963,"href":"https:\/\/mafran.es\/en\/wp-json\/wp\/v2\/posts\/403\/revisions\/963"}],"wp:featuredmedia":[{"embeddable":true,"href":"https:\/\/mafran.es\/en\/wp-json\/wp\/v2\/media\/581"}],"wp:attachment":[{"href":"https:\/\/mafran.es\/en\/wp-json\/wp\/v2\/media?parent=403"}],"wp:term":[{"taxonomy":"category","embeddable":true,"href":"https:\/\/mafran.es\/en\/wp-json\/wp\/v2\/categories?post=403"},{"taxonomy":"post_tag","embeddable":true,"href":"https:\/\/mafran.es\/en\/wp-json\/wp\/v2\/tags?post=403"}],"curies":[{"name":"wp","href":"https:\/\/api.w.org\/{rel}","templated":true}]}}