{"id":404,"date":"2012-05-30T21:44:00","date_gmt":"2012-05-30T21:44:00","guid":{"rendered":"http:\/\/mafran.es\/la-mas-sencilla-de-todas\/"},"modified":"2019-10-21T19:59:00","modified_gmt":"2019-10-21T19:59:00","slug":"la-mas-sencilla-de-todas","status":"publish","type":"post","link":"https:\/\/mafran.es\/en\/la-mas-sencilla-de-todas\/","title":{"rendered":"La m\u00e1s sencilla de todas"},"content":{"rendered":"<div class=\"separator\" style=\"clear: both; text-align: center;\"><\/div>\n<div style=\"text-align: justify;\">Despu\u00e9s de un tiempo sin escribir, bastante tiempo sin entrar en Facebook y una rodilla casi nueva, retomo el blog con una entrada, como no pod\u00eda ser de otra forma, curiosa.<\/div>\n<div style=\"text-align: justify;\"><\/div>\n<div style=\"text-align: justify;\">Nuestra historia comienza hoy cerca de Mil\u00e1n, hace casi 500 a\u00f1os. En esa \u00e9poca, en torno a 1522 las tropas imperiales de Carlos V luchaban contra Francia en Italia por intentar una supremac\u00eda en la bota y en contra de las ciudades estados que se impon\u00edan en el quinquecento italiano que tanto lustre art\u00edstico dio. Otro d\u00eda dedicar\u00e9 a los lustrosos renacentistas una entrada, pero eso es otra historia.<\/div>\n<div style=\"text-align: justify;\"><\/div>\n<div style=\"text-align: justify;\">Esta guerra enmascaraba otros motivos, ya religiosos, como la lucha por la reforma de Mart\u00edn Lutero y la reciente proclamaci\u00f3n de Carlos V como emperador del Sacro Imperio.<\/div>\n<div style=\"text-align: justify;\"><\/div>\n<div style=\"text-align: justify;\">La guerra se empez\u00f3 a desarrollar en 1521 cuando Francia invadi\u00f3 a los Paises Bajos e inmediatamente el Emperador, el Papa y Enrique VIII de Inglaterra declararon la guerra a Francia combatiendo contra ellos para expulsarlos del Milanesado.<\/div>\n<div style=\"text-align: justify;\"><\/div>\n<div style=\"text-align: justify;\">Esto llev\u00f3 a una batalla que fue ya mundialmente famosa&#8230; por otro motivo, librada en un s\u00f3lo d\u00eda, el 27 de abril de 1522. En esta batalla las tropas francesas, con sus aliados suizos se lanzaron a la batalla de forma precipitada, al parecer por no haber cobrado su salario y en las proximidades de Mil\u00e1n se encontraron frente a los arcabuceros espa\u00f1oles, que simplemente se cegaron en ellos, caus\u00e1ndoles numerosas bajas y la muerte a 22 capitanes sin ni siquiera llegar a plantearse una batalla real.<\/div>\n<div style=\"text-align: justify;\"><\/div>\n<div style=\"text-align: justify;\">En concreto la batalla se produjo en un lugar llamado Bicocca, y fue tan sencilla la batalla que desde entonces se utilizaba este hombre para designar cosas de poco valor y de poca monta. Todos hemos escuchado alguna vez, \u00abesto es una bicoca\u00bb y efectivamente, el diccionario espa\u00f1ol recoge al nombre \u00abBicoca\u00bb como \u00abganga\u00bb o \u00abcosa de poca estima y aprecio\u00bb.<\/div>\n<div style=\"text-align: justify;\"><\/div>\n<div style=\"text-align: justify;\">La zona de Bicocca no se qued\u00f3 ah\u00ed. Este \u00e1rea se integr\u00f3 en Mil\u00e1n y actualmente es un barrio de la ciudad italiana y lugar donde se encuentra una de las universidades de Mil\u00e1n (la universidad de Mil\u00e1n &#8211; Bicocca).<\/div>\n<div style=\"text-align: justify;\">Pero probablemente nadie de ese barrio sepa que all\u00ed se produjo una de las batallas m\u00e1s sencillas de la Guerra de los Cuatro a\u00f1os y que a partir de ah\u00ed, ese mismo barrio dio nombre a una de las frases m\u00e1s curiosas utilizadas en espa\u00f1ol. Toda una bicoca, s\u00ed se\u00f1or.<\/div>","protected":false},"excerpt":{"rendered":"<p>Despu\u00e9s de un tiempo sin escribir, bastante tiempo sin entrar en Facebook y una rodilla casi nueva, retomo el blog con una entrada, como no pod\u00eda ser de otra forma, curiosa. Nuestra historia comienza hoy cerca de Mil\u00e1n, hace casi 500 a\u00f1os. En esa \u00e9poca, en torno a 1522 las tropas imperiales de Carlos V luchaban contra Francia en Italia por intentar una supremac\u00eda en la bota y en contra de las ciudades estados que se impon\u00edan en el quinquecento italiano que tanto lustre art\u00edstico dio. Otro d\u00eda dedicar\u00e9 a&hellip;<\/p>","protected":false},"author":1,"featured_media":579,"comment_status":"open","ping_status":"open","sticky":false,"template":"","format":"standard","meta":{"footnotes":""},"categories":[22],"tags":[10],"class_list":["post-404","post","type-post","status-publish","format-standard","has-post-thumbnail","hentry","category-no-puedo-dormir-sin-saber-esto","tag-historia"],"gutentor_comment":0,"rttpg_featured_image_url":{"full":["https:\/\/mafran.es\/wp-content\/uploads\/2012\/05\/Bicoca.jpg",200,140,false],"landscape":["https:\/\/mafran.es\/wp-content\/uploads\/2012\/05\/Bicoca.jpg",200,140,false],"portraits":["https:\/\/mafran.es\/wp-content\/uploads\/2012\/05\/Bicoca.jpg",200,140,false],"thumbnail":["https:\/\/mafran.es\/wp-content\/uploads\/2012\/05\/Bicoca-150x140.jpg",150,140,true],"medium":["https:\/\/mafran.es\/wp-content\/uploads\/2012\/05\/Bicoca.jpg",200,140,false],"large":["https:\/\/mafran.es\/wp-content\/uploads\/2012\/05\/Bicoca.jpg",200,140,false],"folio":["https:\/\/mafran.es\/wp-content\/uploads\/2012\/05\/Bicoca.jpg",200,140,false],"1536x1536":["https:\/\/mafran.es\/wp-content\/uploads\/2012\/05\/Bicoca.jpg",200,140,false],"2048x2048":["https:\/\/mafran.es\/wp-content\/uploads\/2012\/05\/Bicoca.jpg",200,140,false],"trp-custom-language-flag":["https:\/\/mafran.es\/wp-content\/uploads\/2012\/05\/Bicoca.jpg",18,12,false],"post-thumbnail":["https:\/\/mafran.es\/wp-content\/uploads\/2012\/05\/Bicoca.jpg",200,140,false],"sow-carousel-default":["https:\/\/mafran.es\/wp-content\/uploads\/2012\/05\/Bicoca.jpg",200,140,false]},"rttpg_author":{"display_name":"mafran","author_link":"https:\/\/mafran.es\/en\/author\/mafran\/"},"rttpg_comment":0,"rttpg_category":"<a href=\"https:\/\/mafran.es\/en\/category\/no-puedo-dormir-sin-saber-esto\/\" rel=\"category tag\">No Puedo Dormir Sin Saber Esto<\/a>","rttpg_excerpt":"Despu\u00e9s de un tiempo sin escribir, bastante tiempo sin entrar en Facebook y una rodilla casi nueva, retomo el blog con una entrada, como no pod\u00eda ser de otra forma, curiosa. Nuestra historia comienza hoy cerca de Mil\u00e1n, hace casi 500 a\u00f1os. En esa \u00e9poca, en torno a 1522 las tropas imperiales de Carlos V&hellip;","_links":{"self":[{"href":"https:\/\/mafran.es\/en\/wp-json\/wp\/v2\/posts\/404","targetHints":{"allow":["GET"]}}],"collection":[{"href":"https:\/\/mafran.es\/en\/wp-json\/wp\/v2\/posts"}],"about":[{"href":"https:\/\/mafran.es\/en\/wp-json\/wp\/v2\/types\/post"}],"author":[{"embeddable":true,"href":"https:\/\/mafran.es\/en\/wp-json\/wp\/v2\/users\/1"}],"replies":[{"embeddable":true,"href":"https:\/\/mafran.es\/en\/wp-json\/wp\/v2\/comments?post=404"}],"version-history":[{"count":3,"href":"https:\/\/mafran.es\/en\/wp-json\/wp\/v2\/posts\/404\/revisions"}],"predecessor-version":[{"id":962,"href":"https:\/\/mafran.es\/en\/wp-json\/wp\/v2\/posts\/404\/revisions\/962"}],"wp:featuredmedia":[{"embeddable":true,"href":"https:\/\/mafran.es\/en\/wp-json\/wp\/v2\/media\/579"}],"wp:attachment":[{"href":"https:\/\/mafran.es\/en\/wp-json\/wp\/v2\/media?parent=404"}],"wp:term":[{"taxonomy":"category","embeddable":true,"href":"https:\/\/mafran.es\/en\/wp-json\/wp\/v2\/categories?post=404"},{"taxonomy":"post_tag","embeddable":true,"href":"https:\/\/mafran.es\/en\/wp-json\/wp\/v2\/tags?post=404"}],"curies":[{"name":"wp","href":"https:\/\/api.w.org\/{rel}","templated":true}]}}