{"id":409,"date":"2012-03-13T07:00:00","date_gmt":"2012-03-13T07:00:00","guid":{"rendered":"http:\/\/mafran.es\/con-oir-no-basta\/"},"modified":"2019-10-21T19:55:21","modified_gmt":"2019-10-21T19:55:21","slug":"con-oir-no-basta","status":"publish","type":"post","link":"https:\/\/mafran.es\/en\/con-oir-no-basta\/","title":{"rendered":"Con o\u00edr no basta"},"content":{"rendered":"<p>La entrada de hoy, con algo de retraso por ausencia en el fin de semana, viene de una sugerencia que me hicieron por email hace alg\u00fan tiempo y que me parece bastante curiosa.<\/p>\n<div><\/div>\n<div>Hace bastante tiempo que quer\u00eda recoger algo de los anacronismos que supone la religi\u00f3n cat\u00f3lica. No sab\u00eda de d\u00f3nde arrancar y gracias al correo ya s\u00e9 por donde. Voy a empezar por una expresi\u00f3n que es \u00abo\u00edr misa\u00bb.<\/div>\n<div><\/div>\n<div>El origen de la expresi\u00f3n parte de la edad media. En aquella \u00e9poca, la misa se celebraba en los claustros de las iglesias, para la congregaci\u00f3n que viv\u00eda en ella. El pueblo llano concelebraban la misa fuera del claustro, sigui\u00e9ndola a oscuras, en posiciones en la que no se ve\u00eda nada y a trav\u00e9s de rejas o muros, por lo que no hab\u00eda visi\u00f3n alguna de la misa.<\/div>\n<div><\/div>\n<div>Adem\u00e1s, la misa era en lat\u00edn, idioma que no se segu\u00eda por la mayor\u00eda de la poblaci\u00f3n, por lo que los seguidores de la misa no se enteraban de nada, y para colmo, las respuestas las hac\u00eda el coro, por lo que no se escuchaba nada de lo que dijera el pueblo, por lo que dej\u00f3 de tener sentido que respondiera y se dej\u00f3 de responder, as\u00ed que finalmente el pueblo iba, pues a eso, a oir misa, porque los pobres no pod\u00edan hacer otra cosa.<\/div>\n<div><\/div>\n<div>Pero aunque parezca mentira, las misas en lat\u00edn no son algo de otro tiempo. El misal romano (libro con el que se regula la ceremonia) indicaba que se realizara en lat\u00edn, hasta que, en el Concilio Vaticano II, se decidi\u00f3 que se hicieran ya en los idiomas cotidianos. El Concilio Vaticano II se produjo entre 1959 y 1965 y el misal romano no fue publicado en lenguas romances hasta 1970. No deja de resultar parad\u00f3jico que se diera el caso de gente que despu\u00e9s de o\u00edr misa en lat\u00edn fuera al cine a ver \u00ab2001: Una odisea en el espacio\u00bb, estrenada en 1968. Parecen cosas de tiempos demasiado diferentes.<\/div>\n<div><\/div>\n<div>El Concilio Vaticano II fue una aut\u00e9ntica revoluci\u00f3n dentro de la Iglesia, anclada en otro tiempo y que se moderniz\u00f3 de forma significativa. Como he dicho se inici\u00f3 en 1959 por Juan XXIII y se finaliz\u00f3 en 1965 por Pablo VI. No es que estuvieran reunidos todos los cardenales 6 a\u00f1os, sino que se manten\u00edan reuniones y comisiones de trabajo durante todo este tiempo.<\/div>\n<div><\/div>\n<div>El concilio dio a luz varios documentos como referentes posteriores, entre ellos la Constituci\u00f3n Gaudium et Spes, que deb\u00eda ser la referencia de la Iglesia en el mundo y primer lugar donde se declaraba la \u00abpaternidad responsable\u00bb en contradicci\u00f3n de la doctrina anterior \u00ablos hijos que dios mande\u00bb, vigente hasta esa \u00e9poca.<\/div>\n<div><\/div>\n<div>Tambi\u00e9n es curioso que en ese concilio se public\u00f3 la declaraci\u00f3n Dignitatis Humanae (digna de leer, por cierto), en la que se reconoc\u00eda el derecho a la libertad religiosa de los hombres, independientemente de la fe que procesaran y sin coacci\u00f3n. Vamos, que la propia Iglesia reconoc\u00eda el derecho a la libertar religiosa en 1965, 10 a\u00f1os antes que el Estado espa\u00f1ol, por poner un ejemplo.<\/div>\n<div><\/div>\n<div>Por cierto, en ning\u00fan momento el Papa fue infalible durante el Concilio. Para que eso pase el Papa debe hablar \u00abex-cathedra\u00bb y eso s\u00f3lo pas\u00f3 1 vez en el siglo XX, en concreto, el 1 de noviembre de 1950 por el papa P\u00edo XII, para declarar la Asunci\u00f3n de la Virgen Mar\u00eda, as\u00ed que eso que se dice que el Papa es infalible no es del todo cierto, m\u00e1s bien, no es cierto en un 99% de los casos.<\/div>\n<div><\/div>\n<div>Estoy seguro que todos hemos escuchado estos temas de forma diferentes, porque, como en tantas otras cosas, lo real puede resultar bastante incomodo. Para m\u00ed, desde luego, siempre resulta curioso.<\/div>","protected":false},"excerpt":{"rendered":"<p>La entrada de hoy, con algo de retraso por ausencia en el fin de semana, viene de una sugerencia que me hicieron por email hace alg\u00fan tiempo y que me parece bastante curiosa. Hace bastante tiempo que quer\u00eda recoger algo de los anacronismos que supone la religi\u00f3n cat\u00f3lica. No sab\u00eda de d\u00f3nde arrancar y gracias al correo ya s\u00e9 por donde. Voy a empezar por una expresi\u00f3n que es \u00abo\u00edr misa\u00bb. El origen de la expresi\u00f3n parte de la edad media. En aquella \u00e9poca, la misa se celebraba en los&hellip;<\/p>","protected":false},"author":1,"featured_media":0,"comment_status":"open","ping_status":"open","sticky":false,"template":"","format":"standard","meta":{"footnotes":""},"categories":[22],"tags":[10,19],"class_list":["post-409","post","type-post","status-publish","format-standard","hentry","category-no-puedo-dormir-sin-saber-esto","tag-historia","tag-religion"],"gutentor_comment":4,"rttpg_featured_image_url":null,"rttpg_author":{"display_name":"mafran","author_link":"https:\/\/mafran.es\/en\/author\/mafran\/"},"rttpg_comment":4,"rttpg_category":"<a href=\"https:\/\/mafran.es\/en\/category\/no-puedo-dormir-sin-saber-esto\/\" rel=\"category tag\">No Puedo Dormir Sin Saber Esto<\/a>","rttpg_excerpt":"La entrada de hoy, con algo de retraso por ausencia en el fin de semana, viene de una sugerencia que me hicieron por email hace alg\u00fan tiempo y que me parece bastante curiosa. Hace bastante tiempo que quer\u00eda recoger algo de los anacronismos que supone la religi\u00f3n cat\u00f3lica. No sab\u00eda de d\u00f3nde arrancar y gracias&hellip;","_links":{"self":[{"href":"https:\/\/mafran.es\/en\/wp-json\/wp\/v2\/posts\/409","targetHints":{"allow":["GET"]}}],"collection":[{"href":"https:\/\/mafran.es\/en\/wp-json\/wp\/v2\/posts"}],"about":[{"href":"https:\/\/mafran.es\/en\/wp-json\/wp\/v2\/types\/post"}],"author":[{"embeddable":true,"href":"https:\/\/mafran.es\/en\/wp-json\/wp\/v2\/users\/1"}],"replies":[{"embeddable":true,"href":"https:\/\/mafran.es\/en\/wp-json\/wp\/v2\/comments?post=409"}],"version-history":[{"count":2,"href":"https:\/\/mafran.es\/en\/wp-json\/wp\/v2\/posts\/409\/revisions"}],"predecessor-version":[{"id":955,"href":"https:\/\/mafran.es\/en\/wp-json\/wp\/v2\/posts\/409\/revisions\/955"}],"wp:attachment":[{"href":"https:\/\/mafran.es\/en\/wp-json\/wp\/v2\/media?parent=409"}],"wp:term":[{"taxonomy":"category","embeddable":true,"href":"https:\/\/mafran.es\/en\/wp-json\/wp\/v2\/categories?post=409"},{"taxonomy":"post_tag","embeddable":true,"href":"https:\/\/mafran.es\/en\/wp-json\/wp\/v2\/tags?post=409"}],"curies":[{"name":"wp","href":"https:\/\/api.w.org\/{rel}","templated":true}]}}