{"id":417,"date":"2012-01-21T08:00:00","date_gmt":"2012-01-21T08:00:00","guid":{"rendered":"http:\/\/mafran.es\/los-ultimos-con-honra\/"},"modified":"2019-10-22T17:57:35","modified_gmt":"2019-10-22T17:57:35","slug":"los-ultimos-con-honra","status":"publish","type":"post","link":"https:\/\/mafran.es\/en\/los-ultimos-con-honra\/","title":{"rendered":"Los \u00faltimos con honra"},"content":{"rendered":"<p>Hasta hace bastante poco, en Sevilla exist\u00eda el hospital Vigil de Qui\u00f1ones, al que todos conoc\u00edan como el hospital militar.<\/p>\n<div><\/div>\n<div>Cuando escucho un nombre en alg\u00fan sitio, siempre me gusta saber qui\u00e9n es y la verdad es que la historia asociada a este hombre es francamente magn\u00edfica.<\/div>\n<div><\/div>\n<div>Rogelio Vigil de Qui\u00f1ones es uno de los llamados \u00abLos \u00faltimos de Filipinas\u00bb. Son una de esas cosas que de vez en cuando hacemos los espa\u00f1oles y que si lo hubieran hecho los americanos todos conocer\u00edamos.<\/div>\n<div><\/div>\n<div>Nos situamos en la guerra de 1898. En ese a\u00f1o, el desastre del 98, Espa\u00f1a, a\u00fan pensando que era algo en el mundo entra en guerra con Estados Unidos para defender sus \u00faltimas posesiones en Asia y Am\u00e9rica. Como ya puse en el primer post de este blog, Espa\u00f1a perdi\u00f3 Cuba, Puerto Rico, Filipinas y Guam en una guerra fugaz, que para Espa\u00f1a s\u00f3lo provoc\u00f3 p\u00e9rdidas y que en menos de un a\u00f1o (desde el hundimiento del Maine hasta la firma del tratado de Par\u00eds) la guerra se acab\u00f3&#8230; o no.<\/div>\n<div><\/div>\n<div>Durante el a\u00f1o 1898, las tropas estadounidenses entraron en Cuba en Am\u00e9rica y Filipinas en Asia para luchar contra los espa\u00f1oles. En Filipinas, especialmente, encontraron con el apoyo de los insurrectos locales, que ya deseaban la independencia de Espa\u00f1a y que incluso hab\u00eda habido revueltas los a\u00f1os anteriores.<\/div>\n<div><\/div>\n<div>En Filipinas la guerra discurri\u00f3 r\u00e1pido, pero un peque\u00f1o destacamento espa\u00f1ol, en un peque\u00f1o pueblo de la isla de Luz\u00f3n, llamado Baler, se enfrent\u00f3 con lo que ten\u00eda a los enemigos. De ese destacamento formaba parte, entre otros, Rogelio Vigil de Qui\u00f1ones, oficial m\u00e9dico. En dicha lucha se atrincheraron en la iglesia del pueblo junto con tres religiosos franciscanos. 60 personas fueron las que se atrincheraron all\u00ed, para luchar contra los enemigos y esperar la llegada de refuerzos desde Manila. Refuerzos que nunca llegaron.<\/div>\n<div><\/div>\n<div>Se atrincheraron en la iglesia durante el mes de junio de 1898 y all\u00ed permanecieron, sitiados desde el 1 de julio durante&#8230; \u00a1casi un a\u00f1o!.<\/div>\n<div><\/div>\n<div>Fue tal la duraci\u00f3n, que dio tiempo a muchos cambios durante ese sitio. Filipinas se declar\u00f3 independiente el 12 de junio de 1898. Pero en diciembre de ese mismo a\u00f1o, Espa\u00f1a la cedi\u00f3 a EEUU en el tratado de Par\u00eds y Filipinas pas\u00f3 a ser un \u00abestado libre asociado\u00bb.<\/div>\n<div><\/div>\n<div>Y mientras tanto, Vigil de Qui\u00f1ones y sus compa\u00f1eros estaban aislados en una peque\u00f1a iglesia. Com\u00edan de las provisiones que hab\u00eda all\u00ed, de un peque\u00f1o huerto que hicieron en el patio de la iglesia y de salir a robar comida a los alrededores de vez en cuando.<\/div>\n<div><\/div>\n<div>Ya a primeros de 1899 no quedaba nada espa\u00f1ol en Filipinas&#8230; salvo este destacamento que a\u00fan no se hab\u00eda rendido y segu\u00eda luchando por defender su territorio. Aguantaban las embestidas como pod\u00edan y se alimentaban mal que bien.<\/div>\n<div><\/div>\n<div>Evidentemente, la enfermedad comenz\u00f3 a hacer estragos y cayeron varios miembros del destacamento, fundamentalmente por el beriberi. Y por supuesto, hubo intentos de rendici\u00f3n, todos sofocados dr\u00e1sticamente por el teniente al cargo del mismo, que lleg\u00f3 a ejecutar a los que intentaron desertar.<\/div>\n<div><\/div>\n<div>Lleg\u00f3 un momento, que la resistencia se convirti\u00f3 en delirio. Ya no hab\u00eda guerra, Espa\u00f1a se hab\u00eda rendido, pero ellos no lo sab\u00edan, y no quer\u00edan saberlo. Fueron expediciones filipinas, e incluso Espa\u00f1a pidi\u00f3 ayuda a EEUU para que los evacuaran, que envi\u00f3 en abril de 1899 a un barco a la zona con una misiva del arzobispo para convencerlos de que depusieran las armas y volvieran con ellos.<\/div>\n<div><\/div>\n<div>Pero pensaron que era una artima\u00f1a y siguieron luchando contra a todo el que pidiera que se rindieran. El 20 de abril de 1899 resistieron un bombardeo de la iglesia y en mayo, a varios asaltos. Finalmente a finales de mayo de 1899 lleg\u00f3 a Baler un militar espa\u00f1ol, que bandera en mano, se acerc\u00f3 a convencer a los all\u00ed recluidos que la guerra hac\u00eda ya un casi un a\u00f1o que hab\u00eda terminado y que depusieran su actitud. El teniente de la guarnici\u00f3n sigui\u00f3 empecinado en su actitud y el militar espa\u00f1ol, march\u00f3 de all\u00ed dejando un paquete de peri\u00f3dicos para que vieran que era cierto.<\/div>\n<div><\/div>\n<div>El d\u00eda 2 de junio de 1899, el teniente vi\u00f3 una peque\u00f1a rese\u00f1a en uno de los peri\u00f3dicos sobre un amigo suyo que era destinado a M\u00e1laga. \u00c9l sab\u00eda que ese amigo iba a pedir ese destino cuando acabara la guerra&#8230; y entonces cay\u00f3 en la cuenta de que era cierto. La guerra hab\u00eda terminado, Espa\u00f1a ya no estaba en Filipinas y ellos hab\u00edan aguantado un a\u00f1o m\u00e1s que todo el ej\u00e9rcito. Pero ya no merec\u00eda la pena m\u00e1s y negoci\u00f3 la rendici\u00f3n.<\/div>\n<div><\/div>\n<div>S\u00ed, a\u00fan fue capaz de firmar un tratado de rendici\u00f3n por si mismo. En ese tratado se permit\u00eda a la guarnici\u00f3n salir con las armas hasta el l\u00edmite de la jurisdicci\u00f3n donde deb\u00edan entregarlas. Y as\u00ed fue como el 2 de junio 35 personas (hab\u00edan muerto 15) desfilaron, hambrientos, sin munici\u00f3n y con las ropas ya muy estropeadas delante de las tropas sitiadoras. Hab\u00edan aguantado 337 d\u00edas de asedio. Y lo m\u00e1s importante hab\u00edan dado una muestra de valor, incluso superior a la de su propio pa\u00eds.<\/div>\n<div><\/div>\n<div>Hasta un propio diario estadounidense de Manila titul\u00f3 en espa\u00f1ol con: \u00ab\u00a1Bravo! \u00a1Viva Espa\u00f1a!\u00bb en honor a los que, desde entonces se conocen como Los \u00faltimos de Filipinas.<\/div>","protected":false},"excerpt":{"rendered":"<p>Hasta hace bastante poco, en Sevilla exist\u00eda el hospital Vigil de Qui\u00f1ones, al que todos conoc\u00edan como el hospital militar. Cuando escucho un nombre en alg\u00fan sitio, siempre me gusta saber qui\u00e9n es y la verdad es que la historia asociada a este hombre es francamente magn\u00edfica. Rogelio Vigil de Qui\u00f1ones es uno de los llamados \u00abLos \u00faltimos de Filipinas\u00bb. Son una de esas cosas que de vez en cuando hacemos los espa\u00f1oles y que si lo hubieran hecho los americanos todos conocer\u00edamos. Nos situamos en la guerra de 1898.&hellip;<\/p>","protected":false},"author":1,"featured_media":554,"comment_status":"open","ping_status":"open","sticky":false,"template":"","format":"standard","meta":{"footnotes":""},"categories":[22],"tags":[10],"class_list":["post-417","post","type-post","status-publish","format-standard","has-post-thumbnail","hentry","category-no-puedo-dormir-sin-saber-esto","tag-historia"],"gutentor_comment":0,"rttpg_featured_image_url":{"full":["https:\/\/mafran.es\/wp-content\/uploads\/2012\/01\/The_church_of_Baler_from_-Under_the_red_and_gold-.jpg",200,158,false],"landscape":["https:\/\/mafran.es\/wp-content\/uploads\/2012\/01\/The_church_of_Baler_from_-Under_the_red_and_gold-.jpg",200,158,false],"portraits":["https:\/\/mafran.es\/wp-content\/uploads\/2012\/01\/The_church_of_Baler_from_-Under_the_red_and_gold-.jpg",200,158,false],"thumbnail":["https:\/\/mafran.es\/wp-content\/uploads\/2012\/01\/The_church_of_Baler_from_-Under_the_red_and_gold--150x150.jpg",150,150,true],"medium":["https:\/\/mafran.es\/wp-content\/uploads\/2012\/01\/The_church_of_Baler_from_-Under_the_red_and_gold-.jpg",200,158,false],"large":["https:\/\/mafran.es\/wp-content\/uploads\/2012\/01\/The_church_of_Baler_from_-Under_the_red_and_gold-.jpg",200,158,false],"folio":["https:\/\/mafran.es\/wp-content\/uploads\/2012\/01\/The_church_of_Baler_from_-Under_the_red_and_gold-.jpg",200,158,false],"1536x1536":["https:\/\/mafran.es\/wp-content\/uploads\/2012\/01\/The_church_of_Baler_from_-Under_the_red_and_gold-.jpg",200,158,false],"2048x2048":["https:\/\/mafran.es\/wp-content\/uploads\/2012\/01\/The_church_of_Baler_from_-Under_the_red_and_gold-.jpg",200,158,false],"trp-custom-language-flag":["https:\/\/mafran.es\/wp-content\/uploads\/2012\/01\/The_church_of_Baler_from_-Under_the_red_and_gold-.jpg",15,12,false],"post-thumbnail":["https:\/\/mafran.es\/wp-content\/uploads\/2012\/01\/The_church_of_Baler_from_-Under_the_red_and_gold-.jpg",200,158,false],"sow-carousel-default":["https:\/\/mafran.es\/wp-content\/uploads\/2012\/01\/The_church_of_Baler_from_-Under_the_red_and_gold-.jpg",200,158,false]},"rttpg_author":{"display_name":"mafran","author_link":"https:\/\/mafran.es\/en\/author\/mafran\/"},"rttpg_comment":0,"rttpg_category":"<a href=\"https:\/\/mafran.es\/en\/category\/no-puedo-dormir-sin-saber-esto\/\" rel=\"category tag\">No Puedo Dormir Sin Saber Esto<\/a>","rttpg_excerpt":"Hasta hace bastante poco, en Sevilla exist\u00eda el hospital Vigil de Qui\u00f1ones, al que todos conoc\u00edan como el hospital militar. Cuando escucho un nombre en alg\u00fan sitio, siempre me gusta saber qui\u00e9n es y la verdad es que la historia asociada a este hombre es francamente magn\u00edfica. Rogelio Vigil de Qui\u00f1ones es uno de los&hellip;","_links":{"self":[{"href":"https:\/\/mafran.es\/en\/wp-json\/wp\/v2\/posts\/417","targetHints":{"allow":["GET"]}}],"collection":[{"href":"https:\/\/mafran.es\/en\/wp-json\/wp\/v2\/posts"}],"about":[{"href":"https:\/\/mafran.es\/en\/wp-json\/wp\/v2\/types\/post"}],"author":[{"embeddable":true,"href":"https:\/\/mafran.es\/en\/wp-json\/wp\/v2\/users\/1"}],"replies":[{"embeddable":true,"href":"https:\/\/mafran.es\/en\/wp-json\/wp\/v2\/comments?post=417"}],"version-history":[{"count":2,"href":"https:\/\/mafran.es\/en\/wp-json\/wp\/v2\/posts\/417\/revisions"}],"predecessor-version":[{"id":985,"href":"https:\/\/mafran.es\/en\/wp-json\/wp\/v2\/posts\/417\/revisions\/985"}],"wp:featuredmedia":[{"embeddable":true,"href":"https:\/\/mafran.es\/en\/wp-json\/wp\/v2\/media\/554"}],"wp:attachment":[{"href":"https:\/\/mafran.es\/en\/wp-json\/wp\/v2\/media?parent=417"}],"wp:term":[{"taxonomy":"category","embeddable":true,"href":"https:\/\/mafran.es\/en\/wp-json\/wp\/v2\/categories?post=417"},{"taxonomy":"post_tag","embeddable":true,"href":"https:\/\/mafran.es\/en\/wp-json\/wp\/v2\/tags?post=417"}],"curies":[{"name":"wp","href":"https:\/\/api.w.org\/{rel}","templated":true}]}}