{"id":423,"date":"2011-12-16T08:00:00","date_gmt":"2011-12-16T08:00:00","guid":{"rendered":"http:\/\/mafran.es\/un-debate-extrano-un-duelo-de-altura\/"},"modified":"2019-10-22T17:56:02","modified_gmt":"2019-10-22T17:56:02","slug":"un-debate-extrano-un-duelo-de-altura","status":"publish","type":"post","link":"https:\/\/mafran.es\/en\/un-debate-extrano-un-duelo-de-altura\/","title":{"rendered":"Un debate extra\u00f1o. Un duelo de altura"},"content":{"rendered":"<p>Hoy he escuchando la radio he o\u00eddo algo sobre las subvenciones a la Asociaci\u00f3n Victoria Kent de Algeciras y he recordado a esta mujer y el debate que se produjo en el parlamento junto con Clara Campoamor y me atrevo a ponerla en el blog, porque es una historia casi olvidada.<\/p>\n<div><\/div>\n<div>La historia de esta entrada empieza en 1931. La segunda rep\u00fablica se proclama en Espa\u00f1a y empieza un tiempo de libertad, como as\u00ed se aventuraban a decir en aquella \u00e9poca. Cuando se realizaron las primeras elecciones de la rep\u00fablica, s\u00f3lo tres mujeres consiguieron su esca\u00f1o de diputadas: Victoria Kent, del Partido Radical Socialista, Clara Campoamor, del Partido Radical y Margarita Nelken, del PSOE.<\/div>\n<div><\/div>\n<div>Para situarnos, el Partido Radical Socialista y el PSOE integraban en aquellas elecciones la Conjunci\u00f3n Republicano &#8211; Socialista, pues en el fondo ambos ten\u00edan ideales similares. El Partido Radical, aunque ahora tenga un nombre que no suene bien precisamente, era un partido de centro &#8211; derecha, con un ideario liberal, laico y democr\u00e1tico, y, posteriormente, particip\u00f3 en la coalici\u00f3n de derechas, la CEDA.<\/div>\n<div><\/div>\n<div>En aquellas elecciones, las mujeres pod\u00edan ser elegidas como diputadas, pero no pod\u00edan participar en las votaciones. Esto ya en s\u00ed es un hecho curioso, pero poco durar\u00eda.<\/div>\n<div><\/div>\n<div>En la primera legislatura, de 1931, se entabl\u00f3 un debate en el parlamento para aprobar que en el sufragio participaran tambi\u00e9n las mujeres. El debate no fue r\u00e1pido ni sencillo. Era otra mentalidad, era otro tiempo y entonces a\u00fan hab\u00eda muchos prejuicios entre hombres y mujeres.<\/div>\n<div><\/div>\n<div>En el debate se plantearon dos tesis, encabezadas y defendidas por las mujeres representadas en el parlamento. Y aqu\u00ed viene lo sorprendente, especialmente visto desde los ojos de la pol\u00edtica de la actualidad: Victoria Kent defend\u00eda la tesis de la izquierda de que las mujeres no deb\u00edan votar y Clara Campoamor, defend\u00eda la tesis de la derecha de que s\u00ed deb\u00edan hacerlo.<\/div>\n<div><\/div>\n<div>Curiosamente, era la izquierda la que se negaba a darle el derecho al voto a la mujer, esgrimiendo que a\u00fan no se encontraba preparada y que aceptar el voto femenino era permitir que los confesores influyeran en miles de votos. Sin embargo, la derecha moderada de Clara Campoamor, defend\u00eda la igualdad entre hombre y mujeres y el derecho a elegir tambi\u00e9n para ellas, sabiendo tambi\u00e9n que cierta verdad hab\u00eda en la tesis contraria y que eso les podr\u00eda beneficiar.<\/div>\n<div><\/div>\n<div>Realmente, la tesis de Victoria Kent no era para nada descabellada, porque la influencia de la Iglesia en ese tiempo era realmente alta. Eso s\u00ed, \u00abvendiendo\u00bb su forma de pensar al inter\u00e9s de su partido, porque dudo que ella personalmente estuviera convencida de esa postura.<\/div>\n<div><\/div>\n<div>De hecho, el debate se prolong\u00f3 varios meses y en \u00e9l se notaba que Victoria Kent no estaba personalmente satisfecha de su propia tesis. El d\u00eda de la votaci\u00f3n sobrevolaba en el ambiente que no asistir\u00eda para no tener que votar en contra de su convicci\u00f3n, pero no, asisti\u00f3, y vot\u00f3 en contra del sufragio femenino.<\/div>\n<div><\/div>\n<div>Finalmente, en las elecciones de 1933 gan\u00f3 la CEDA y se ali\u00f3 con la segunda fuerza, el Partido Radical. La izquierda baj\u00f3, no sabemos si por la influencia de la Iglesia en el sufragio universal o precisamente por las posturas del debate, pero la decisi\u00f3n fue tomada por todo el pa\u00eds y no s\u00f3lo por una mitad. Es mucho m\u00e1s importante lo segundo que lo primero, sin duda.<\/div>\n<div><\/div>\n<div>El debate Kent &#8211; Campoamor fue muy sonado y comentado en su tiempo. Tanta factura pas\u00f3 que aunque parezca mentira ninguna de las dos fue capaz de renovar su acta de diputadas. Aunque posteriormente las dos siguieron una vida p\u00fablica amplia . Victoria Kent fue directora general de prisiones hasta 1934 (ya incluso con el gobierno de derechas) y Clara Campoamor, abandon\u00f3 el partido tambi\u00e9n en 1934, al integrarse en la CEDA su Partido Radical. Y tras la guerra, ambas tuvieron que exiliarse.<\/div>\n<div><\/div>\n<div>Lo que m\u00e1s me da que pensar es c\u00f3mo se ve a d\u00eda de hoy este tema. La izquierda se ha hecho abanderada de los derechos de igualdad y parece que es gracias a la izquierda que se han conseguido todos, cuando hist\u00f3ricamente no es as\u00ed. Es el problema de intentar asociar a ideolog\u00edas conceptos que deber\u00edan estar por encima de ellas. Pero esto no es un tema de mi blog.<\/div>\n<div><\/div>\n<div>En cualquier caso, queda en los libros un debate hist\u00f3rico. Muy extra\u00f1o, defendiendo tesis contrapuestas, pero realizado por dos mujeres a las que se les debe un paso m\u00e1s en la igualdad de g\u00e9nero. Un debate para recordar&#8230; al menos cada cuatro a\u00f1os.<\/div>","protected":false},"excerpt":{"rendered":"<p>Hoy he escuchando la radio he o\u00eddo algo sobre las subvenciones a la Asociaci\u00f3n Victoria Kent de Algeciras y he recordado a esta mujer y el debate que se produjo en el parlamento junto con Clara Campoamor y me atrevo a ponerla en el blog, porque es una historia casi olvidada. La historia de esta entrada empieza en 1931. La segunda rep\u00fablica se proclama en Espa\u00f1a y empieza un tiempo de libertad, como as\u00ed se aventuraban a decir en aquella \u00e9poca. Cuando se realizaron las primeras elecciones de la rep\u00fablica,&hellip;<\/p>","protected":false},"author":1,"featured_media":544,"comment_status":"open","ping_status":"open","sticky":false,"template":"","format":"standard","meta":{"footnotes":""},"categories":[22],"tags":[10],"class_list":["post-423","post","type-post","status-publish","format-standard","has-post-thumbnail","hentry","category-no-puedo-dormir-sin-saber-esto","tag-historia"],"gutentor_comment":0,"rttpg_featured_image_url":{"full":["https:\/\/mafran.es\/wp-content\/uploads\/2011\/12\/votofemenino.jpg",200,134,false],"landscape":["https:\/\/mafran.es\/wp-content\/uploads\/2011\/12\/votofemenino.jpg",200,134,false],"portraits":["https:\/\/mafran.es\/wp-content\/uploads\/2011\/12\/votofemenino.jpg",200,134,false],"thumbnail":["https:\/\/mafran.es\/wp-content\/uploads\/2011\/12\/votofemenino-150x134.jpg",150,134,true],"medium":["https:\/\/mafran.es\/wp-content\/uploads\/2011\/12\/votofemenino.jpg",200,134,false],"large":["https:\/\/mafran.es\/wp-content\/uploads\/2011\/12\/votofemenino.jpg",200,134,false],"folio":["https:\/\/mafran.es\/wp-content\/uploads\/2011\/12\/votofemenino.jpg",200,134,false],"1536x1536":["https:\/\/mafran.es\/wp-content\/uploads\/2011\/12\/votofemenino.jpg",200,134,false],"2048x2048":["https:\/\/mafran.es\/wp-content\/uploads\/2011\/12\/votofemenino.jpg",200,134,false],"trp-custom-language-flag":["https:\/\/mafran.es\/wp-content\/uploads\/2011\/12\/votofemenino.jpg",18,12,false],"post-thumbnail":["https:\/\/mafran.es\/wp-content\/uploads\/2011\/12\/votofemenino.jpg",200,134,false],"sow-carousel-default":["https:\/\/mafran.es\/wp-content\/uploads\/2011\/12\/votofemenino.jpg",200,134,false]},"rttpg_author":{"display_name":"mafran","author_link":"https:\/\/mafran.es\/en\/author\/mafran\/"},"rttpg_comment":0,"rttpg_category":"<a href=\"https:\/\/mafran.es\/en\/category\/no-puedo-dormir-sin-saber-esto\/\" rel=\"category tag\">No Puedo Dormir Sin Saber Esto<\/a>","rttpg_excerpt":"Hoy he escuchando la radio he o\u00eddo algo sobre las subvenciones a la Asociaci\u00f3n Victoria Kent de Algeciras y he recordado a esta mujer y el debate que se produjo en el parlamento junto con Clara Campoamor y me atrevo a ponerla en el blog, porque es una historia casi olvidada. La historia de esta&hellip;","_links":{"self":[{"href":"https:\/\/mafran.es\/en\/wp-json\/wp\/v2\/posts\/423","targetHints":{"allow":["GET"]}}],"collection":[{"href":"https:\/\/mafran.es\/en\/wp-json\/wp\/v2\/posts"}],"about":[{"href":"https:\/\/mafran.es\/en\/wp-json\/wp\/v2\/types\/post"}],"author":[{"embeddable":true,"href":"https:\/\/mafran.es\/en\/wp-json\/wp\/v2\/users\/1"}],"replies":[{"embeddable":true,"href":"https:\/\/mafran.es\/en\/wp-json\/wp\/v2\/comments?post=423"}],"version-history":[{"count":2,"href":"https:\/\/mafran.es\/en\/wp-json\/wp\/v2\/posts\/423\/revisions"}],"predecessor-version":[{"id":981,"href":"https:\/\/mafran.es\/en\/wp-json\/wp\/v2\/posts\/423\/revisions\/981"}],"wp:featuredmedia":[{"embeddable":true,"href":"https:\/\/mafran.es\/en\/wp-json\/wp\/v2\/media\/544"}],"wp:attachment":[{"href":"https:\/\/mafran.es\/en\/wp-json\/wp\/v2\/media?parent=423"}],"wp:term":[{"taxonomy":"category","embeddable":true,"href":"https:\/\/mafran.es\/en\/wp-json\/wp\/v2\/categories?post=423"},{"taxonomy":"post_tag","embeddable":true,"href":"https:\/\/mafran.es\/en\/wp-json\/wp\/v2\/tags?post=423"}],"curies":[{"name":"wp","href":"https:\/\/api.w.org\/{rel}","templated":true}]}}