{"id":424,"date":"2011-12-12T08:00:00","date_gmt":"2011-12-12T08:00:00","guid":{"rendered":"http:\/\/mafran.es\/dos-mares-diferentes-dos-alturas\/"},"modified":"2019-10-22T17:55:29","modified_gmt":"2019-10-22T17:55:29","slug":"dos-mares-diferentes-dos-alturas","status":"publish","type":"post","link":"https:\/\/mafran.es\/en\/dos-mares-diferentes-dos-alturas\/","title":{"rendered":"Dos mares diferentes, dos alturas diferentes"},"content":{"rendered":"<div style=\"text-align: justify;\">Hace relativamente poco el Puerto de Algeciras realiz\u00f3 una visita al Canal de Panam\u00e1, punto actualmente geoestrat\u00e9gico imprescindible, pues el punto de uni\u00f3n Atl\u00e1ntico &#8211; Pac\u00edfico por excelencia. No hay otro paso, salvo el terrible Cabo de Hornos y quiz\u00e1s, en alg\u00fan pr\u00f3ximo verano, el paso del norte por causa del deshielo.<\/div>\n<div style=\"text-align: justify;\"><\/div>\n<div style=\"text-align: justify;\">El caso es que, con motivo de la visita, indagu\u00e9 algo sobre el Canal de Panam\u00e1. \u00c9ste se hizo a primeros del siglo XX (inaugurado en 1914), tiene 77 Km de extremo a extremo y une los dos principales oc\u00e9anos del mundo y, casi lo m\u00e1s importante, las dos cosas de Am\u00e9rica.<\/div>\n<div style=\"text-align: justify;\"><\/div>\n<div style=\"text-align: justify;\">Est\u00e1 formado por un sistema de esclusas, que van elevando los barcos. Se oye por ah\u00ed que es para salvar la diferente alturas entre los oc\u00e9anos Atl\u00e1ntico y Pac\u00edfico&#8230; \u00bfcomo? \u00bfque no est\u00e1n a la misma altura? Pues aunque realmente las esclusas no est\u00e1n para eso, no, no lo est\u00e1n. Y no es cuesti\u00f3n de unos cent\u00edmetros, es cuesti\u00f3n de metros&#8230; a veces.<\/div>\n<div style=\"text-align: justify;\"><\/div>\n<div style=\"text-align: justify;\">El problema de desnivel entre los dos oc\u00e9anos realmente se debe principalmente a las mareas. Las mareas son producto de la atracci\u00f3n gravitacional de la Luna (y en menor medida, del Sol) sobre los cuerpos terrestres. Esta atracci\u00f3n es pr\u00e1cticamente imperceptible en peque\u00f1os vol\u00famenes, pero los oc\u00e9anos son tan grandes que s\u00ed que se nota y claro, cuanto m\u00e1s grande, m\u00e1s marea hay.<\/div>\n<div style=\"text-align: justify;\"><\/div>\n<div style=\"text-align: justify;\">En el canal de Panam\u00e1 se une el oc\u00e9ano Atl\u00e1ntico (por el Mar Caribe) y el oc\u00e9ano Pac\u00edfico, dos mares que, como est\u00e1n casi opuestos en el globo, la marea es casi siempre, opuesta y adem\u00e1s la diferencia de volumen entre el Pac\u00edfico y el Caribe, hace que el efecto de la marea sea mucho mayor en uno que en otro sitio. Esto hace que haya un \u00abdesnivel\u00bb del agua con respecto a la tierra entre los oc\u00e9anos, a veces, muy elevado.<\/div>\n<div style=\"text-align: justify;\"><\/div>\n<div style=\"text-align: justify;\">Pero antes dije que realmente que \u00e9sta no es la causa de las esclusas. La causa, es, como siempre, monetaria.<\/div>\n<div style=\"text-align: justify;\"><\/div>\n<div style=\"text-align: justify;\">El canal directo podr\u00eda haberse hecho sin problemas, porque es un desnivel provocado por atracciones gravitacionales y el canal directo entrar\u00eda en el juego. Variar\u00eda su altura en uno y otro punto, pero no har\u00eda vasos comunicantes.<\/div>\n<div style=\"text-align: justify;\"><\/div>\n<div style=\"text-align: justify;\">\u00c9sta soluci\u00f3n se plante\u00f3 por una empresa francesa a finales de siglo XIX, pero no pudo ejecutarse porque entre la costa atl\u00e1ntica y pac\u00edfica de Panam\u00e1 est\u00e1 el macizo de Culebras y esa excavaci\u00f3n y alg\u00fan que otro problemilla con terremotos y la financiaci\u00f3n hicieron abandonar el proyecto.<\/div>\n<div style=\"text-align: justify;\"><\/div>\n<div style=\"text-align: justify;\">Posteriormente, una empresa americana arranc\u00f3 de nuevo el proyecto a primeros del siglo XX. Para salvar este macizo Culebras pens\u00f3 en un soluci\u00f3n muy ingeniosa. Cre\u00f3 un lago artificial mediante una presa e inund\u00f3 toda una meseta. Es el lago Gat\u00fan, uno de lo mayores lagos artificiales del mundo. Pero claro, el lago es una meseta a 27 metros de altura. Se hab\u00eda reducido mucho la longitud del canal, pero era necesario elevar los barcos para llegar hasta \u00e9l. Y para eso se hicieron las esclusas, tres juegos gemelos de esclusas: Miraflores, Gat\u00fan y Pedro Miguel. Con estas esclusas se salvaron los dos problemas: elevar los barcos hasta el lago y salvar la diferencia de nivel entre las dos orillas. Proyecto redondo.<\/div>\n<div style=\"text-align: justify;\"><\/div>\n<div style=\"text-align: justify;\">Pero, por el contrario, se cre\u00f3 toda una terminolog\u00eda mar\u00edtima: Panamax (que tienen unas dimensiones que pueden pasar por las esclusas del canal de Panam\u00e1) y Post Panamax (que no pueden pasar). Curioso, pero es algo que habr\u00e1 que revisar cuando la ampliaci\u00f3n del canal finalice en unos a\u00f1os.<\/div>\n<div style=\"text-align: justify;\"><\/div>\n<div style=\"text-align: justify;\">Todo un proyecto que cambi\u00f3 la fisionom\u00eda de la Tierra, uniendo los dos grandes mares&#8230; a dos alturas diferentes.<\/div>","protected":false},"excerpt":{"rendered":"<p>Hace relativamente poco el Puerto de Algeciras realiz\u00f3 una visita al Canal de Panam\u00e1, punto actualmente geoestrat\u00e9gico imprescindible, pues el punto de uni\u00f3n Atl\u00e1ntico &#8211; Pac\u00edfico por excelencia. No hay otro paso, salvo el terrible Cabo de Hornos y quiz\u00e1s, en alg\u00fan pr\u00f3ximo verano, el paso del norte por causa del deshielo. El caso es que, con motivo de la visita, indagu\u00e9 algo sobre el Canal de Panam\u00e1. \u00c9ste se hizo a primeros del siglo XX (inaugurado en 1914), tiene 77 Km de extremo a extremo y une los dos&hellip;<\/p>","protected":false},"author":1,"featured_media":542,"comment_status":"open","ping_status":"open","sticky":false,"template":"","format":"standard","meta":{"footnotes":""},"categories":[22],"tags":[17],"class_list":["post-424","post","type-post","status-publish","format-standard","has-post-thumbnail","hentry","category-no-puedo-dormir-sin-saber-esto","tag-geografia"],"gutentor_comment":3,"rttpg_featured_image_url":{"full":["https:\/\/mafran.es\/wp-content\/uploads\/2011\/12\/canalpanama02.jpg",200,150,false],"landscape":["https:\/\/mafran.es\/wp-content\/uploads\/2011\/12\/canalpanama02.jpg",200,150,false],"portraits":["https:\/\/mafran.es\/wp-content\/uploads\/2011\/12\/canalpanama02.jpg",200,150,false],"thumbnail":["https:\/\/mafran.es\/wp-content\/uploads\/2011\/12\/canalpanama02-150x150.jpg",150,150,true],"medium":["https:\/\/mafran.es\/wp-content\/uploads\/2011\/12\/canalpanama02.jpg",200,150,false],"large":["https:\/\/mafran.es\/wp-content\/uploads\/2011\/12\/canalpanama02.jpg",200,150,false],"folio":["https:\/\/mafran.es\/wp-content\/uploads\/2011\/12\/canalpanama02.jpg",200,150,false],"1536x1536":["https:\/\/mafran.es\/wp-content\/uploads\/2011\/12\/canalpanama02.jpg",200,150,false],"2048x2048":["https:\/\/mafran.es\/wp-content\/uploads\/2011\/12\/canalpanama02.jpg",200,150,false],"trp-custom-language-flag":["https:\/\/mafran.es\/wp-content\/uploads\/2011\/12\/canalpanama02.jpg",16,12,false],"post-thumbnail":["https:\/\/mafran.es\/wp-content\/uploads\/2011\/12\/canalpanama02.jpg",200,150,false],"sow-carousel-default":["https:\/\/mafran.es\/wp-content\/uploads\/2011\/12\/canalpanama02.jpg",200,150,false]},"rttpg_author":{"display_name":"mafran","author_link":"https:\/\/mafran.es\/en\/author\/mafran\/"},"rttpg_comment":3,"rttpg_category":"<a href=\"https:\/\/mafran.es\/en\/category\/no-puedo-dormir-sin-saber-esto\/\" rel=\"category tag\">No Puedo Dormir Sin Saber Esto<\/a>","rttpg_excerpt":"Hace relativamente poco el Puerto de Algeciras realiz\u00f3 una visita al Canal de Panam\u00e1, punto actualmente geoestrat\u00e9gico imprescindible, pues el punto de uni\u00f3n Atl\u00e1ntico &#8211; Pac\u00edfico por excelencia. No hay otro paso, salvo el terrible Cabo de Hornos y quiz\u00e1s, en alg\u00fan pr\u00f3ximo verano, el paso del norte por causa del deshielo. El caso es&hellip;","_links":{"self":[{"href":"https:\/\/mafran.es\/en\/wp-json\/wp\/v2\/posts\/424","targetHints":{"allow":["GET"]}}],"collection":[{"href":"https:\/\/mafran.es\/en\/wp-json\/wp\/v2\/posts"}],"about":[{"href":"https:\/\/mafran.es\/en\/wp-json\/wp\/v2\/types\/post"}],"author":[{"embeddable":true,"href":"https:\/\/mafran.es\/en\/wp-json\/wp\/v2\/users\/1"}],"replies":[{"embeddable":true,"href":"https:\/\/mafran.es\/en\/wp-json\/wp\/v2\/comments?post=424"}],"version-history":[{"count":2,"href":"https:\/\/mafran.es\/en\/wp-json\/wp\/v2\/posts\/424\/revisions"}],"predecessor-version":[{"id":980,"href":"https:\/\/mafran.es\/en\/wp-json\/wp\/v2\/posts\/424\/revisions\/980"}],"wp:featuredmedia":[{"embeddable":true,"href":"https:\/\/mafran.es\/en\/wp-json\/wp\/v2\/media\/542"}],"wp:attachment":[{"href":"https:\/\/mafran.es\/en\/wp-json\/wp\/v2\/media?parent=424"}],"wp:term":[{"taxonomy":"category","embeddable":true,"href":"https:\/\/mafran.es\/en\/wp-json\/wp\/v2\/categories?post=424"},{"taxonomy":"post_tag","embeddable":true,"href":"https:\/\/mafran.es\/en\/wp-json\/wp\/v2\/tags?post=424"}],"curies":[{"name":"wp","href":"https:\/\/api.w.org\/{rel}","templated":true}]}}