{"id":428,"date":"2010-06-14T07:00:00","date_gmt":"2010-06-14T07:00:00","guid":{"rendered":"http:\/\/mafran.es\/12-notas-irreales\/"},"modified":"2019-10-22T18:00:48","modified_gmt":"2019-10-22T18:00:48","slug":"12-notas-irreales","status":"publish","type":"post","link":"https:\/\/mafran.es\/en\/12-notas-irreales\/","title":{"rendered":"12 notas irreales"},"content":{"rendered":"<p>El origen de esta entrada aparece cuando yo a\u00fan era estudiante de m\u00fasica (qu\u00e9 tiempos aquellos). Hay algunas cosas que se me han quedado marcadas dignas de mi blog.<\/p>\n<p>La primera de ellas es el origen de las notas musicales. Son, como todo el mundo sabe 7: DO-RE-MI-FA-SOL-LA-SI. Lo que ya no sabe todo el mundo es de d\u00f3nde salen esos nombres.<\/p>\n<p>El origen es la escala heptaf\u00f3nica (7 sonidos) que se utilizaba en la edad media y es la base de toda la m\u00fasica occidental. Esas s\u00edlabas tienen su origen en un poema de un monge benedictino Pablo el Di\u00e1cono y dice as\u00ed:<\/p>\n<p>Ut queant laxis<br \/>\nResonare Fibris<br \/>\nMira gestorum<br \/>\nFamuli tuorum<br \/>\nSolve Polluti<br \/>\nLabii reatum<br \/>\nSancte Ioannes<\/p>\n<p>Esta es una de esas cosas absurdas que una vez se aprenden y nunca se olvidan.<\/p>\n<p>La primera s\u00edlaba de cada verso dio origen a las notas, salvo SI, que se utiliz\u00f3 la primera letra de cada palabra del s\u00e9ptimo verso. Tambi\u00e9n, la nota \u00abut\u00bb se cambi\u00f3 por Do posteriormente, para evitar un acabado en la \u00abt\u00bb, que pr\u00e1cticamente impide poderla solfear. Este dato es muy \u00fatil para los crucigramas.<\/p>\n<p>Sobre el nombre de las notas hay una curiosidad que podr\u00e1 comprobarla cualquiera que busque una obra en internet. A veces se puede ver junto al nombre una notaci\u00f3n con una letra may\u00fascula y mayor o menor, indicando la tonalidad de la obra. Es bastante habitual describir la obra con su tonalidad, pero \u00bfpor qu\u00e9 una letra may\u00fascula? Es sencillo: en el sistema ingl\u00e9s (anglosaj\u00f3n) las notas no se llaman como en la parte latina de Europa, sino ordenadas desde la A a la G&#8230; pero empezando por el La. De esta forma la escala brit\u00e1nica se escribe as\u00ed: C-D-E-F-G-A-B.<\/p>\n<p>Pero&#8230; \u00bfy el t\u00edtulo de la entrada? \u00bfA qu\u00e9 viene? Pues s\u00ed, realmente, la m\u00fasica que estamos acostumbrados a escuchar consta de 12 notas: las 7 notas b\u00e1sicas y las notas alteradas (en el piano: 7 teclas blancas y 5 teclas negras). A esta escala se le conoce como dodecaf\u00f3nica, por motivos obvios.<\/p>\n<p>Lo m\u00e1s curioso es que esta escala es directamente falsa en t\u00e9rminos te\u00f3ricos. El sistema musical puro deber\u00eda basarse en un sistema de vibraciones y arm\u00f3nicos (de ah\u00ed la palabra armon\u00eda) de la nota de las que parten todas las dem\u00e1s: el La 3, que seg\u00fan su norma ISO (hay normas para todo, \u00a1por Dios!), se afina en 440 Hz.<\/p>\n<p>El sistema lo analiz\u00f3 Pit\u00e1goras hace bastante tiempo bas\u00e1ndose en un sistema fijo (con la medida 5\/2) y, mucho despu\u00e9s, Zarlino, en el siglo XVI, public\u00f3 un sistema perfecto&#8230; salvo por que no era pr\u00e1ctico. Este sistema se basa en los arm\u00f3nicos de cada nota frente a la nota matriz (la t\u00f3nica), con el problema que cada nota tiene un coeficiente diferente. Esto hace que el Do sostenido no sea el Re bemol, o lo que es lo mismo, aparecen una serie de matices que aumentan las 12 notas en muchas m\u00e1s.<\/p>\n<p>Este sistema es perfecto te\u00f3ricamente, pero s\u00f3lo se puede llevar a la pr\u00e1ctica en aquellos instrumentos de sonido libre, que permiten interpretar todos estos matices (violines, violas, etc). En instrumentos de notas fijas (piano, guitarra) esto no puede hacerse y tuvo que recurrirse a un sistema pr\u00e1ctico&#8230; pero falso: el temperado.<\/p>\n<p>Se desarrollo en el siglo XVIII y Johan Sebastian Bach le di\u00f3 el impulso que necesitaba en su \u00abClave bien temperado\u00bb, en el que usaba este mecanismo de afinaci\u00f3n y ordenaci\u00f3n de los sonidos para sus fugas y preludios.<\/p>\n<p>Actualmente, se encuentra totalmente extendido, pero como se nota casi a simple vista (o\u00eddo, mejor dicho), la gama de matices que ofrece un viol\u00edn no la ofrece un piano&#8230; quiz\u00e1s porque no se basa en 12 notas te\u00f3ricamente&#8230; falsas.<\/p>","protected":false},"excerpt":{"rendered":"<p>El origen de esta entrada aparece cuando yo a\u00fan era estudiante de m\u00fasica (qu\u00e9 tiempos aquellos). Hay algunas cosas que se me han quedado marcadas dignas de mi blog. La primera de ellas es el origen de las notas musicales. Son, como todo el mundo sabe 7: DO-RE-MI-FA-SOL-LA-SI. Lo que ya no sabe todo el mundo es de d\u00f3nde salen esos nombres. El origen es la escala heptaf\u00f3nica (7 sonidos) que se utilizaba en la edad media y es la base de toda la m\u00fasica occidental. Esas s\u00edlabas tienen su&hellip;<\/p>","protected":false},"author":1,"featured_media":535,"comment_status":"open","ping_status":"open","sticky":false,"template":"","format":"standard","meta":{"footnotes":""},"categories":[22],"tags":[20],"class_list":["post-428","post","type-post","status-publish","format-standard","has-post-thumbnail","hentry","category-no-puedo-dormir-sin-saber-esto","tag-musica"],"gutentor_comment":0,"rttpg_featured_image_url":{"full":["https:\/\/mafran.es\/wp-content\/uploads\/2010\/06\/images.jpg",127,149,false],"landscape":["https:\/\/mafran.es\/wp-content\/uploads\/2010\/06\/images.jpg",127,149,false],"portraits":["https:\/\/mafran.es\/wp-content\/uploads\/2010\/06\/images.jpg",127,149,false],"thumbnail":["https:\/\/mafran.es\/wp-content\/uploads\/2010\/06\/images.jpg",127,149,false],"medium":["https:\/\/mafran.es\/wp-content\/uploads\/2010\/06\/images.jpg",127,149,false],"large":["https:\/\/mafran.es\/wp-content\/uploads\/2010\/06\/images.jpg",127,149,false],"folio":["https:\/\/mafran.es\/wp-content\/uploads\/2010\/06\/images.jpg",127,149,false],"1536x1536":["https:\/\/mafran.es\/wp-content\/uploads\/2010\/06\/images.jpg",127,149,false],"2048x2048":["https:\/\/mafran.es\/wp-content\/uploads\/2010\/06\/images.jpg",127,149,false],"trp-custom-language-flag":["https:\/\/mafran.es\/wp-content\/uploads\/2010\/06\/images.jpg",10,12,false],"post-thumbnail":["https:\/\/mafran.es\/wp-content\/uploads\/2010\/06\/images.jpg",127,149,false],"sow-carousel-default":["https:\/\/mafran.es\/wp-content\/uploads\/2010\/06\/images.jpg",127,149,false]},"rttpg_author":{"display_name":"mafran","author_link":"https:\/\/mafran.es\/en\/author\/mafran\/"},"rttpg_comment":0,"rttpg_category":"<a href=\"https:\/\/mafran.es\/en\/category\/no-puedo-dormir-sin-saber-esto\/\" rel=\"category tag\">No Puedo Dormir Sin Saber Esto<\/a>","rttpg_excerpt":"El origen de esta entrada aparece cuando yo a\u00fan era estudiante de m\u00fasica (qu\u00e9 tiempos aquellos). Hay algunas cosas que se me han quedado marcadas dignas de mi blog. La primera de ellas es el origen de las notas musicales. Son, como todo el mundo sabe 7: DO-RE-MI-FA-SOL-LA-SI. Lo que ya no sabe todo el&hellip;","_links":{"self":[{"href":"https:\/\/mafran.es\/en\/wp-json\/wp\/v2\/posts\/428","targetHints":{"allow":["GET"]}}],"collection":[{"href":"https:\/\/mafran.es\/en\/wp-json\/wp\/v2\/posts"}],"about":[{"href":"https:\/\/mafran.es\/en\/wp-json\/wp\/v2\/types\/post"}],"author":[{"embeddable":true,"href":"https:\/\/mafran.es\/en\/wp-json\/wp\/v2\/users\/1"}],"replies":[{"embeddable":true,"href":"https:\/\/mafran.es\/en\/wp-json\/wp\/v2\/comments?post=428"}],"version-history":[{"count":2,"href":"https:\/\/mafran.es\/en\/wp-json\/wp\/v2\/posts\/428\/revisions"}],"predecessor-version":[{"id":977,"href":"https:\/\/mafran.es\/en\/wp-json\/wp\/v2\/posts\/428\/revisions\/977"}],"wp:featuredmedia":[{"embeddable":true,"href":"https:\/\/mafran.es\/en\/wp-json\/wp\/v2\/media\/535"}],"wp:attachment":[{"href":"https:\/\/mafran.es\/en\/wp-json\/wp\/v2\/media?parent=428"}],"wp:term":[{"taxonomy":"category","embeddable":true,"href":"https:\/\/mafran.es\/en\/wp-json\/wp\/v2\/categories?post=428"},{"taxonomy":"post_tag","embeddable":true,"href":"https:\/\/mafran.es\/en\/wp-json\/wp\/v2\/tags?post=428"}],"curies":[{"name":"wp","href":"https:\/\/api.w.org\/{rel}","templated":true}]}}