{"id":430,"date":"2010-05-30T07:00:00","date_gmt":"2010-05-30T07:00:00","guid":{"rendered":"http:\/\/mafran.es\/las-islas-vendidas\/"},"modified":"2019-10-22T17:59:41","modified_gmt":"2019-10-22T17:59:41","slug":"las-islas-vendidas","status":"publish","type":"post","link":"https:\/\/mafran.es\/en\/las-islas-vendidas\/","title":{"rendered":"Las islas vendidas"},"content":{"rendered":"<p>En la primera entrada de este blog describ\u00eda que en el desastre de 1898, Espa\u00f1a, no s\u00f3lo perd\u00eda Cuba, Puerto Rico y Filipinas, sino tambi\u00e9n la isla de Guam.<\/p>\n<p>Sin embargo, ah\u00ed no queda la curiosidad de esa historia. La isla de Guam pertenece al archipi\u00e9lago de las Islas Marianas y, aunque en general no se sepa, Espa\u00f1a manten\u00eda la soberan\u00eda del archipi\u00e9lago despu\u00e9s del tratado con Estados Unidos.<\/p>\n<p>Pero, \u00bfqu\u00e9 fue de esas islas?<\/p>\n<p>Las Marianas fueron descubiertas por Federico de Magallanes en 1521 en la expedici\u00f3n que posteriormente fue la primera en dar la vuelta al mundo. En esa expedici\u00f3n, los nativos de las islas y los espa\u00f1oles sufrieron lo que se dice un malentendido (mientras los espa\u00f1oles cre\u00edan que les ofrec\u00edan comida y agua, los nativos estaban comerciando) que provoc\u00f3 una refriega y la salida precipitada de los espa\u00f1oles. Pero ya las puso en el mapa y en 1667, Espa\u00f1a las reclam\u00f3, poni\u00e9ndole un nombre que no hace referencia la Virgen Mar\u00eda, sino a Mariana de Austria, esposa del rey Felipe IV.<\/p>\n<p>Las islas se mantuvieron bajo soberan\u00eda espa\u00f1ola tras la independencia de las colonias y despu\u00e9s del desastre de 1898, pero tras la p\u00e9rdida de las Filipinas y, sobre todo, tras perder la flota que las defend\u00eda, las islas Marianas se hac\u00edan indefendibles y no era una \u00e9poca precisamente tranquila, as\u00ed que el gobierno espa\u00f1ol, decidi\u00f3 sacar partido y, al menos sacar un dinerillo por ellas.<\/p>\n<p>Hab\u00eda un pa\u00eds deseando tener colonias en esa zona del mundo y \u00e9se era Alemania, as\u00ed que no fue complicado llegar a un acuerdo (Espa\u00f1a no ten\u00eda mucho poder para negociar, as\u00ed que tampoco fue un pacto complicado). En febrero de 1899 se lleg\u00f3 a un acuerdo: 25 millones de pesetas por la venta de los archipi\u00e9lagos de Las Marianas y Las Carolinas, exceptuando, evidentemente, la isla de Guam.<\/p>\n<p>El tratado constaba de 4 puntos, entre los que se manten\u00edan el respeto a las \u00f3rdenes religiosas espa\u00f1olas, se garantizaba el trato a los intereses agr\u00edcolas espa\u00f1oles, se aceptaba un dep\u00f3sito de carb\u00f3n para la armada espa\u00f1ola y se acordaba el precio que antes he mencionado.<\/p>\n<p>Fue firmado por Francisco Silvela en febrero de 1899 y ratificado por la reina regente M\u00aa Cristina ese mismo a\u00f1o.<\/p>\n<p>En ese tratado ya Espa\u00f1a cedi\u00f3 todas sus colonias, salvo las africanas.<\/p>\n<p>Eso s\u00ed, curiosidades de la historia, evit\u00f3 la entrada de Espa\u00f1a en la Primera y, sobre todo, Segunda Guerra Mundial. Algo es algo.<\/p>","protected":false},"excerpt":{"rendered":"<p>En la primera entrada de este blog describ\u00eda que en el desastre de 1898, Espa\u00f1a, no s\u00f3lo perd\u00eda Cuba, Puerto Rico y Filipinas, sino tambi\u00e9n la isla de Guam. Sin embargo, ah\u00ed no queda la curiosidad de esa historia. La isla de Guam pertenece al archipi\u00e9lago de las Islas Marianas y, aunque en general no se sepa, Espa\u00f1a manten\u00eda la soberan\u00eda del archipi\u00e9lago despu\u00e9s del tratado con Estados Unidos. Pero, \u00bfqu\u00e9 fue de esas islas? Las Marianas fueron descubiertas por Federico de Magallanes en 1521 en la expedici\u00f3n que posteriormente&hellip;<\/p>","protected":false},"author":1,"featured_media":531,"comment_status":"open","ping_status":"open","sticky":false,"template":"","format":"standard","meta":{"footnotes":""},"categories":[22],"tags":[10],"class_list":["post-430","post","type-post","status-publish","format-standard","has-post-thumbnail","hentry","category-no-puedo-dormir-sin-saber-esto","tag-historia"],"gutentor_comment":0,"rttpg_featured_image_url":{"full":["https:\/\/mafran.es\/wp-content\/uploads\/2010\/05\/350px-Hispanoasia_1.jpg",200,91,false],"landscape":["https:\/\/mafran.es\/wp-content\/uploads\/2010\/05\/350px-Hispanoasia_1.jpg",200,91,false],"portraits":["https:\/\/mafran.es\/wp-content\/uploads\/2010\/05\/350px-Hispanoasia_1.jpg",200,91,false],"thumbnail":["https:\/\/mafran.es\/wp-content\/uploads\/2010\/05\/350px-Hispanoasia_1-150x91.jpg",150,91,true],"medium":["https:\/\/mafran.es\/wp-content\/uploads\/2010\/05\/350px-Hispanoasia_1.jpg",200,91,false],"large":["https:\/\/mafran.es\/wp-content\/uploads\/2010\/05\/350px-Hispanoasia_1.jpg",200,91,false],"folio":["https:\/\/mafran.es\/wp-content\/uploads\/2010\/05\/350px-Hispanoasia_1.jpg",200,91,false],"1536x1536":["https:\/\/mafran.es\/wp-content\/uploads\/2010\/05\/350px-Hispanoasia_1.jpg",200,91,false],"2048x2048":["https:\/\/mafran.es\/wp-content\/uploads\/2010\/05\/350px-Hispanoasia_1.jpg",200,91,false],"trp-custom-language-flag":["https:\/\/mafran.es\/wp-content\/uploads\/2010\/05\/350px-Hispanoasia_1.jpg",18,8,false],"post-thumbnail":["https:\/\/mafran.es\/wp-content\/uploads\/2010\/05\/350px-Hispanoasia_1.jpg",200,91,false],"sow-carousel-default":["https:\/\/mafran.es\/wp-content\/uploads\/2010\/05\/350px-Hispanoasia_1.jpg",200,91,false]},"rttpg_author":{"display_name":"mafran","author_link":"https:\/\/mafran.es\/en\/author\/mafran\/"},"rttpg_comment":0,"rttpg_category":"<a href=\"https:\/\/mafran.es\/en\/category\/no-puedo-dormir-sin-saber-esto\/\" rel=\"category tag\">No Puedo Dormir Sin Saber Esto<\/a>","rttpg_excerpt":"En la primera entrada de este blog describ\u00eda que en el desastre de 1898, Espa\u00f1a, no s\u00f3lo perd\u00eda Cuba, Puerto Rico y Filipinas, sino tambi\u00e9n la isla de Guam. Sin embargo, ah\u00ed no queda la curiosidad de esa historia. La isla de Guam pertenece al archipi\u00e9lago de las Islas Marianas y, aunque en general no&hellip;","_links":{"self":[{"href":"https:\/\/mafran.es\/en\/wp-json\/wp\/v2\/posts\/430","targetHints":{"allow":["GET"]}}],"collection":[{"href":"https:\/\/mafran.es\/en\/wp-json\/wp\/v2\/posts"}],"about":[{"href":"https:\/\/mafran.es\/en\/wp-json\/wp\/v2\/types\/post"}],"author":[{"embeddable":true,"href":"https:\/\/mafran.es\/en\/wp-json\/wp\/v2\/users\/1"}],"replies":[{"embeddable":true,"href":"https:\/\/mafran.es\/en\/wp-json\/wp\/v2\/comments?post=430"}],"version-history":[{"count":2,"href":"https:\/\/mafran.es\/en\/wp-json\/wp\/v2\/posts\/430\/revisions"}],"predecessor-version":[{"id":975,"href":"https:\/\/mafran.es\/en\/wp-json\/wp\/v2\/posts\/430\/revisions\/975"}],"wp:featuredmedia":[{"embeddable":true,"href":"https:\/\/mafran.es\/en\/wp-json\/wp\/v2\/media\/531"}],"wp:attachment":[{"href":"https:\/\/mafran.es\/en\/wp-json\/wp\/v2\/media?parent=430"}],"wp:term":[{"taxonomy":"category","embeddable":true,"href":"https:\/\/mafran.es\/en\/wp-json\/wp\/v2\/categories?post=430"},{"taxonomy":"post_tag","embeddable":true,"href":"https:\/\/mafran.es\/en\/wp-json\/wp\/v2\/tags?post=430"}],"curies":[{"name":"wp","href":"https:\/\/api.w.org\/{rel}","templated":true}]}}