{"id":431,"date":"2010-05-24T07:00:00","date_gmt":"2010-05-24T07:00:00","guid":{"rendered":"http:\/\/mafran.es\/vayase-usted-a\/"},"modified":"2019-10-22T18:15:05","modified_gmt":"2019-10-22T18:15:05","slug":"vayase-usted-a","status":"publish","type":"post","link":"https:\/\/mafran.es\/en\/vayase-usted-a\/","title":{"rendered":"V\u00e1yase usted al&#8230;"},"content":{"rendered":"<p>Una de las frases que m\u00e1s me ha llamado siempre la atenci\u00f3n es una que se dice con bastante asiduidad y no es precisamente de las m\u00e1s educadas. Es el famoso \u00abVete al carajo\u00bb, que tanto dice alguien que trabaja conmigo.<\/p>\n<p>Pero me llama la atenci\u00f3n porque sabiendo lo que es el carajo (el miembro viril masculino), no tiene sentido la frase, \u00bfirme a qu\u00e9? No encaja mucho.<\/p>\n<p>Sin embargo, la frase tiene su explicaci\u00f3n, y no es tan malsonante como parece.<\/p>\n<p>Su origen es en el entorno marino, ya que en la jerga marinera, el carajo es el palo mayor de un buque (por evidentes similitudes&#8230;) y en su parte m\u00e1s alta hab\u00eda una especie de descansadero donde se enviaban a los marinos a \u00abcumplir penitencia\u00bb.<\/p>\n<p>Era uno de los castigos m\u00e1s habituales en la \u00e9poca de las carabelas y no deb\u00eda ser muy agradable, porque si un barco se mueve en cubierta, no quiero ni pensar lo que se tiene que mover all\u00ed arriba.<\/p>\n<p>A lo que iba. \u00c9se y no otro es el origen de la frase, que se dice, efectivamente, cuando quieres menospreciar o dar signos de disconformidad con alguien y en ese caso, como \u00abcastigo\u00bb, se le manda al carajo.<\/p>\n<p>Pero no es la \u00fanica frase con este origen y que con esta explicaci\u00f3n se entiende mucho mejor. Esta segunda tiene ya todo el rango de refr\u00e1n y dice as\u00ed: \u00abCuando el grajo vuela bajo, hace un fr\u00edo del carajo\u00bb. Aqu\u00ed carajo tambi\u00e9n hace referencia al fr\u00edo que se deb\u00eda de pasar colgado del palo mayor de un barco, cay\u00e9ndote agua salada por todos lados y encima con tormentas y similares. No creo que un marinero de aquellos hayan pasado m\u00e1s fr\u00edo que colgados del carajo, cumpliendo su castigo.<\/p>\n<p>As\u00ed que ya saben, cuando alguien le mande al carajo, no es que le est\u00e9 insultando, es que le est\u00e1 imponiendo un castigo, por \u00abmalo\u00bb y no precisamente de los agradables.<\/p>","protected":false},"excerpt":{"rendered":"<p>Una de las frases que m\u00e1s me ha llamado siempre la atenci\u00f3n es una que se dice con bastante asiduidad y no es precisamente de las m\u00e1s educadas. Es el famoso \u00abVete al carajo\u00bb, que tanto dice alguien que trabaja conmigo. Pero me llama la atenci\u00f3n porque sabiendo lo que es el carajo (el miembro viril masculino), no tiene sentido la frase, \u00bfirme a qu\u00e9? No encaja mucho. Sin embargo, la frase tiene su explicaci\u00f3n, y no es tan malsonante como parece. Su origen es en el entorno marino, ya&hellip;<\/p>","protected":false},"author":1,"featured_media":529,"comment_status":"open","ping_status":"open","sticky":false,"template":"","format":"standard","meta":{"footnotes":""},"categories":[22],"tags":[11],"class_list":["post-431","post","type-post","status-publish","format-standard","has-post-thumbnail","hentry","category-no-puedo-dormir-sin-saber-esto","tag-lenguaje"],"gutentor_comment":1,"rttpg_featured_image_url":{"full":["https:\/\/mafran.es\/wp-content\/uploads\/2010\/05\/images.jpg",146,147,false],"landscape":["https:\/\/mafran.es\/wp-content\/uploads\/2010\/05\/images.jpg",146,147,false],"portraits":["https:\/\/mafran.es\/wp-content\/uploads\/2010\/05\/images.jpg",146,147,false],"thumbnail":["https:\/\/mafran.es\/wp-content\/uploads\/2010\/05\/images.jpg",146,147,false],"medium":["https:\/\/mafran.es\/wp-content\/uploads\/2010\/05\/images.jpg",146,147,false],"large":["https:\/\/mafran.es\/wp-content\/uploads\/2010\/05\/images.jpg",146,147,false],"folio":["https:\/\/mafran.es\/wp-content\/uploads\/2010\/05\/images.jpg",146,147,false],"1536x1536":["https:\/\/mafran.es\/wp-content\/uploads\/2010\/05\/images.jpg",146,147,false],"2048x2048":["https:\/\/mafran.es\/wp-content\/uploads\/2010\/05\/images.jpg",146,147,false],"trp-custom-language-flag":["https:\/\/mafran.es\/wp-content\/uploads\/2010\/05\/images.jpg",12,12,false],"post-thumbnail":["https:\/\/mafran.es\/wp-content\/uploads\/2010\/05\/images.jpg",146,147,false],"sow-carousel-default":["https:\/\/mafran.es\/wp-content\/uploads\/2010\/05\/images.jpg",146,147,false]},"rttpg_author":{"display_name":"mafran","author_link":"https:\/\/mafran.es\/en\/author\/mafran\/"},"rttpg_comment":1,"rttpg_category":"<a href=\"https:\/\/mafran.es\/en\/category\/no-puedo-dormir-sin-saber-esto\/\" rel=\"category tag\">No Puedo Dormir Sin Saber Esto<\/a>","rttpg_excerpt":"Una de las frases que m\u00e1s me ha llamado siempre la atenci\u00f3n es una que se dice con bastante asiduidad y no es precisamente de las m\u00e1s educadas. Es el famoso \u00abVete al carajo\u00bb, que tanto dice alguien que trabaja conmigo. Pero me llama la atenci\u00f3n porque sabiendo lo que es el carajo (el miembro&hellip;","_links":{"self":[{"href":"https:\/\/mafran.es\/en\/wp-json\/wp\/v2\/posts\/431","targetHints":{"allow":["GET"]}}],"collection":[{"href":"https:\/\/mafran.es\/en\/wp-json\/wp\/v2\/posts"}],"about":[{"href":"https:\/\/mafran.es\/en\/wp-json\/wp\/v2\/types\/post"}],"author":[{"embeddable":true,"href":"https:\/\/mafran.es\/en\/wp-json\/wp\/v2\/users\/1"}],"replies":[{"embeddable":true,"href":"https:\/\/mafran.es\/en\/wp-json\/wp\/v2\/comments?post=431"}],"version-history":[{"count":2,"href":"https:\/\/mafran.es\/en\/wp-json\/wp\/v2\/posts\/431\/revisions"}],"predecessor-version":[{"id":1025,"href":"https:\/\/mafran.es\/en\/wp-json\/wp\/v2\/posts\/431\/revisions\/1025"}],"wp:featuredmedia":[{"embeddable":true,"href":"https:\/\/mafran.es\/en\/wp-json\/wp\/v2\/media\/529"}],"wp:attachment":[{"href":"https:\/\/mafran.es\/en\/wp-json\/wp\/v2\/media?parent=431"}],"wp:term":[{"taxonomy":"category","embeddable":true,"href":"https:\/\/mafran.es\/en\/wp-json\/wp\/v2\/categories?post=431"},{"taxonomy":"post_tag","embeddable":true,"href":"https:\/\/mafran.es\/en\/wp-json\/wp\/v2\/tags?post=431"}],"curies":[{"name":"wp","href":"https:\/\/api.w.org\/{rel}","templated":true}]}}