{"id":433,"date":"2010-05-10T07:00:00","date_gmt":"2010-05-10T07:00:00","guid":{"rendered":"http:\/\/mafran.es\/el-rey-efimero\/"},"modified":"2019-10-22T18:14:27","modified_gmt":"2019-10-22T18:14:27","slug":"el-rey-efimero","status":"publish","type":"post","link":"https:\/\/mafran.es\/en\/el-rey-efimero\/","title":{"rendered":"El Rey ef\u00edmero"},"content":{"rendered":"<p>Cuando era peque\u00f1o y jugaba al trivial hab\u00eda una regla en las preguntas sobre reyes franceses: \u00absi no la sabes, di Luis y un n\u00famero hasta el 16\u00bb. Y es cierto, por la cantidad de reyes de ese nombre que tuvo el pa\u00eds vecino.<\/p>\n<p>Sin embargo, en Espa\u00f1a tambi\u00e9n tenemos nuestro Luis y se hizo famoso no precisamente por su reinado, sino, m\u00e1s bien, por la escasez del mismo.<\/p>\n<p>El reinado de Luis I de Espa\u00f1a es como un enclave geogr\u00e1fico: est\u00e1 metido justo en mitad del reinado de su padre, Felipe V y dur\u00f3 muy poco, s\u00f3lo 7 meses, siendo el m\u00e1s corto de todos los reyes espa\u00f1oles (teniendo en cuenta que Felipe el Hermoso realmente era el Rey consorte).<\/p>\n<p>Luis I naci\u00f3 en Madrid y es el primer rey \u00abespa\u00f1ol\u00bb de los Borbones. Lo criaron como rey, cas\u00e1ndolo por conveniencia con s\u00f3lo 15 a\u00f1os con una ni\u00f1a de 12 (Luisa Isabel de Orleans). Ascendi\u00f3 al trono el 16 de enero de 1724 con 17 a\u00f1os, pero s\u00f3lo lleg\u00f3 al 31 de agosto de ese a\u00f1o, porque la viruela, se lo llev\u00f3.<\/p>\n<p>No hizo nada rese\u00f1able, porque adem\u00e1s su padre no dej\u00f3 el trono de forma efectiva y segu\u00eda gobernando en la sombra, probablemente, porque conoc\u00eda su enfermedad y lo poco que durar\u00eda (m\u00e1s o menos as\u00ed se lo dice en la carta en la que abdica en \u00e9l).<\/p>\n<p>Ha habido otros reyes ef\u00edmeros, pero no tanto, como el pobre de Amadeo I, al que nombraron rey las cortes de 1870 y del que antes de llegar (el 2 de enero de 1871) ya no ten\u00eda valedores, pues su principal apoyo, el general Prim, muri\u00f3 asesinado el 30 de diciembre de 1870, mientras \u00e9l viajaba a Espa\u00f1a.<\/p>\n<p>Sufri\u00f3 en sus carnes lo que somos los espa\u00f1oles cuando queremos, una locura. \u00c9l fue el enemigo com\u00fan que tanto nos gusta y dimiti\u00f3 por iniciativa propia el 11 de febrero de 1873 con una frase que pas\u00f3 a la historia: \u00abNo entiendo nada, esto es una jaula de locos\u00bb. En su carta de dimisi\u00f3n, dejaba claro la dificultad de los espa\u00f1oles: no necesitamos el enemigo de fuera, entre nosotros solos nos bastamos. Al fin y al cabo en sus dos a\u00f1os de reinado le sirvi\u00f3 para hacer un an\u00e1lisis muy cr\u00edtico de quienes somos.<\/p>\n<p>Luis I y Amadeo I, dos reyes realmente ef\u00edmeros. Curiosamente nunca se repiti\u00f3 el nombre&#8230; \u00bfsuperstici\u00f3n? Nunca se sabe.<\/p>","protected":false},"excerpt":{"rendered":"<p>Cuando era peque\u00f1o y jugaba al trivial hab\u00eda una regla en las preguntas sobre reyes franceses: \u00absi no la sabes, di Luis y un n\u00famero hasta el 16\u00bb. Y es cierto, por la cantidad de reyes de ese nombre que tuvo el pa\u00eds vecino. Sin embargo, en Espa\u00f1a tambi\u00e9n tenemos nuestro Luis y se hizo famoso no precisamente por su reinado, sino, m\u00e1s bien, por la escasez del mismo. El reinado de Luis I de Espa\u00f1a es como un enclave geogr\u00e1fico: est\u00e1 metido justo en mitad del reinado de su&hellip;<\/p>","protected":false},"author":1,"featured_media":525,"comment_status":"open","ping_status":"open","sticky":false,"template":"","format":"standard","meta":{"footnotes":""},"categories":[22],"tags":[10],"class_list":["post-433","post","type-post","status-publish","format-standard","has-post-thumbnail","hentry","category-no-puedo-dormir-sin-saber-esto","tag-historia"],"gutentor_comment":0,"rttpg_featured_image_url":{"full":["https:\/\/mafran.es\/wp-content\/uploads\/2010\/05\/210px-Luis_I_rey_de_Espa\u00f1a.jpg",153,200,false],"landscape":["https:\/\/mafran.es\/wp-content\/uploads\/2010\/05\/210px-Luis_I_rey_de_Espa\u00f1a.jpg",153,200,false],"portraits":["https:\/\/mafran.es\/wp-content\/uploads\/2010\/05\/210px-Luis_I_rey_de_Espa\u00f1a.jpg",153,200,false],"thumbnail":["https:\/\/mafran.es\/wp-content\/uploads\/2010\/05\/210px-Luis_I_rey_de_Espa\u00f1a-150x150.jpg",150,150,true],"medium":["https:\/\/mafran.es\/wp-content\/uploads\/2010\/05\/210px-Luis_I_rey_de_Espa\u00f1a.jpg",153,200,false],"large":["https:\/\/mafran.es\/wp-content\/uploads\/2010\/05\/210px-Luis_I_rey_de_Espa\u00f1a.jpg",153,200,false],"folio":["https:\/\/mafran.es\/wp-content\/uploads\/2010\/05\/210px-Luis_I_rey_de_Espa\u00f1a.jpg",153,200,false],"1536x1536":["https:\/\/mafran.es\/wp-content\/uploads\/2010\/05\/210px-Luis_I_rey_de_Espa\u00f1a.jpg",153,200,false],"2048x2048":["https:\/\/mafran.es\/wp-content\/uploads\/2010\/05\/210px-Luis_I_rey_de_Espa\u00f1a.jpg",153,200,false],"trp-custom-language-flag":["https:\/\/mafran.es\/wp-content\/uploads\/2010\/05\/210px-Luis_I_rey_de_Espa\u00f1a.jpg",9,12,false],"post-thumbnail":["https:\/\/mafran.es\/wp-content\/uploads\/2010\/05\/210px-Luis_I_rey_de_Espa\u00f1a-153x172.jpg",153,172,true],"sow-carousel-default":["https:\/\/mafran.es\/wp-content\/uploads\/2010\/05\/210px-Luis_I_rey_de_Espa\u00f1a-153x182.jpg",153,182,true]},"rttpg_author":{"display_name":"mafran","author_link":"https:\/\/mafran.es\/en\/author\/mafran\/"},"rttpg_comment":0,"rttpg_category":"<a href=\"https:\/\/mafran.es\/en\/category\/no-puedo-dormir-sin-saber-esto\/\" rel=\"category tag\">No Puedo Dormir Sin Saber Esto<\/a>","rttpg_excerpt":"Cuando era peque\u00f1o y jugaba al trivial hab\u00eda una regla en las preguntas sobre reyes franceses: \u00absi no la sabes, di Luis y un n\u00famero hasta el 16\u00bb. Y es cierto, por la cantidad de reyes de ese nombre que tuvo el pa\u00eds vecino. Sin embargo, en Espa\u00f1a tambi\u00e9n tenemos nuestro Luis y se hizo&hellip;","_links":{"self":[{"href":"https:\/\/mafran.es\/en\/wp-json\/wp\/v2\/posts\/433","targetHints":{"allow":["GET"]}}],"collection":[{"href":"https:\/\/mafran.es\/en\/wp-json\/wp\/v2\/posts"}],"about":[{"href":"https:\/\/mafran.es\/en\/wp-json\/wp\/v2\/types\/post"}],"author":[{"embeddable":true,"href":"https:\/\/mafran.es\/en\/wp-json\/wp\/v2\/users\/1"}],"replies":[{"embeddable":true,"href":"https:\/\/mafran.es\/en\/wp-json\/wp\/v2\/comments?post=433"}],"version-history":[{"count":2,"href":"https:\/\/mafran.es\/en\/wp-json\/wp\/v2\/posts\/433\/revisions"}],"predecessor-version":[{"id":1023,"href":"https:\/\/mafran.es\/en\/wp-json\/wp\/v2\/posts\/433\/revisions\/1023"}],"wp:featuredmedia":[{"embeddable":true,"href":"https:\/\/mafran.es\/en\/wp-json\/wp\/v2\/media\/525"}],"wp:attachment":[{"href":"https:\/\/mafran.es\/en\/wp-json\/wp\/v2\/media?parent=433"}],"wp:term":[{"taxonomy":"category","embeddable":true,"href":"https:\/\/mafran.es\/en\/wp-json\/wp\/v2\/categories?post=433"},{"taxonomy":"post_tag","embeddable":true,"href":"https:\/\/mafran.es\/en\/wp-json\/wp\/v2\/tags?post=433"}],"curies":[{"name":"wp","href":"https:\/\/api.w.org\/{rel}","templated":true}]}}