{"id":436,"date":"2010-04-26T07:00:00","date_gmt":"2010-04-26T07:00:00","guid":{"rendered":"http:\/\/mafran.es\/la-tierra-verde\/"},"modified":"2019-10-22T18:13:20","modified_gmt":"2019-10-22T18:13:20","slug":"la-tierra-verde","status":"publish","type":"post","link":"https:\/\/mafran.es\/en\/la-tierra-verde\/","title":{"rendered":"La tierra verde"},"content":{"rendered":"<p>Siempre me ha llamado la atenci\u00f3n el nombre de Groenlandia para la isla que representa. Y me ha llamado la atenci\u00f3n por que el nombre significa \u00abtierra verde\u00bb (en ingl\u00e9s se llama Greenland, traducci\u00f3n directa del n\u00f3rdico). La cuesti\u00f3n es \u00bfpor qu\u00e9 ese nombre en una isla tan blanquita?<\/p>\n<p>Para eso nos tenemos que remontar a la colonizaci\u00f3n de la isla, realizada por Erik el Rojo en 982, cuando lleg\u00f3 a una isla remot\u00edsima huyendo tras haber matado a un vecino. Se pas\u00f3 tres a\u00f1itos recorriendo la costa y cuando cumpli\u00f3 su condena decidi\u00f3 colonizar la isla, y fue al Islandia a buscar colonos.<\/p>\n<p>Y cuando lleg\u00f3 a Islandia dijo que hab\u00eda descubierto una isla verde y f\u00e9rtil a la que no dud\u00f3 en llamar \u00abtierra verde\u00bb. Groenlandia hab\u00eda nacido.<\/p>\n<p>Y en cierto modo era verdad, porque en aquella \u00e9poca (sobre el a\u00f1o 1000) la tierra era un poco m\u00e1s c\u00e1lida que en la actualidad y efectivamente las costas de Groenlandia eran verdes, muy verdes, por la hierba que crec\u00eda en primavera.<\/p>\n<p>Erik el Rojo consigui\u00f3 hacer una colonia de casi 7.000 personas, y especialmente en el lado oriental (hoy completamente lleno de hielo y casi inhabitado). Es una barbaridad, pues hoy en d\u00eda Groenlandia tiene 80.000 personas, de las que 14.000 viven en su capital (Nuuk), situada en la costa occidental de la isla.<\/p>\n<p>Es conocido que en la edad media hubo un cambio clim\u00e1tico en la tierra y se enfri\u00f3 un poco. Lo justo como para que la costa oriental dejara de estar practicable, y desaparecieran los colonos de la isla. Hasta 1721 no se volvi\u00f3 a colonizar, ya de forma efectiva hasta hoy en d\u00eda. Un dato curioso de este cambio clim\u00e1tico es que en Inglaterra se hac\u00eda vino (y al parecer bueno) en tiempo de los romanos, pero hoy en d\u00eda no es posible, pues el clima es demasiado fr\u00edo para los vi\u00f1edos.<\/p>\n<p>Pero esta \u00abtierra verde\u00bb tiene m\u00e1s cosas para mi blog: es la isla m\u00e1s grande del mundo, s\u00f3lo detr\u00e1s de Australia (que es considerada un continente), tiene s\u00f3lo 4 municipios y una extensi\u00f3n enorme de terreno sin estar asignada a ninguno de ellos y dispone de la menor densidad de poblaci\u00f3n del globo.<\/p>\n<p>Por \u00faltimo, decir que actualmente pertenece a Dinamarca, pero antes de la unificaci\u00f3n de Noruega y Dinamarca de 1536 pertenec\u00eda a Noruega. Cuando en 1905 Noruega consigui\u00f3 la independencia, solicit\u00f3 la anexi\u00f3n de Groenlandia, pero nunca se llev\u00f3 a cabo. En 1921 un ballenero noruego decidi\u00f3 emular a Erik el Rojo y desembarc\u00f3 en la parte oriental de la isla (donde se estableci\u00f3 Erik el Rojo, hoy deshabitada). La Corte Internacional de Justicia fall\u00f3 que la isla era danesa y los civilizados noruegos entonces, lo aceptaron.<\/p>\n<p>As\u00ed que ya sab\u00e9is: Groenlandia es la \u00abtierra verde\u00bb, porque, a pesar de lo que es hoy, parece que efectivamente as\u00ed lo era cuando llegaron los n\u00f3rdicos.<\/p>","protected":false},"excerpt":{"rendered":"<p>Siempre me ha llamado la atenci\u00f3n el nombre de Groenlandia para la isla que representa. Y me ha llamado la atenci\u00f3n por que el nombre significa \u00abtierra verde\u00bb (en ingl\u00e9s se llama Greenland, traducci\u00f3n directa del n\u00f3rdico). La cuesti\u00f3n es \u00bfpor qu\u00e9 ese nombre en una isla tan blanquita? Para eso nos tenemos que remontar a la colonizaci\u00f3n de la isla, realizada por Erik el Rojo en 982, cuando lleg\u00f3 a una isla remot\u00edsima huyendo tras haber matado a un vecino. Se pas\u00f3 tres a\u00f1itos recorriendo la costa y cuando&hellip;<\/p>","protected":false},"author":1,"featured_media":519,"comment_status":"open","ping_status":"open","sticky":false,"template":"","format":"standard","meta":{"footnotes":""},"categories":[22],"tags":[17],"class_list":["post-436","post","type-post","status-publish","format-standard","has-post-thumbnail","hentry","category-no-puedo-dormir-sin-saber-esto","tag-geografia"],"gutentor_comment":0,"rttpg_featured_image_url":{"full":["https:\/\/mafran.es\/wp-content\/uploads\/2010\/04\/200px-Nuukair.jpg",200,133,false],"landscape":["https:\/\/mafran.es\/wp-content\/uploads\/2010\/04\/200px-Nuukair.jpg",200,133,false],"portraits":["https:\/\/mafran.es\/wp-content\/uploads\/2010\/04\/200px-Nuukair.jpg",200,133,false],"thumbnail":["https:\/\/mafran.es\/wp-content\/uploads\/2010\/04\/200px-Nuukair-150x133.jpg",150,133,true],"medium":["https:\/\/mafran.es\/wp-content\/uploads\/2010\/04\/200px-Nuukair.jpg",200,133,false],"large":["https:\/\/mafran.es\/wp-content\/uploads\/2010\/04\/200px-Nuukair.jpg",200,133,false],"folio":["https:\/\/mafran.es\/wp-content\/uploads\/2010\/04\/200px-Nuukair.jpg",200,133,false],"1536x1536":["https:\/\/mafran.es\/wp-content\/uploads\/2010\/04\/200px-Nuukair.jpg",200,133,false],"2048x2048":["https:\/\/mafran.es\/wp-content\/uploads\/2010\/04\/200px-Nuukair.jpg",200,133,false],"trp-custom-language-flag":["https:\/\/mafran.es\/wp-content\/uploads\/2010\/04\/200px-Nuukair.jpg",18,12,false],"post-thumbnail":["https:\/\/mafran.es\/wp-content\/uploads\/2010\/04\/200px-Nuukair.jpg",200,133,false],"sow-carousel-default":["https:\/\/mafran.es\/wp-content\/uploads\/2010\/04\/200px-Nuukair.jpg",200,133,false]},"rttpg_author":{"display_name":"mafran","author_link":"https:\/\/mafran.es\/en\/author\/mafran\/"},"rttpg_comment":0,"rttpg_category":"<a href=\"https:\/\/mafran.es\/en\/category\/no-puedo-dormir-sin-saber-esto\/\" rel=\"category tag\">No Puedo Dormir Sin Saber Esto<\/a>","rttpg_excerpt":"Siempre me ha llamado la atenci\u00f3n el nombre de Groenlandia para la isla que representa. Y me ha llamado la atenci\u00f3n por que el nombre significa \u00abtierra verde\u00bb (en ingl\u00e9s se llama Greenland, traducci\u00f3n directa del n\u00f3rdico). La cuesti\u00f3n es \u00bfpor qu\u00e9 ese nombre en una isla tan blanquita? Para eso nos tenemos que remontar&hellip;","_links":{"self":[{"href":"https:\/\/mafran.es\/en\/wp-json\/wp\/v2\/posts\/436","targetHints":{"allow":["GET"]}}],"collection":[{"href":"https:\/\/mafran.es\/en\/wp-json\/wp\/v2\/posts"}],"about":[{"href":"https:\/\/mafran.es\/en\/wp-json\/wp\/v2\/types\/post"}],"author":[{"embeddable":true,"href":"https:\/\/mafran.es\/en\/wp-json\/wp\/v2\/users\/1"}],"replies":[{"embeddable":true,"href":"https:\/\/mafran.es\/en\/wp-json\/wp\/v2\/comments?post=436"}],"version-history":[{"count":2,"href":"https:\/\/mafran.es\/en\/wp-json\/wp\/v2\/posts\/436\/revisions"}],"predecessor-version":[{"id":1020,"href":"https:\/\/mafran.es\/en\/wp-json\/wp\/v2\/posts\/436\/revisions\/1020"}],"wp:featuredmedia":[{"embeddable":true,"href":"https:\/\/mafran.es\/en\/wp-json\/wp\/v2\/media\/519"}],"wp:attachment":[{"href":"https:\/\/mafran.es\/en\/wp-json\/wp\/v2\/media?parent=436"}],"wp:term":[{"taxonomy":"category","embeddable":true,"href":"https:\/\/mafran.es\/en\/wp-json\/wp\/v2\/categories?post=436"},{"taxonomy":"post_tag","embeddable":true,"href":"https:\/\/mafran.es\/en\/wp-json\/wp\/v2\/tags?post=436"}],"curies":[{"name":"wp","href":"https:\/\/api.w.org\/{rel}","templated":true}]}}