{"id":438,"date":"2010-04-15T07:00:00","date_gmt":"2010-04-15T07:00:00","guid":{"rendered":"http:\/\/mafran.es\/un-escritor-en-negro\/"},"modified":"2019-10-22T18:12:38","modified_gmt":"2019-10-22T18:12:38","slug":"un-escritor-en-negro","status":"publish","type":"post","link":"https:\/\/mafran.es\/en\/un-escritor-en-negro\/","title":{"rendered":"Un escritor en negro"},"content":{"rendered":"<p>Una de mis novelas favoritas siempre fue \u00abEl Conde de Montecristo\u00bb. Me parece una novela genial, que ofrece todo lo que puede ofrecer una gran novela, pero que adem\u00e1s engloba muchas curiosidades en su autor, Alejandro Dumas.<\/p>\n<p>Alejandro Dumas naci\u00f3 en 1802 en Villers-Cotterets (Francia) hijo de un general (Tom\u00e1s Alejandro Dumas) y una esclava negra de Santo Domingo (Marie Cessete Dumas). Esta caracter\u00edstica hizo que el joven Alejandro tuviera un color de piel bastante morenito, con rasgos bastante afroamericanos y muy robusto. Definitivamente, se parec\u00eda a su madre.<\/p>\n<p>Pero su padre era poderoso e influyente y eso hizo que en una sociedad tan racista como la de aquella \u00e9poca, Alejandro tuviera las puertas muy abiertas. De hecho, cuando visit\u00f3 Par\u00eds, en 1823 consigue, gracias a cartas de amigos de su ya difunto padre un trabajo como escribano al servicio del Duque de Orleans.<\/p>\n<p>Sin embargo, era un gran escritor y pronto fue conocido. Su talento le abr\u00eda puertas, pero su f\u00edsico permit\u00eda que se hablara mucho de \u00e9l. Era un punto ex\u00f3tico que el mejor escritor de la \u00e9poca fuera&#8230; negro.<\/p>\n<p>Tanto que era mayor la demanda de obras que ten\u00eda del p\u00fablico que su capacidad de producir obras. Hasta tal punto que contrat\u00f3 diferentes \u00abayudantes\u00bb que escrib\u00edan las obras y despu\u00e9s Dumas retocaba y daba su maestr\u00eda final&#8230; y pon\u00eda su firma, claro.<\/p>\n<p>Incluso hay algunos que se hicieron conocidos por ser los \u00abayudantes\u00bb de Dumas. El m\u00e1s famoso fue Augusto Maquet, que ayud\u00f3 en la escritura de \u00abLos tres mosqueteros\u00bb y \u00abEl Conde de Montecristo\u00bb, sus dos grandes obras.<\/p>\n<p>E incluso, para poder vender m\u00e1s, se le atribu\u00edan obras que \u00e9l realmente no escrib\u00eda, como por ejemplo, \u00abLa mano del muerto\u00bb, segunda parte del Conde de Montecristo que fue escrita por un escritor portugu\u00e9s. En cualquier caso, es evidente que su talento es incuestionable, aunque se dejaba querer con atribuciones no siempre leg\u00edtimas.<\/p>\n<p>Como nota final, decir que desde el gran Alejandro Dumas, los escritores que hacen el trabajo sucio a otros que despu\u00e9s ponen la firma se conocen como \u00abnegros\u00bb&#8230; \u00bfcasualidad?<\/p>","protected":false},"excerpt":{"rendered":"<p>Una de mis novelas favoritas siempre fue \u00abEl Conde de Montecristo\u00bb. Me parece una novela genial, que ofrece todo lo que puede ofrecer una gran novela, pero que adem\u00e1s engloba muchas curiosidades en su autor, Alejandro Dumas. Alejandro Dumas naci\u00f3 en 1802 en Villers-Cotterets (Francia) hijo de un general (Tom\u00e1s Alejandro Dumas) y una esclava negra de Santo Domingo (Marie Cessete Dumas). Esta caracter\u00edstica hizo que el joven Alejandro tuviera un color de piel bastante morenito, con rasgos bastante afroamericanos y muy robusto. Definitivamente, se parec\u00eda a su madre. Pero&hellip;<\/p>","protected":false},"author":1,"featured_media":515,"comment_status":"open","ping_status":"open","sticky":false,"template":"","format":"standard","meta":{"footnotes":""},"categories":[22],"tags":[11],"class_list":["post-438","post","type-post","status-publish","format-standard","has-post-thumbnail","hentry","category-no-puedo-dormir-sin-saber-esto","tag-lenguaje"],"gutentor_comment":0,"rttpg_featured_image_url":{"full":["https:\/\/mafran.es\/wp-content\/uploads\/2010\/04\/200px-Alexandre_Dumas.jpg",165,200,false],"landscape":["https:\/\/mafran.es\/wp-content\/uploads\/2010\/04\/200px-Alexandre_Dumas.jpg",165,200,false],"portraits":["https:\/\/mafran.es\/wp-content\/uploads\/2010\/04\/200px-Alexandre_Dumas.jpg",165,200,false],"thumbnail":["https:\/\/mafran.es\/wp-content\/uploads\/2010\/04\/200px-Alexandre_Dumas-150x150.jpg",150,150,true],"medium":["https:\/\/mafran.es\/wp-content\/uploads\/2010\/04\/200px-Alexandre_Dumas.jpg",165,200,false],"large":["https:\/\/mafran.es\/wp-content\/uploads\/2010\/04\/200px-Alexandre_Dumas.jpg",165,200,false],"folio":["https:\/\/mafran.es\/wp-content\/uploads\/2010\/04\/200px-Alexandre_Dumas.jpg",165,200,false],"1536x1536":["https:\/\/mafran.es\/wp-content\/uploads\/2010\/04\/200px-Alexandre_Dumas.jpg",165,200,false],"2048x2048":["https:\/\/mafran.es\/wp-content\/uploads\/2010\/04\/200px-Alexandre_Dumas.jpg",165,200,false],"trp-custom-language-flag":["https:\/\/mafran.es\/wp-content\/uploads\/2010\/04\/200px-Alexandre_Dumas.jpg",10,12,false],"post-thumbnail":["https:\/\/mafran.es\/wp-content\/uploads\/2010\/04\/200px-Alexandre_Dumas-165x172.jpg",165,172,true],"sow-carousel-default":["https:\/\/mafran.es\/wp-content\/uploads\/2010\/04\/200px-Alexandre_Dumas-165x182.jpg",165,182,true]},"rttpg_author":{"display_name":"mafran","author_link":"https:\/\/mafran.es\/en\/author\/mafran\/"},"rttpg_comment":0,"rttpg_category":"<a href=\"https:\/\/mafran.es\/en\/category\/no-puedo-dormir-sin-saber-esto\/\" rel=\"category tag\">No Puedo Dormir Sin Saber Esto<\/a>","rttpg_excerpt":"Una de mis novelas favoritas siempre fue \u00abEl Conde de Montecristo\u00bb. Me parece una novela genial, que ofrece todo lo que puede ofrecer una gran novela, pero que adem\u00e1s engloba muchas curiosidades en su autor, Alejandro Dumas. Alejandro Dumas naci\u00f3 en 1802 en Villers-Cotterets (Francia) hijo de un general (Tom\u00e1s Alejandro Dumas) y una esclava&hellip;","_links":{"self":[{"href":"https:\/\/mafran.es\/en\/wp-json\/wp\/v2\/posts\/438","targetHints":{"allow":["GET"]}}],"collection":[{"href":"https:\/\/mafran.es\/en\/wp-json\/wp\/v2\/posts"}],"about":[{"href":"https:\/\/mafran.es\/en\/wp-json\/wp\/v2\/types\/post"}],"author":[{"embeddable":true,"href":"https:\/\/mafran.es\/en\/wp-json\/wp\/v2\/users\/1"}],"replies":[{"embeddable":true,"href":"https:\/\/mafran.es\/en\/wp-json\/wp\/v2\/comments?post=438"}],"version-history":[{"count":2,"href":"https:\/\/mafran.es\/en\/wp-json\/wp\/v2\/posts\/438\/revisions"}],"predecessor-version":[{"id":1018,"href":"https:\/\/mafran.es\/en\/wp-json\/wp\/v2\/posts\/438\/revisions\/1018"}],"wp:featuredmedia":[{"embeddable":true,"href":"https:\/\/mafran.es\/en\/wp-json\/wp\/v2\/media\/515"}],"wp:attachment":[{"href":"https:\/\/mafran.es\/en\/wp-json\/wp\/v2\/media?parent=438"}],"wp:term":[{"taxonomy":"category","embeddable":true,"href":"https:\/\/mafran.es\/en\/wp-json\/wp\/v2\/categories?post=438"},{"taxonomy":"post_tag","embeddable":true,"href":"https:\/\/mafran.es\/en\/wp-json\/wp\/v2\/tags?post=438"}],"curies":[{"name":"wp","href":"https:\/\/api.w.org\/{rel}","templated":true}]}}