{"id":441,"date":"2010-04-05T07:00:00","date_gmt":"2010-04-05T07:00:00","guid":{"rendered":"http:\/\/mafran.es\/los-penones-espanoles\/"},"modified":"2019-10-22T18:11:15","modified_gmt":"2019-10-22T18:11:15","slug":"los-penones-espanoles","status":"publish","type":"post","link":"https:\/\/mafran.es\/en\/los-penones-espanoles\/","title":{"rendered":"Los pe\u00f1ones espa\u00f1oles"},"content":{"rendered":"<p>Cuando uno piensa en los pe\u00f1ones espa\u00f1oles, r\u00e1pidamente uno piensa en un par de ellos. El primero es el Pe\u00f1\u00f3n de Gibraltar y el segundo de ellos, ya un poco m\u00e1s escondido es el Pe\u00f1\u00f3n de Ifach, en Alicante.<\/p>\n<p>El Pe\u00f1\u00f3n de Ifach es una roca natural unida con un istmo a tierra y con una altura de 332 metros, y que dadas sus caracter\u00edsticas naturales, fue declarado Parque Natural. El Pe\u00f1\u00f3n, de 41 Ha, est\u00e1 deshabitado y es una de las joyas de la costa alicantina.<\/p>\n<p>Sin embargo, aunque efectivamente Espa\u00f1a tiene dos pe\u00f1ones principales, algo falla. Es evidente que el Pe\u00f1\u00f3n de Gibraltar no est\u00e1 bajo la jurisdicci\u00f3n espa\u00f1ola, pero tenemos un sustituto: el Pe\u00f1\u00f3n de V\u00e9lez de la Gomera.<\/p>\n<p>Este pe\u00f1\u00f3n tiene el nombre de las dos mentiras, porque ni est\u00e1 en V\u00e9lez ni est\u00e1 en la Gomera. Es una roca de s\u00f3lo 87 m de altura y 19.000 m2 situado en el norte de \u00c1frica a casi medio camino entre Ceuta y Melilla. Fue conquistado para Espa\u00f1a en 1508 (\u00a1\u00a1apenas 16 a\u00f1os despu\u00e9s que el reino de Granada!!) y desde entonces ha sufrido varias visicitudes amparadas en las sucesivas guerras en el norte de \u00c1frica.<\/p>\n<p>Como curiosidad decir que est\u00e1 habitado (en su interior hay un regimiento de regulares) y que desde siempre hab\u00eda sido una isla hasta que un terremoto en 1930 uni\u00f3 el Pe\u00f1\u00f3n a tierra a trav\u00e9s de una lengua de arena.<\/p>\n<p>Hay que hacer menci\u00f3n a otro \u00absuplente\u00bb, la isla de Alhucemas. Situado unos 50 Km m\u00e1s al este que el anterior, es otra posesi\u00f3n espa\u00f1ola en el Norte de Africa. Fue cedido a Espa\u00f1a en 1560 y ocupado definitivamente en 1673. T\u00e9cnicamente no es un pe\u00f1on, pues no est\u00e1 unida a tierra, pero es una gran roca cercana a tierra, como si fuera un barco eternamente encallado. Tambi\u00e9n vive un regimiento permanente de regulares.<\/p>\n<p>Por \u00faltimo, ya que estamos, recordar que hay m\u00e1s trocitos de Espa\u00f1a en el Norte de \u00c1frica: Las Islas Chafarinas, La Isla de Albor\u00e1n y el muy famoso Islote Perejil.<\/p>\n<p>Al final, efectivamente Espa\u00f1a tiene un par de pe\u00f1ones, pero no son los que a todos se nos viene a la cabeza&#8230;<\/p>","protected":false},"excerpt":{"rendered":"<p>Cuando uno piensa en los pe\u00f1ones espa\u00f1oles, r\u00e1pidamente uno piensa en un par de ellos. El primero es el Pe\u00f1\u00f3n de Gibraltar y el segundo de ellos, ya un poco m\u00e1s escondido es el Pe\u00f1\u00f3n de Ifach, en Alicante. El Pe\u00f1\u00f3n de Ifach es una roca natural unida con un istmo a tierra y con una altura de 332 metros, y que dadas sus caracter\u00edsticas naturales, fue declarado Parque Natural. El Pe\u00f1\u00f3n, de 41 Ha, est\u00e1 deshabitado y es una de las joyas de la costa alicantina. Sin embargo, aunque&hellip;<\/p>","protected":false},"author":1,"featured_media":508,"comment_status":"open","ping_status":"open","sticky":false,"template":"","format":"standard","meta":{"footnotes":""},"categories":[22],"tags":[],"class_list":["post-441","post","type-post","status-publish","format-standard","has-post-thumbnail","hentry","category-no-puedo-dormir-sin-saber-esto"],"gutentor_comment":0,"rttpg_featured_image_url":{"full":["https:\/\/mafran.es\/wp-content\/uploads\/2010\/04\/300px-Velez_de_la_Gomera.jpg",300,224,false],"landscape":["https:\/\/mafran.es\/wp-content\/uploads\/2010\/04\/300px-Velez_de_la_Gomera.jpg",300,224,false],"portraits":["https:\/\/mafran.es\/wp-content\/uploads\/2010\/04\/300px-Velez_de_la_Gomera.jpg",300,224,false],"thumbnail":["https:\/\/mafran.es\/wp-content\/uploads\/2010\/04\/300px-Velez_de_la_Gomera-150x150.jpg",150,150,true],"medium":["https:\/\/mafran.es\/wp-content\/uploads\/2010\/04\/300px-Velez_de_la_Gomera-300x224.jpg",300,224,true],"large":["https:\/\/mafran.es\/wp-content\/uploads\/2010\/04\/300px-Velez_de_la_Gomera.jpg",300,224,false],"folio":["https:\/\/mafran.es\/wp-content\/uploads\/2010\/04\/300px-Velez_de_la_Gomera.jpg",300,224,false],"1536x1536":["https:\/\/mafran.es\/wp-content\/uploads\/2010\/04\/300px-Velez_de_la_Gomera.jpg",300,224,false],"2048x2048":["https:\/\/mafran.es\/wp-content\/uploads\/2010\/04\/300px-Velez_de_la_Gomera.jpg",300,224,false],"trp-custom-language-flag":["https:\/\/mafran.es\/wp-content\/uploads\/2010\/04\/300px-Velez_de_la_Gomera.jpg",16,12,false],"post-thumbnail":["https:\/\/mafran.es\/wp-content\/uploads\/2010\/04\/300px-Velez_de_la_Gomera-240x172.jpg",240,172,true],"sow-carousel-default":["https:\/\/mafran.es\/wp-content\/uploads\/2010\/04\/300px-Velez_de_la_Gomera-272x182.jpg",272,182,true]},"rttpg_author":{"display_name":"mafran","author_link":"https:\/\/mafran.es\/en\/author\/mafran\/"},"rttpg_comment":0,"rttpg_category":"<a href=\"https:\/\/mafran.es\/en\/category\/no-puedo-dormir-sin-saber-esto\/\" rel=\"category tag\">No Puedo Dormir Sin Saber Esto<\/a>","rttpg_excerpt":"Cuando uno piensa en los pe\u00f1ones espa\u00f1oles, r\u00e1pidamente uno piensa en un par de ellos. El primero es el Pe\u00f1\u00f3n de Gibraltar y el segundo de ellos, ya un poco m\u00e1s escondido es el Pe\u00f1\u00f3n de Ifach, en Alicante. El Pe\u00f1\u00f3n de Ifach es una roca natural unida con un istmo a tierra y con&hellip;","_links":{"self":[{"href":"https:\/\/mafran.es\/en\/wp-json\/wp\/v2\/posts\/441","targetHints":{"allow":["GET"]}}],"collection":[{"href":"https:\/\/mafran.es\/en\/wp-json\/wp\/v2\/posts"}],"about":[{"href":"https:\/\/mafran.es\/en\/wp-json\/wp\/v2\/types\/post"}],"author":[{"embeddable":true,"href":"https:\/\/mafran.es\/en\/wp-json\/wp\/v2\/users\/1"}],"replies":[{"embeddable":true,"href":"https:\/\/mafran.es\/en\/wp-json\/wp\/v2\/comments?post=441"}],"version-history":[{"count":2,"href":"https:\/\/mafran.es\/en\/wp-json\/wp\/v2\/posts\/441\/revisions"}],"predecessor-version":[{"id":1015,"href":"https:\/\/mafran.es\/en\/wp-json\/wp\/v2\/posts\/441\/revisions\/1015"}],"wp:featuredmedia":[{"embeddable":true,"href":"https:\/\/mafran.es\/en\/wp-json\/wp\/v2\/media\/508"}],"wp:attachment":[{"href":"https:\/\/mafran.es\/en\/wp-json\/wp\/v2\/media?parent=441"}],"wp:term":[{"taxonomy":"category","embeddable":true,"href":"https:\/\/mafran.es\/en\/wp-json\/wp\/v2\/categories?post=441"},{"taxonomy":"post_tag","embeddable":true,"href":"https:\/\/mafran.es\/en\/wp-json\/wp\/v2\/tags?post=441"}],"curies":[{"name":"wp","href":"https:\/\/api.w.org\/{rel}","templated":true}]}}