{"id":453,"date":"2010-03-06T11:08:00","date_gmt":"2010-03-06T11:08:00","guid":{"rendered":"http:\/\/mafran.es\/yo-naci-el-13-de-octubre-de-1582\/"},"modified":"2019-10-22T18:07:27","modified_gmt":"2019-10-22T18:07:27","slug":"yo-naci-el-13-de-octubre-de-1582","status":"publish","type":"post","link":"https:\/\/mafran.es\/en\/yo-naci-el-13-de-octubre-de-1582\/","title":{"rendered":"Yo nac\u00ed el 13 de octubre de 1582&#8230; \u00a1\u00a1Mentiroso!!"},"content":{"rendered":"<p>Este post arranca cuando Santi apareci\u00f3 por este mundo. Naci\u00f3 el 15 de Octubre y como no podr\u00eda ser de otra manera, busqu\u00e9 algo sobre ese d\u00eda.<\/p>\n<p>Lo primero que sali\u00f3 fue el Santoral: Santa Teresa de \u00c1vila (o de Jes\u00fas), santa bastante conocida que adem\u00e1s tiene una curiosidad con las fechas muy propia de este blog. Santa Teresa muri\u00f3 el 4 de Octubre y fue enterrada 24 horas despu\u00e9s, el 15 de octubre de 1582.<\/p>\n<p>Pues s\u00ed, precisamente ese d\u00eda (4 de Octubre) fue adoptado el calendario gregoriano en Espa\u00f1a, Portugal, la parte cat\u00f3lica de Polonia e Italia. Ese calendario (posteriormente adoptado por casi todas las naciones europeas) vino a corregir el desfase que se hab\u00eda producido por errores de c\u00e1lculo del calendario juliano y hab\u00eda adelantado el inicio lit\u00fargico de la Pascua que se celebraba el equinoccio de primavera. Aquel a\u00f1o, con el desfase acumulado desde que se instaur\u00f3 el calendario juliano, se produjo el 11 de marzo, 10 d\u00edas antes de lo que dec\u00eda el calendario y hubo que corregirlo suprimiendo 10 d\u00edas del calendario: precisamente del 5 al 14 de octubre de 1582.<\/p>\n<p>Esta reforma conlleva una segunda curiosidad. Los a\u00f1os bisiestos se producen cada 4 a\u00f1os, pero no todos. Recuerdo que mi madre, en alguna clase de ciencias en EGB coment\u00f3 que eran cada 4 a\u00f1os, salvo aquellos que acaban en doble cero. Casi.<\/p>\n<p>Los a\u00f1os bisiestos seg\u00fan la bula Inter Gravissimas (en la que el papa Gregorio XIII instaura el nuevo calendario) ser\u00e1n aquellos a\u00f1os divisibles por cuatro, que no sean divisibles por 100, salvo aquellos cuyas primeras dos cifras tambi\u00e9n sean divisibles por cuatro. Me explico: por norma general cada cuatro a\u00f1os, hay un bisiesto, pero los que acaban en doble cero (1900, 1800, 1700) no lo son. Sin embargo, s\u00ed lo son los que acabando en doble cero, las dos primeras cifras s\u00ed son divisibles por 4 (1600, 2000).<\/p>\n<p>Con esto se consigue ajustar exactamente el a\u00f1o terrestre: 365,2421 d\u00edas. A\u00fan as\u00ed hay un peque\u00f1o desfase que obligar\u00eda a cuadrar un d\u00eda cada 3300 a\u00f1os, pero eso es demasiado tiempo para que se note.<\/p>\n<p>Vamos que si veis que alguien dice que naci\u00f3 el 13 de octubre de 1582, pod\u00e9is llamarlo mentiroso, directamente.<\/p>","protected":false},"excerpt":{"rendered":"<p>Este post arranca cuando Santi apareci\u00f3 por este mundo. Naci\u00f3 el 15 de Octubre y como no podr\u00eda ser de otra manera, busqu\u00e9 algo sobre ese d\u00eda. Lo primero que sali\u00f3 fue el Santoral: Santa Teresa de \u00c1vila (o de Jes\u00fas), santa bastante conocida que adem\u00e1s tiene una curiosidad con las fechas muy propia de este blog. Santa Teresa muri\u00f3 el 4 de Octubre y fue enterrada 24 horas despu\u00e9s, el 15 de octubre de 1582. Pues s\u00ed, precisamente ese d\u00eda (4 de Octubre) fue adoptado el calendario gregoriano en&hellip;<\/p>","protected":false},"author":1,"featured_media":485,"comment_status":"open","ping_status":"open","sticky":false,"template":"","format":"standard","meta":{"footnotes":""},"categories":[22],"tags":[13,10],"class_list":["post-453","post","type-post","status-publish","format-standard","has-post-thumbnail","hentry","category-no-puedo-dormir-sin-saber-esto","tag-astronomia","tag-historia"],"gutentor_comment":2,"rttpg_featured_image_url":{"full":["https:\/\/mafran.es\/wp-content\/uploads\/2010\/03\/calendario_juliano_00.jpg",159,200,false],"landscape":["https:\/\/mafran.es\/wp-content\/uploads\/2010\/03\/calendario_juliano_00.jpg",159,200,false],"portraits":["https:\/\/mafran.es\/wp-content\/uploads\/2010\/03\/calendario_juliano_00.jpg",159,200,false],"thumbnail":["https:\/\/mafran.es\/wp-content\/uploads\/2010\/03\/calendario_juliano_00-150x150.jpg",150,150,true],"medium":["https:\/\/mafran.es\/wp-content\/uploads\/2010\/03\/calendario_juliano_00.jpg",159,200,false],"large":["https:\/\/mafran.es\/wp-content\/uploads\/2010\/03\/calendario_juliano_00.jpg",159,200,false],"folio":["https:\/\/mafran.es\/wp-content\/uploads\/2010\/03\/calendario_juliano_00.jpg",159,200,false],"1536x1536":["https:\/\/mafran.es\/wp-content\/uploads\/2010\/03\/calendario_juliano_00.jpg",159,200,false],"2048x2048":["https:\/\/mafran.es\/wp-content\/uploads\/2010\/03\/calendario_juliano_00.jpg",159,200,false],"trp-custom-language-flag":["https:\/\/mafran.es\/wp-content\/uploads\/2010\/03\/calendario_juliano_00.jpg",10,12,false],"post-thumbnail":["https:\/\/mafran.es\/wp-content\/uploads\/2010\/03\/calendario_juliano_00-159x172.jpg",159,172,true],"sow-carousel-default":["https:\/\/mafran.es\/wp-content\/uploads\/2010\/03\/calendario_juliano_00-159x182.jpg",159,182,true]},"rttpg_author":{"display_name":"mafran","author_link":"https:\/\/mafran.es\/en\/author\/mafran\/"},"rttpg_comment":2,"rttpg_category":"<a href=\"https:\/\/mafran.es\/en\/category\/no-puedo-dormir-sin-saber-esto\/\" rel=\"category tag\">No Puedo Dormir Sin Saber Esto<\/a>","rttpg_excerpt":"Este post arranca cuando Santi apareci\u00f3 por este mundo. Naci\u00f3 el 15 de Octubre y como no podr\u00eda ser de otra manera, busqu\u00e9 algo sobre ese d\u00eda. Lo primero que sali\u00f3 fue el Santoral: Santa Teresa de \u00c1vila (o de Jes\u00fas), santa bastante conocida que adem\u00e1s tiene una curiosidad con las fechas muy propia de&hellip;","_links":{"self":[{"href":"https:\/\/mafran.es\/en\/wp-json\/wp\/v2\/posts\/453","targetHints":{"allow":["GET"]}}],"collection":[{"href":"https:\/\/mafran.es\/en\/wp-json\/wp\/v2\/posts"}],"about":[{"href":"https:\/\/mafran.es\/en\/wp-json\/wp\/v2\/types\/post"}],"author":[{"embeddable":true,"href":"https:\/\/mafran.es\/en\/wp-json\/wp\/v2\/users\/1"}],"replies":[{"embeddable":true,"href":"https:\/\/mafran.es\/en\/wp-json\/wp\/v2\/comments?post=453"}],"version-history":[{"count":2,"href":"https:\/\/mafran.es\/en\/wp-json\/wp\/v2\/posts\/453\/revisions"}],"predecessor-version":[{"id":1002,"href":"https:\/\/mafran.es\/en\/wp-json\/wp\/v2\/posts\/453\/revisions\/1002"}],"wp:featuredmedia":[{"embeddable":true,"href":"https:\/\/mafran.es\/en\/wp-json\/wp\/v2\/media\/485"}],"wp:attachment":[{"href":"https:\/\/mafran.es\/en\/wp-json\/wp\/v2\/media?parent=453"}],"wp:term":[{"taxonomy":"category","embeddable":true,"href":"https:\/\/mafran.es\/en\/wp-json\/wp\/v2\/categories?post=453"},{"taxonomy":"post_tag","embeddable":true,"href":"https:\/\/mafran.es\/en\/wp-json\/wp\/v2\/tags?post=453"}],"curies":[{"name":"wp","href":"https:\/\/api.w.org\/{rel}","templated":true}]}}