{"id":454,"date":"2010-03-04T08:00:00","date_gmt":"2010-03-04T08:00:00","guid":{"rendered":"http:\/\/mafran.es\/conflicto-en-olivenza\/"},"modified":"2019-10-22T18:07:01","modified_gmt":"2019-10-22T18:07:01","slug":"conflicto-en-olivenza","status":"publish","type":"post","link":"https:\/\/mafran.es\/en\/conflicto-en-olivenza\/","title":{"rendered":"Cuesti\u00f3n de Olivenza"},"content":{"rendered":"<p>La historia de hoy comienza en 2003, cuando la CIA en su informe anual de conflictos internacionales de soberan\u00eda incluye, junto a Gibraltar, Gaza, El S\u00e1hara, Kachemira y otras a una peque\u00f1a poblaci\u00f3n de Badajoz, llamada Olivenza.<\/p>\n<p>Esta poblaci\u00f3n est\u00e1 situada a unos 25 Km al sur de Badajoz y tiene unos 12.000 habitantes. En ese momento le pregunt\u00e9 a un amigo y maestro del trabajo, natural de la zona, y me coment\u00f3 que efectivamente a los de Olivenza los llamaban coloquialmente \u00ablos portugueses\u00bb.<\/p>\n<p>Investigando, Olivenza fue portuguesa desde 1297 hasta 1667 y desde 1688 hasta 1801 cuando se produjo una refriega en la zona en el contexto napole\u00f3nico de la \u00e9poca.<\/p>\n<p>Esa refriega, conocida como la Guerra de las Naranjas se produjo precisamente en ese a\u00f1o (1801) y se cerr\u00f3 con el Tratado de Badajoz, en el que Portugal se obligaba a cerrar sus puertos a los ingleses y a cambio Espa\u00f1a devolv\u00eda las villas conquistadas en esa guerra, salvo Olivenza.<\/p>\n<p>Sin embargo, en el tratado de Viena (1815) en el que se fijaban los territorios de Europa tras la derrota de Napole\u00f3n, en su punto 105 se dice \u00abse recomendar\u00e1 eficazmente a Espa\u00f1a que restituya a Portugal la plaza de Olivenza y algunos territorios\u00bb.<\/p>\n<p>Esta recomendaci\u00f3n nunca se llev\u00f3 a efecto y Portugal nunca la ha reconocido como espa\u00f1ola. De hecho, ha seguido manteniendo su reclamaci\u00f3n, conocida como la \u00abCuesti\u00f3n de Olivenza\u00bb, aunque la ha reconocido como espa\u00f1ola de forma t\u00e1cita con la firma en 1977 de un tratado de amistad en el que se reconocen \u00abla inviolabilidad de las fronteras de ambos pa\u00edses\u00bb.<\/p>\n<p>Hoy en d\u00eda, con la Uni\u00f3n Europea no tiene sentido tal reivindicaci\u00f3n, y el propio ministro de asuntos exteriores luso consider\u00f3 en 2003 que la Cuesti\u00f3n de Olivenza estaba \u00abcongelada\u00bb. Pero siempre quedar\u00e1 el dato curioso de una villa de Badajoz jam\u00e1s reconocida por el pa\u00eds vecino.<\/p>","protected":false},"excerpt":{"rendered":"<p>La historia de hoy comienza en 2003, cuando la CIA en su informe anual de conflictos internacionales de soberan\u00eda incluye, junto a Gibraltar, Gaza, El S\u00e1hara, Kachemira y otras a una peque\u00f1a poblaci\u00f3n de Badajoz, llamada Olivenza. Esta poblaci\u00f3n est\u00e1 situada a unos 25 Km al sur de Badajoz y tiene unos 12.000 habitantes. En ese momento le pregunt\u00e9 a un amigo y maestro del trabajo, natural de la zona, y me coment\u00f3 que efectivamente a los de Olivenza los llamaban coloquialmente \u00ablos portugueses\u00bb. Investigando, Olivenza fue portuguesa desde 1297&hellip;<\/p>","protected":false},"author":1,"featured_media":483,"comment_status":"open","ping_status":"open","sticky":false,"template":"","format":"standard","meta":{"footnotes":""},"categories":[22],"tags":[10],"class_list":["post-454","post","type-post","status-publish","format-standard","has-post-thumbnail","hentry","category-no-puedo-dormir-sin-saber-esto","tag-historia"],"gutentor_comment":4,"rttpg_featured_image_url":{"full":["https:\/\/mafran.es\/wp-content\/uploads\/2010\/03\/Olivenza.jpg",150,113,false],"landscape":["https:\/\/mafran.es\/wp-content\/uploads\/2010\/03\/Olivenza.jpg",150,113,false],"portraits":["https:\/\/mafran.es\/wp-content\/uploads\/2010\/03\/Olivenza.jpg",150,113,false],"thumbnail":["https:\/\/mafran.es\/wp-content\/uploads\/2010\/03\/Olivenza-150x113.jpg",150,113,true],"medium":["https:\/\/mafran.es\/wp-content\/uploads\/2010\/03\/Olivenza.jpg",150,113,false],"large":["https:\/\/mafran.es\/wp-content\/uploads\/2010\/03\/Olivenza.jpg",150,113,false],"folio":["https:\/\/mafran.es\/wp-content\/uploads\/2010\/03\/Olivenza.jpg",150,113,false],"1536x1536":["https:\/\/mafran.es\/wp-content\/uploads\/2010\/03\/Olivenza.jpg",150,113,false],"2048x2048":["https:\/\/mafran.es\/wp-content\/uploads\/2010\/03\/Olivenza.jpg",150,113,false],"trp-custom-language-flag":["https:\/\/mafran.es\/wp-content\/uploads\/2010\/03\/Olivenza.jpg",16,12,false],"post-thumbnail":["https:\/\/mafran.es\/wp-content\/uploads\/2010\/03\/Olivenza.jpg",150,113,false],"sow-carousel-default":["https:\/\/mafran.es\/wp-content\/uploads\/2010\/03\/Olivenza.jpg",150,113,false]},"rttpg_author":{"display_name":"mafran","author_link":"https:\/\/mafran.es\/en\/author\/mafran\/"},"rttpg_comment":4,"rttpg_category":"<a href=\"https:\/\/mafran.es\/en\/category\/no-puedo-dormir-sin-saber-esto\/\" rel=\"category tag\">No Puedo Dormir Sin Saber Esto<\/a>","rttpg_excerpt":"La historia de hoy comienza en 2003, cuando la CIA en su informe anual de conflictos internacionales de soberan\u00eda incluye, junto a Gibraltar, Gaza, El S\u00e1hara, Kachemira y otras a una peque\u00f1a poblaci\u00f3n de Badajoz, llamada Olivenza. Esta poblaci\u00f3n est\u00e1 situada a unos 25 Km al sur de Badajoz y tiene unos 12.000 habitantes. En&hellip;","_links":{"self":[{"href":"https:\/\/mafran.es\/en\/wp-json\/wp\/v2\/posts\/454","targetHints":{"allow":["GET"]}}],"collection":[{"href":"https:\/\/mafran.es\/en\/wp-json\/wp\/v2\/posts"}],"about":[{"href":"https:\/\/mafran.es\/en\/wp-json\/wp\/v2\/types\/post"}],"author":[{"embeddable":true,"href":"https:\/\/mafran.es\/en\/wp-json\/wp\/v2\/users\/1"}],"replies":[{"embeddable":true,"href":"https:\/\/mafran.es\/en\/wp-json\/wp\/v2\/comments?post=454"}],"version-history":[{"count":2,"href":"https:\/\/mafran.es\/en\/wp-json\/wp\/v2\/posts\/454\/revisions"}],"predecessor-version":[{"id":1001,"href":"https:\/\/mafran.es\/en\/wp-json\/wp\/v2\/posts\/454\/revisions\/1001"}],"wp:featuredmedia":[{"embeddable":true,"href":"https:\/\/mafran.es\/en\/wp-json\/wp\/v2\/media\/483"}],"wp:attachment":[{"href":"https:\/\/mafran.es\/en\/wp-json\/wp\/v2\/media?parent=454"}],"wp:term":[{"taxonomy":"category","embeddable":true,"href":"https:\/\/mafran.es\/en\/wp-json\/wp\/v2\/categories?post=454"},{"taxonomy":"post_tag","embeddable":true,"href":"https:\/\/mafran.es\/en\/wp-json\/wp\/v2\/tags?post=454"}],"curies":[{"name":"wp","href":"https:\/\/api.w.org\/{rel}","templated":true}]}}