{"id":459,"date":"2010-02-27T06:00:00","date_gmt":"2010-02-27T06:00:00","guid":{"rendered":"http:\/\/mafran.es\/el-primer-ferrocarril-espano\/"},"modified":"2019-10-22T18:05:52","modified_gmt":"2019-10-22T18:05:52","slug":"el-primer-ferrocarril-espano","status":"publish","type":"post","link":"https:\/\/mafran.es\/en\/el-primer-ferrocarril-espano\/","title":{"rendered":"El primer ferrocarril espa\u00f1ol"},"content":{"rendered":"<p>La propuesta de hoy va de trenes antiguos. Comienza la era del ferrocarril en Espa\u00f1a y vamos a contar la historia del primer tren espa\u00f1ol.<\/p>\n<p>El primer tren espa\u00f1ol no fue el Barcelona &#8211; Matar\u00f3, como se suele leer, sino realmente fue el La Habana &#8211; Bejucal, inaugurado en noviembre de 1837.<\/p>\n<p>Esta l\u00ednea de ferrocarril fue construida a iniciativa de un sevillano afincado en Londres, llamado Marcelino Calero y Portocarrero, que durante varios a\u00f1os se dedic\u00f3 a influir en el gobernador de la isla Francisco Dionisio Vives para convencerlo de su idoneidad.<\/p>\n<p>En 1831 fue aprobada por una comisi\u00f3n que presid\u00eda el propio gobernador e inmediatamente comenz\u00f3 la b\u00fasqueda de accionistas para la construcci\u00f3n de la l\u00ednea. Finalmente, tras varios a\u00f1os de negociaciones se consigui\u00f3 el capital necesario y en 1835 se contrat\u00f3 la construcci\u00f3n al cuerpo de ingenieros de los EEUU.<\/p>\n<p>La l\u00ednea no era una l\u00ednea para el tr\u00e1fico de pasajeros, sino para el tr\u00e1fico de mercanc\u00edas de las plantaciones azucareras hasta el puerto de La Habana y constaba de 27 kil\u00f3metros.<\/p>\n<p>Fue un aut\u00e9ntico milagro de la ingenier\u00eda de la \u00e9poca, especialmente por la diferencia en la altura entre un punto y otro. Pero su coste fue demasiado elevado no s\u00f3lo en lo econ\u00f3mico, sino que en su construcci\u00f3n fallecieron 12 personas por kil\u00f3metro y mejor no hablar de las condiciones en las que se trabajaban.<\/p>\n<p>Diez a\u00f1os despu\u00e9s llegar\u00eda el Barcelona &#8211; Matar\u00f3 y el Madrid &#8211; Aranjuez, pero aunque, finalmente la empresa de la l\u00ednea La Habana &#8211; Bejucal fue ruinosa y tuvo que subastarse apenas 4 a\u00f1os despu\u00e9s, queda para la historia el primer tren espa\u00f1ol.<\/p>","protected":false},"excerpt":{"rendered":"<p>La propuesta de hoy va de trenes antiguos. Comienza la era del ferrocarril en Espa\u00f1a y vamos a contar la historia del primer tren espa\u00f1ol. El primer tren espa\u00f1ol no fue el Barcelona &#8211; Matar\u00f3, como se suele leer, sino realmente fue el La Habana &#8211; Bejucal, inaugurado en noviembre de 1837. Esta l\u00ednea de ferrocarril fue construida a iniciativa de un sevillano afincado en Londres, llamado Marcelino Calero y Portocarrero, que durante varios a\u00f1os se dedic\u00f3 a influir en el gobernador de la isla Francisco Dionisio Vives para convencerlo&hellip;<\/p>","protected":false},"author":1,"featured_media":474,"comment_status":"open","ping_status":"open","sticky":false,"template":"","format":"standard","meta":{"footnotes":""},"categories":[22],"tags":[10],"class_list":["post-459","post","type-post","status-publish","format-standard","has-post-thumbnail","hentry","category-no-puedo-dormir-sin-saber-esto","tag-historia"],"gutentor_comment":1,"rttpg_featured_image_url":{"full":["https:\/\/mafran.es\/wp-content\/uploads\/2010\/02\/Ferrocarril.jpg",200,148,false],"landscape":["https:\/\/mafran.es\/wp-content\/uploads\/2010\/02\/Ferrocarril.jpg",200,148,false],"portraits":["https:\/\/mafran.es\/wp-content\/uploads\/2010\/02\/Ferrocarril.jpg",200,148,false],"thumbnail":["https:\/\/mafran.es\/wp-content\/uploads\/2010\/02\/Ferrocarril-150x148.jpg",150,148,true],"medium":["https:\/\/mafran.es\/wp-content\/uploads\/2010\/02\/Ferrocarril.jpg",200,148,false],"large":["https:\/\/mafran.es\/wp-content\/uploads\/2010\/02\/Ferrocarril.jpg",200,148,false],"folio":["https:\/\/mafran.es\/wp-content\/uploads\/2010\/02\/Ferrocarril.jpg",200,148,false],"1536x1536":["https:\/\/mafran.es\/wp-content\/uploads\/2010\/02\/Ferrocarril.jpg",200,148,false],"2048x2048":["https:\/\/mafran.es\/wp-content\/uploads\/2010\/02\/Ferrocarril.jpg",200,148,false],"trp-custom-language-flag":["https:\/\/mafran.es\/wp-content\/uploads\/2010\/02\/Ferrocarril.jpg",16,12,false],"post-thumbnail":["https:\/\/mafran.es\/wp-content\/uploads\/2010\/02\/Ferrocarril.jpg",200,148,false],"sow-carousel-default":["https:\/\/mafran.es\/wp-content\/uploads\/2010\/02\/Ferrocarril.jpg",200,148,false]},"rttpg_author":{"display_name":"mafran","author_link":"https:\/\/mafran.es\/en\/author\/mafran\/"},"rttpg_comment":1,"rttpg_category":"<a href=\"https:\/\/mafran.es\/en\/category\/no-puedo-dormir-sin-saber-esto\/\" rel=\"category tag\">No Puedo Dormir Sin Saber Esto<\/a>","rttpg_excerpt":"La propuesta de hoy va de trenes antiguos. Comienza la era del ferrocarril en Espa\u00f1a y vamos a contar la historia del primer tren espa\u00f1ol. El primer tren espa\u00f1ol no fue el Barcelona &#8211; Matar\u00f3, como se suele leer, sino realmente fue el La Habana &#8211; Bejucal, inaugurado en noviembre de 1837. Esta l\u00ednea de&hellip;","_links":{"self":[{"href":"https:\/\/mafran.es\/en\/wp-json\/wp\/v2\/posts\/459","targetHints":{"allow":["GET"]}}],"collection":[{"href":"https:\/\/mafran.es\/en\/wp-json\/wp\/v2\/posts"}],"about":[{"href":"https:\/\/mafran.es\/en\/wp-json\/wp\/v2\/types\/post"}],"author":[{"embeddable":true,"href":"https:\/\/mafran.es\/en\/wp-json\/wp\/v2\/users\/1"}],"replies":[{"embeddable":true,"href":"https:\/\/mafran.es\/en\/wp-json\/wp\/v2\/comments?post=459"}],"version-history":[{"count":2,"href":"https:\/\/mafran.es\/en\/wp-json\/wp\/v2\/posts\/459\/revisions"}],"predecessor-version":[{"id":998,"href":"https:\/\/mafran.es\/en\/wp-json\/wp\/v2\/posts\/459\/revisions\/998"}],"wp:featuredmedia":[{"embeddable":true,"href":"https:\/\/mafran.es\/en\/wp-json\/wp\/v2\/media\/474"}],"wp:attachment":[{"href":"https:\/\/mafran.es\/en\/wp-json\/wp\/v2\/media?parent=459"}],"wp:term":[{"taxonomy":"category","embeddable":true,"href":"https:\/\/mafran.es\/en\/wp-json\/wp\/v2\/categories?post=459"},{"taxonomy":"post_tag","embeddable":true,"href":"https:\/\/mafran.es\/en\/wp-json\/wp\/v2\/tags?post=459"}],"curies":[{"name":"wp","href":"https:\/\/api.w.org\/{rel}","templated":true}]}}