{"id":462,"date":"2010-02-25T05:38:00","date_gmt":"2010-02-25T05:38:00","guid":{"rendered":"http:\/\/mafran.es\/banderas-y-reyes-ceuta-es-espanola\/"},"modified":"2019-10-22T18:04:46","modified_gmt":"2019-10-22T18:04:46","slug":"banderas-y-reyes-ceuta-es-espanola","status":"publish","type":"post","link":"https:\/\/mafran.es\/en\/banderas-y-reyes-ceuta-es-espanola\/","title":{"rendered":"Banderas y Reyes. Ceuta es espa\u00f1ola."},"content":{"rendered":"<p>En uno de mis viajes por una de mis ciudades favoritas, Lisboa, me llam\u00f3 la atenci\u00f3n que una de las principales avenidas es la Avenida de Ceuta y estaba plagada de la bandera albinegra de la ciudad auton\u00f3mica.<\/p>\n<p>Despu\u00e9s, me di cuenta que es la misma bandera que est\u00e1 en el Ayuntamiento de Lisboa. \u00bfY eso? Pues resulta que s\u00ed, Ceuta y Lisboa comparten bandera y escudo. Curioso. Indagando me resulta un 2&#215;1 para mi blog de noticias curiosas.<\/p>\n<p>El origen de esto se remonta a 1415 cuando el rey de Portugal conquista Ceuta para la causa lusa. Ceuta desde entonces pertenece a Portugal hasta que se produce otra nota curiosa de la historia. En 1580, tras la muerte del Rey Sebasti\u00e1n, Felipe II (s\u00ed, nuestro Felipe II), reclama el reino de Portugal por derecho de sangre y efectivamente es nombrado rey de Portugal como Felipe I. Desde ese momento, Espa\u00f1a y Portugal son dos reinos con un \u00fanico rey, pero no pierden su identidad.<\/p>\n<p>Esto se mantiene as\u00ed hasta que en 1640, Portugal se vuelve a separar de Espa\u00f1a, nombrando rey al Duque que Braganza, tras ganar la batalla de Elva.<\/p>\n<p>Y es en ese momento cuando Ceuta lanza al mundo su voz. Se produce en Ceuta un movimiento popular que dilucida el destino de una ciudad y la ciudad decide ser espa\u00f1ola y no portuguesa. De esta forma Ceuta se incorpora a Espa\u00f1a de forma efectiva en 1640 gracias a la voluntad de sus gentes, que s\u00f3lo pusieron dos condiciones: mantener la bandera y el escudo de Portugal.<\/p>\n<p>As\u00ed, cuando ve\u00e1is la bandera y el escudo ceut\u00ed, recordar que Ceuta fue la primera ciudad que eligi\u00f3 democr\u00e1ticamente (m\u00e1s o menos, que eran otros tiempos) su pais y que esos colores son los de la capital de nuestro pais vecino.<\/p>","protected":false},"excerpt":{"rendered":"<p>En uno de mis viajes por una de mis ciudades favoritas, Lisboa, me llam\u00f3 la atenci\u00f3n que una de las principales avenidas es la Avenida de Ceuta y estaba plagada de la bandera albinegra de la ciudad auton\u00f3mica. Despu\u00e9s, me di cuenta que es la misma bandera que est\u00e1 en el Ayuntamiento de Lisboa. \u00bfY eso? Pues resulta que s\u00ed, Ceuta y Lisboa comparten bandera y escudo. Curioso. Indagando me resulta un 2&#215;1 para mi blog de noticias curiosas. El origen de esto se remonta a 1415 cuando el rey&hellip;<\/p>","protected":false},"author":1,"featured_media":469,"comment_status":"open","ping_status":"open","sticky":false,"template":"","format":"standard","meta":{"footnotes":""},"categories":[22],"tags":[10],"class_list":["post-462","post","type-post","status-publish","format-standard","has-post-thumbnail","hentry","category-no-puedo-dormir-sin-saber-esto","tag-historia"],"gutentor_comment":1,"rttpg_featured_image_url":{"full":["https:\/\/mafran.es\/wp-content\/uploads\/2010\/02\/Bandera-Ceuta.jpg",137,91,false],"landscape":["https:\/\/mafran.es\/wp-content\/uploads\/2010\/02\/Bandera-Ceuta.jpg",137,91,false],"portraits":["https:\/\/mafran.es\/wp-content\/uploads\/2010\/02\/Bandera-Ceuta.jpg",137,91,false],"thumbnail":["https:\/\/mafran.es\/wp-content\/uploads\/2010\/02\/Bandera-Ceuta.jpg",137,91,false],"medium":["https:\/\/mafran.es\/wp-content\/uploads\/2010\/02\/Bandera-Ceuta.jpg",137,91,false],"large":["https:\/\/mafran.es\/wp-content\/uploads\/2010\/02\/Bandera-Ceuta.jpg",137,91,false],"folio":["https:\/\/mafran.es\/wp-content\/uploads\/2010\/02\/Bandera-Ceuta.jpg",137,91,false],"1536x1536":["https:\/\/mafran.es\/wp-content\/uploads\/2010\/02\/Bandera-Ceuta.jpg",137,91,false],"2048x2048":["https:\/\/mafran.es\/wp-content\/uploads\/2010\/02\/Bandera-Ceuta.jpg",137,91,false],"trp-custom-language-flag":["https:\/\/mafran.es\/wp-content\/uploads\/2010\/02\/Bandera-Ceuta.jpg",18,12,false],"post-thumbnail":["https:\/\/mafran.es\/wp-content\/uploads\/2010\/02\/Bandera-Ceuta.jpg",137,91,false],"sow-carousel-default":["https:\/\/mafran.es\/wp-content\/uploads\/2010\/02\/Bandera-Ceuta.jpg",137,91,false]},"rttpg_author":{"display_name":"mafran","author_link":"https:\/\/mafran.es\/en\/author\/mafran\/"},"rttpg_comment":1,"rttpg_category":"<a href=\"https:\/\/mafran.es\/en\/category\/no-puedo-dormir-sin-saber-esto\/\" rel=\"category tag\">No Puedo Dormir Sin Saber Esto<\/a>","rttpg_excerpt":"En uno de mis viajes por una de mis ciudades favoritas, Lisboa, me llam\u00f3 la atenci\u00f3n que una de las principales avenidas es la Avenida de Ceuta y estaba plagada de la bandera albinegra de la ciudad auton\u00f3mica. Despu\u00e9s, me di cuenta que es la misma bandera que est\u00e1 en el Ayuntamiento de Lisboa. \u00bfY&hellip;","_links":{"self":[{"href":"https:\/\/mafran.es\/en\/wp-json\/wp\/v2\/posts\/462","targetHints":{"allow":["GET"]}}],"collection":[{"href":"https:\/\/mafran.es\/en\/wp-json\/wp\/v2\/posts"}],"about":[{"href":"https:\/\/mafran.es\/en\/wp-json\/wp\/v2\/types\/post"}],"author":[{"embeddable":true,"href":"https:\/\/mafran.es\/en\/wp-json\/wp\/v2\/users\/1"}],"replies":[{"embeddable":true,"href":"https:\/\/mafran.es\/en\/wp-json\/wp\/v2\/comments?post=462"}],"version-history":[{"count":2,"href":"https:\/\/mafran.es\/en\/wp-json\/wp\/v2\/posts\/462\/revisions"}],"predecessor-version":[{"id":995,"href":"https:\/\/mafran.es\/en\/wp-json\/wp\/v2\/posts\/462\/revisions\/995"}],"wp:featuredmedia":[{"embeddable":true,"href":"https:\/\/mafran.es\/en\/wp-json\/wp\/v2\/media\/469"}],"wp:attachment":[{"href":"https:\/\/mafran.es\/en\/wp-json\/wp\/v2\/media?parent=462"}],"wp:term":[{"taxonomy":"category","embeddable":true,"href":"https:\/\/mafran.es\/en\/wp-json\/wp\/v2\/categories?post=462"},{"taxonomy":"post_tag","embeddable":true,"href":"https:\/\/mafran.es\/en\/wp-json\/wp\/v2\/tags?post=462"}],"curies":[{"name":"wp","href":"https:\/\/api.w.org\/{rel}","templated":true}]}}