{"id":463,"date":"2010-02-22T19:44:00","date_gmt":"2010-02-22T19:44:00","guid":{"rendered":"http:\/\/mafran.es\/un-lugar-para-perderse-o-no\/"},"modified":"2019-10-22T18:04:27","modified_gmt":"2019-10-22T18:04:27","slug":"un-lugar-para-perderse-o-no","status":"publish","type":"post","link":"https:\/\/mafran.es\/en\/un-lugar-para-perderse-o-no\/","title":{"rendered":"Un lugar para perderse&#8230; o no."},"content":{"rendered":"<p>Cuando a alguien le pregunta cual es el lugar m\u00e1s remoto del mundo, la respuesta casi por inercia es la Isla de Pascua, en el Pac\u00edfico.<\/p>\n<p>La verdad es que est\u00e1 lejos de todo el mundo, pero no es del todo cierto. El lugar m\u00e1s remoto del mundo es una peque\u00f1a isla, que utilizar\u00e9 como tema del d\u00eda.<\/p>\n<p>La isla se llama Bouvet y se encuentra en mitad de ninguna parte, justo cuando el Oc\u00e9ano Glaciar Ant\u00e1rtico deja de ser tal y comienza a ser Oc\u00e9ano Atl\u00e1ntico.<\/p>\n<p>La isla (islote m\u00e1s bien) tiene 49 Km2 (el doble que Ceuta m\u00e1s o menos) y tiene la poblaci\u00f3n m\u00e1s cercana a 2.000 Km (como de Algeciras a Par\u00eds), que es Ciudad del Cabo.<\/p>\n<p>Cuando se descubri\u00f3, el 1 de enero de 1739, por Mr. Bouvet, no la localiz\u00f3 correctamente y expediciones posteriores no dieron con ella. Puede ser el origen de algunas leyendas de islas fantasmas.<\/p>\n<p>Fue redescubierta en 1808 por un ballenero, pero no hubo desembarco en la isla hasta 1822 en el que Benjamin Morrell desembarc\u00f3 para coger algunas focas.<\/p>\n<p>Como curiosidad, decir que la isla pertenece a Noruega (justo en el extremo opuesto del mundo) y que fue el \u00faltimo lugar de la tierra del que se hizo posesi\u00f3n (incluso despu\u00e9s que los polos), pues su toma de posesi\u00f3n efectiva tuvo lugar en 1930.<\/p>\n<p>No vive un alma porque el 99% de su superficie est\u00e1 helada y con glaciares que impiden ning\u00fan asentamiento en ella y \u00fanicamente hay en ella un observatorio atmosf\u00e9rico.<\/p>\n<p>Un lugar id\u00edlico donde pasar las vacaciones&#8230;<\/p>","protected":false},"excerpt":{"rendered":"<p>Cuando a alguien le pregunta cual es el lugar m\u00e1s remoto del mundo, la respuesta casi por inercia es la Isla de Pascua, en el Pac\u00edfico. La verdad es que est\u00e1 lejos de todo el mundo, pero no es del todo cierto. El lugar m\u00e1s remoto del mundo es una peque\u00f1a isla, que utilizar\u00e9 como tema del d\u00eda. La isla se llama Bouvet y se encuentra en mitad de ninguna parte, justo cuando el Oc\u00e9ano Glaciar Ant\u00e1rtico deja de ser tal y comienza a ser Oc\u00e9ano Atl\u00e1ntico. La isla (islote&hellip;<\/p>","protected":false},"author":1,"featured_media":467,"comment_status":"open","ping_status":"open","sticky":false,"template":"","format":"standard","meta":{"footnotes":""},"categories":[22],"tags":[17],"class_list":["post-463","post","type-post","status-publish","format-standard","has-post-thumbnail","hentry","category-no-puedo-dormir-sin-saber-esto","tag-geografia"],"gutentor_comment":0,"rttpg_featured_image_url":{"full":["https:\/\/mafran.es\/wp-content\/uploads\/2010\/02\/Bouvet_aerial_photo.jpg",200,150,false],"landscape":["https:\/\/mafran.es\/wp-content\/uploads\/2010\/02\/Bouvet_aerial_photo.jpg",200,150,false],"portraits":["https:\/\/mafran.es\/wp-content\/uploads\/2010\/02\/Bouvet_aerial_photo.jpg",200,150,false],"thumbnail":["https:\/\/mafran.es\/wp-content\/uploads\/2010\/02\/Bouvet_aerial_photo-150x150.jpg",150,150,true],"medium":["https:\/\/mafran.es\/wp-content\/uploads\/2010\/02\/Bouvet_aerial_photo.jpg",200,150,false],"large":["https:\/\/mafran.es\/wp-content\/uploads\/2010\/02\/Bouvet_aerial_photo.jpg",200,150,false],"folio":["https:\/\/mafran.es\/wp-content\/uploads\/2010\/02\/Bouvet_aerial_photo.jpg",200,150,false],"1536x1536":["https:\/\/mafran.es\/wp-content\/uploads\/2010\/02\/Bouvet_aerial_photo.jpg",200,150,false],"2048x2048":["https:\/\/mafran.es\/wp-content\/uploads\/2010\/02\/Bouvet_aerial_photo.jpg",200,150,false],"trp-custom-language-flag":["https:\/\/mafran.es\/wp-content\/uploads\/2010\/02\/Bouvet_aerial_photo.jpg",16,12,false],"post-thumbnail":["https:\/\/mafran.es\/wp-content\/uploads\/2010\/02\/Bouvet_aerial_photo.jpg",200,150,false],"sow-carousel-default":["https:\/\/mafran.es\/wp-content\/uploads\/2010\/02\/Bouvet_aerial_photo.jpg",200,150,false]},"rttpg_author":{"display_name":"mafran","author_link":"https:\/\/mafran.es\/en\/author\/mafran\/"},"rttpg_comment":0,"rttpg_category":"<a href=\"https:\/\/mafran.es\/en\/category\/no-puedo-dormir-sin-saber-esto\/\" rel=\"category tag\">No Puedo Dormir Sin Saber Esto<\/a>","rttpg_excerpt":"Cuando a alguien le pregunta cual es el lugar m\u00e1s remoto del mundo, la respuesta casi por inercia es la Isla de Pascua, en el Pac\u00edfico. La verdad es que est\u00e1 lejos de todo el mundo, pero no es del todo cierto. El lugar m\u00e1s remoto del mundo es una peque\u00f1a isla, que utilizar\u00e9 como&hellip;","_links":{"self":[{"href":"https:\/\/mafran.es\/en\/wp-json\/wp\/v2\/posts\/463","targetHints":{"allow":["GET"]}}],"collection":[{"href":"https:\/\/mafran.es\/en\/wp-json\/wp\/v2\/posts"}],"about":[{"href":"https:\/\/mafran.es\/en\/wp-json\/wp\/v2\/types\/post"}],"author":[{"embeddable":true,"href":"https:\/\/mafran.es\/en\/wp-json\/wp\/v2\/users\/1"}],"replies":[{"embeddable":true,"href":"https:\/\/mafran.es\/en\/wp-json\/wp\/v2\/comments?post=463"}],"version-history":[{"count":2,"href":"https:\/\/mafran.es\/en\/wp-json\/wp\/v2\/posts\/463\/revisions"}],"predecessor-version":[{"id":994,"href":"https:\/\/mafran.es\/en\/wp-json\/wp\/v2\/posts\/463\/revisions\/994"}],"wp:featuredmedia":[{"embeddable":true,"href":"https:\/\/mafran.es\/en\/wp-json\/wp\/v2\/media\/467"}],"wp:attachment":[{"href":"https:\/\/mafran.es\/en\/wp-json\/wp\/v2\/media?parent=463"}],"wp:term":[{"taxonomy":"category","embeddable":true,"href":"https:\/\/mafran.es\/en\/wp-json\/wp\/v2\/categories?post=463"},{"taxonomy":"post_tag","embeddable":true,"href":"https:\/\/mafran.es\/en\/wp-json\/wp\/v2\/tags?post=463"}],"curies":[{"name":"wp","href":"https:\/\/api.w.org\/{rel}","templated":true}]}}